{"id":998,"date":"2021-02-18T12:23:01","date_gmt":"2021-02-18T12:23:01","guid":{"rendered":"http:\/\/nachoescartin.es\/?p=998"},"modified":"2021-02-18T12:23:01","modified_gmt":"2021-02-18T12:23:01","slug":"1-ano-sin-una-mochila-de-200-kilos","status":"publish","type":"post","link":"https:\/\/nachoescartin.es\/an\/1-ano-sin-una-mochila-de-200-kilos\/","title":{"rendered":"1 a\u00f1o sin una mochila de 200 kilos"},"content":{"rendered":"<p>Hoy hace justo <strong>1 a\u00f1o<\/strong> que el Consejo Coordinador Estatal de PODEMOS <a href=\"https:\/\/nachoescartin.es\/an\/ya-no-soy-secretario-general-de-podemos-aragon-y-ahora-que\/\">impon\u00eda una gestora de 8 personas en Arag\u00f3n y destitu\u00eda el Consejo Ciudadano Auton\u00f3mico<\/a>.<\/p>\n<p>\u00a1Y menudo a\u00f1ico hemos pasado! Con <strong>honestidad y serenidad<\/strong>, sin rencor y con \u00e1nimo constructivo, quiero compartir algunas reflexiones personales de lo que ha sido para m\u00ed este a\u00f1o.<\/p>\n<p>Estuve 2 a\u00f1os y 4 meses como Secretario General de PODEMOS Arag\u00f3n, <strong>elegido democr\u00e1ticamente<\/strong> en octubre de 2017 en primarias abiertas. Hasta febrero de 2020, fue un tiempo muy intenso, con reuniones constantes, visitas a muchos pueblos de Arag\u00f3n, Consejos Ciudadanos en Madrid y encuentros con compas de otras comunidades aut\u00f3nomas. Tuve el honor de disfrutar en vivo con la moci\u00f3n de censura a Rajoy y la conformaci\u00f3n del nuevo Gobierno de Espa\u00f1a. Y, por supuesto, <strong>hubo errores<\/strong>. En Arag\u00f3n vivimos las dificultades de hacer listas municipales, las tensiones internas y las luchas de poder en los \u201cespacios del cambio\u201d. Sobre todo, estoy contento de haber llevado a Madrid propuestas y una voz aragonesa y, a pesar del mal resultado electoral, haber conseguido conformar un <strong>Gobierno de Arag\u00f3n alternativo al de las derechas<\/strong>, con un refrendo enorme de las bases de PODEMOS Arag\u00f3n y desde el que demostramos que se pueden hacer las cosas de otra forma, buscando el bienestar de la mayor\u00eda, intentando mejorar los servicios p\u00fablicos y poniendo en marcha acciones que sin nosotros dentro no se har\u00edan ni en sue\u00f1os.<\/p>\n<p>Por delante queda much\u00edsimo trabajo, para que todo nuestro esfuerzo colectivo se concrete en <strong>m\u00e1s mejoras de la vida de la mayor\u00eda<\/strong> y, al mismo tiempo, para construir un espacio pol\u00edtico en el que quepa <strong>mucha m\u00e1s gente por la igualdad y la justicia social y ambiental<\/strong>. Desgraciadamente, <strong>la oligarqu\u00eda y el caciquismo<\/strong> que ya criticaba Costa hace 120 a\u00f1os sigue siendo un muro a nuestros anhelos de democracia real.<\/p>\n<p>A nivel personal, mi destituci\u00f3n como Secretario General la sent\u00ed <strong>como si me quitaran de sopet\u00f3n una mochila de 200 kilos<\/strong>, una pesada carga con la que no me sent\u00eda a gusto y sin la cual lucho con m\u00e1s libertad y eficacia. Desde entonces, sigo en contacto con much\u00edsima gente y colectivos, que me traslad\u00e1is vuestros puntos de vista, propuestas y necesidades. A pesar de la distancia por la pandemia, las redes sociales y el tel\u00e9fono nos han permitido seguir implicados en luchas y faenas transformadoras. Y, al mismo tiempo (y lo digo con somardoner\u00eda) esta pandemia ha sido la excusa perfecta para alejarme de personas con las que no flu\u00eda. No hay mal que por bien no venga.<\/p>\n<p>Como ya sab\u00eda, <strong>el liderazgo no lo da un cargo, sino una actitud ante la vida<\/strong>. El factor humano en pol\u00edtica es s\u00faper importante y para alcanzar cambios relevantes necesitamos mucha m\u00e1s gente empujando, un liderazgo compartido, con el poder mucho m\u00e1s distribuido, apoyo mutuo y generosidad.<\/p>\n<p>\u00bfSufr\u00ed con esta purga? Muy poco. Ya lo dije entonces y lo digo un a\u00f1o despu\u00e9s. Con la que est\u00e1 cayendo, como para hacer dramas inf\u00e9rtiles con estas luchas de poder en los partidos. No soy un pardillo como para no saber qu\u00e9 intereses hubo detr\u00e1s de esos movimientos, pero \u00bfqu\u00e9 m\u00e1s da eso ahora? Lo importante hoy y en donde debemos echar el resto, es en <strong>ser \u00fatiles y encontrar soluciones<\/strong> y alternativas para unas vidas que merezcan la pena ser vividas, en un momento sanitario, social, econ\u00f3mico y ambiental muy complejo, con muchas amenazas y, al mismo tiempo, con posibilidades y oportunidades hacia propuestas valientes que giren el rumbo de nuestra propia historia.<\/p>\n<p>En estos a\u00f1os estoy conociendo las instituciones a fondo, estoy constatando la anomal\u00eda democr\u00e1tica que supone que casi todos los cargos p\u00fablicos en cualquier administraci\u00f3n pasan por los filtros de <strong>partidos<\/strong>, organizaciones que manejan muy pocas personas y cuyas decisiones a menudo tienen m\u00e1s que ver con el <strong>clientelismo<\/strong> que con el sentido com\u00fan de la sociedad. Y de ah\u00ed vienen las colocaciones a dedo que dejan fuera a personas con muchas capacidades y m\u00e9ritos. Sobre todo esto estoy leyendo, pensando y debatiendo y tal vez alg\u00fan d\u00eda, no muy lejano, compartamos algo m\u00e1s elaborado para avanzar hacia esa <strong>democracia real y directa<\/strong>\u00a0que anhelamos y que debemos construir y cuidar desde abajo y con inteligencia colectiva.<\/p>\n<p>En marzo lleg\u00f3 la pandemia y he tratado de implicarme y estar siempre <strong>dispuesto para ayudar<\/strong> a todas las personas y colectivos que me han necesitado, en lo cercano (mi familia, en mi pueblo, con la gente que me contacta) y en lo com\u00fan (con nuestra labor para aprobar mejores leyes y presupuestos). He podido estar y atender a mi familia y seres queridos, en esta \u00e9poca tan complicada y en la que me necesitan especialmente.<\/p>\n<p>En el plano pol\u00edtico, decid\u00ed volver a presentarme a las Primarias de PODEMOS Arag\u00f3n de forma individual, por libre, sin formar parte de ninguna lista, y <strong>volv\u00ed a ser elegido como independiente por las personas inscritas<\/strong>. Para m\u00ed fue un peque\u00f1o gesto de \u201cjusticia po\u00e9tica\u201d porque me dijeron que era la primera vez que alguien lograba ser elegido en PODEMOS de esta forma. En las Cortes de Arag\u00f3n sigo con entusiasmo y rasmia, de diputado en el rol de <strong>Portavoz<\/strong> de nuestro Grupo Parlamentario de PODEMOS EQUO, labor que intento hacer lo mejor que s\u00e9, comunicando nuestras propuestas, an\u00e1lisis y acciones pol\u00edticas, y en la faena constante de coordinaci\u00f3n, di\u00e1logo y acuerdos con los grupos del Gobierno de Arag\u00f3n y en el parlamento aragon\u00e9s. Nos os voy a negar que me pone y me esmero especialmente en la confrontaci\u00f3n directa y con argumentos frente a las mentiras, manipulaciones y discursos de odio de una ultraderecha que ataca y amenaza nuestros derechos y libertades.<\/p>\n<p><strong>Mi trabajo actual me gusta, como siempre lo he sentido: para un rato<\/strong>. No concibo la pol\u00edtica como profesi\u00f3n de llegada y mucho menos como forma para vivir de las instituciones. Es una labor noble, por la que mucha m\u00e1s gente deber\u00eda pasar, pero para un tiempo determinado. Y as\u00ed ser\u00e1 en mi caso. El futuro no est\u00e1 escrito y yo vivo el presente, as\u00ed que vayamos paso a paso. Hoy sigo muy implicado en los temas que m\u00e1s conozco y me importan: ruralidad y ecologismo social, sobre todos, y propuestas concretas para transici\u00f3n energ\u00e9tica, movilidad sostenible, econom\u00eda solidaria, trabajos dignos, derecho a la vivienda, convivencia, solidaridad, etc.<\/p>\n<p>Creo que en nuestros espacios del cambio <strong>es la hora de hacer balance y autocr\u00edtica<\/strong>, de evaluar con serenidad este ciclo pol\u00edtico y asentar las bases de la siguiente etapa. Esto requiere confianza en nosotros mismos, empat\u00eda y ganas de volver a recuperar con mucha m\u00e1s gente un espacio del cambio que no ha sido todo lo potente que nos hubiera gustado. Nadie dijo que fuera f\u00e1cil. Mi idea de la pol\u00edtica pasa por la participaci\u00f3n de muchas personas, con sus puntos de vista, tensiones, anhelos y conflictos. Al igual que a m\u00ed no me gusta que dise\u00f1en en Madrid c\u00f3mo tenemos qu\u00e9 funcionar aqu\u00ed, requerimos de una implicaci\u00f3n colectiva para construir aqu\u00ed la herramienta que necesitamos. No perdamos m\u00e1s tiempo. Nos hace falta <strong>recoger el sentido com\u00fan de much\u00edsima gente<\/strong> que espera mucho m\u00e1s de la pol\u00edtica y de quienes asumen un rol p\u00fablico y a quienes hemos de exigir eficacia y esfuerzo. Necesitamos <strong>referentes positivos<\/strong>, ejemplos sociales que animen a implicarnos y comprometernos. Yo aspiro a serlo, intentando hacer mi trabajo lo mejor posible, con honestidad constancia, coherencia y siempre abierto a vuestras aportaciones, comentarios, afecto y cr\u00edtica. Por todo, gracias. Seguimos.<\/p>","protected":false},"excerpt":{"rendered":"<p>Hoy hace justo 1 a\u00f1o que el Consejo Coordinador Estatal de PODEMOS impon\u00eda una gestora de 8 personas en Arag\u00f3n [&hellip;]<\/p>\n","protected":false},"author":1,"featured_media":999,"comment_status":"open","ping_status":"closed","sticky":false,"template":"","format":"standard","meta":{"site-sidebar-layout":"default","site-content-layout":"","ast-site-content-layout":"default","site-content-style":"default","site-sidebar-style":"default","ast-global-header-display":"","ast-banner-title-visibility":"","ast-main-header-display":"","ast-hfb-above-header-display":"","ast-hfb-below-header-display":"","ast-hfb-mobile-header-display":"","site-post-title":"","ast-breadcrumbs-content":"","ast-featured-img":"","footer-sml-layout":"","ast-disable-related-posts":"","theme-transparent-header-meta":"","adv-header-id-meta":"","stick-header-meta":"","header-above-stick-meta":"","header-main-stick-meta":"","header-below-stick-meta":"","astra-migrate-meta-layouts":"default","ast-page-background-enabled":"default","ast-page-background-meta":{"desktop":{"background-color":"","background-image":"","background-repeat":"repeat","background-position":"center center","background-size":"auto","background-attachment":"scroll","background-type":"","background-media":"","overlay-type":"","overlay-color":"","overlay-opacity":"","overlay-gradient":""},"tablet":{"background-color":"","background-image":"","background-repeat":"repeat","background-position":"center center","background-size":"auto","background-attachment":"scroll","background-type":"","background-media":"","overlay-type":"","overlay-color":"","overlay-opacity":"","overlay-gradient":""},"mobile":{"background-color":"","background-image":"","background-repeat":"repeat","background-position":"center center","background-size":"auto","background-attachment":"scroll","background-type":"","background-media":"","overlay-type":"","overlay-color":"","overlay-opacity":"","overlay-gradient":""}},"ast-content-background-meta":{"desktop":{"background-color":"var(--ast-global-color-5)","background-image":"","background-repeat":"repeat","background-position":"center center","background-size":"auto","background-attachment":"scroll","background-type":"","background-media":"","overlay-type":"","overlay-color":"","overlay-opacity":"","overlay-gradient":""},"tablet":{"background-color":"var(--ast-global-color-5)","background-image":"","background-repeat":"repeat","background-position":"center center","background-size":"auto","background-attachment":"scroll","background-type":"","background-media":"","overlay-type":"","overlay-color":"","overlay-opacity":"","overlay-gradient":""},"mobile":{"background-color":"var(--ast-global-color-5)","background-image":"","background-repeat":"repeat","background-position":"center center","background-size":"auto","background-attachment":"scroll","background-type":"","background-media":"","overlay-type":"","overlay-color":"","overlay-opacity":"","overlay-gradient":""}},"_joinchat":[],"footnotes":""},"categories":[24,25,23],"tags":[383,28,384,385,80,49,86],"class_list":["post-998","post","type-post","status-publish","format-standard","has-post-thumbnail","hentry","category-desbrozando","category-enredando","category-sembrando","tag-analisis","tag-aragon","tag-honestidad","tag-instituciones","tag-nacho-escartin","tag-podemos","tag-politica"],"_links":{"self":[{"href":"https:\/\/nachoescartin.es\/an\/wp-json\/wp\/v2\/posts\/998","targetHints":{"allow":["GET"]}}],"collection":[{"href":"https:\/\/nachoescartin.es\/an\/wp-json\/wp\/v2\/posts"}],"about":[{"href":"https:\/\/nachoescartin.es\/an\/wp-json\/wp\/v2\/types\/post"}],"author":[{"embeddable":true,"href":"https:\/\/nachoescartin.es\/an\/wp-json\/wp\/v2\/users\/1"}],"replies":[{"embeddable":true,"href":"https:\/\/nachoescartin.es\/an\/wp-json\/wp\/v2\/comments?post=998"}],"version-history":[{"count":0,"href":"https:\/\/nachoescartin.es\/an\/wp-json\/wp\/v2\/posts\/998\/revisions"}],"wp:featuredmedia":[{"embeddable":true,"href":"https:\/\/nachoescartin.es\/an\/wp-json\/wp\/v2\/media\/999"}],"wp:attachment":[{"href":"https:\/\/nachoescartin.es\/an\/wp-json\/wp\/v2\/media?parent=998"}],"wp:term":[{"taxonomy":"category","embeddable":true,"href":"https:\/\/nachoescartin.es\/an\/wp-json\/wp\/v2\/categories?post=998"},{"taxonomy":"post_tag","embeddable":true,"href":"https:\/\/nachoescartin.es\/an\/wp-json\/wp\/v2\/tags?post=998"}],"curies":[{"name":"wp","href":"https:\/\/api.w.org\/{rel}","templated":true}]}}