{"id":989,"date":"2021-02-07T18:11:14","date_gmt":"2021-02-07T18:11:14","guid":{"rendered":"http:\/\/nachoescartin.es\/?p=989"},"modified":"2021-02-07T18:11:14","modified_gmt":"2021-02-07T18:11:14","slug":"el-peon-de-paco-cerda","status":"publish","type":"post","link":"https:\/\/nachoescartin.es\/an\/el-peon-de-paco-cerda\/","title":{"rendered":"\u201cEl pe\u00f3n\u201d de Paco Cerd\u00e0"},"content":{"rendered":"<p>Este libro es, ni m\u00e1s ni menos, el Libro del a\u00f1o 2020 de la Librer\u00eda C\u00e1lamo. Y eso es mucho. Va en primer lugar mi felicitaci\u00f3n a mi librer\u00eda zaragozana de referencia y mi agradecimiento a sus lectores por haber votado este estupendo libro, editado por Pepitas de Calabaza.<\/p>\n<p>\u201cEl pe\u00f3n\u201d va de ajedrez y, sobre todo, va de peones, de personas que se saben peones, que tal vez sue\u00f1an con convertirse en damas, pero siempre saben en qu\u00e9 bando est\u00e1n y qu\u00e9 rol juegan. Siempre hacia adelante, antifascistas, pacifistas o defensores de las libertades, por debajo de otras piezas, caballos, alfiles, torres, damas y reyes.<\/p>\n<p>El pe\u00f3n protagonista del libro es Arturito Pomar, nuestro pobre cartero espa\u00f1ol, temprano fuera de serie en el ajedrez, y como otros ni\u00f1os rotos de la canci\u00f3n o del cine, relegados al ostracismo en un \u201cpa\u00eds cainita y desagradecido que abandon\u00f3 a su ni\u00f1o prodigio\u201d.<\/p>\n<p>En paralelo a nuestro mejor ajedrecista durante los pesados a\u00f1os del franquismo, otro pe\u00f3n de la Guerra Fr\u00eda, jugador sensacional, Bobby Fischer, procedente de un mundo lejano, Estados Unidos, con una ambici\u00f3n que le lleva a ser el n\u00famero 1 del mundo (en tablas con nuestro Arturito) y, a continuaci\u00f3n, un renegado de su rol imperial y perseguido por sus rebeld\u00edas y desacatos.<\/p>\n<p>Paco Cerd\u00e0 alterna la rese\u00f1a de la m\u00edtica partida entre ambos en Estocolmo en 1962, con una minuciosa cr\u00f3nica de sus dos vidas y un collage diverso de personas que durante esos a\u00f1os se implicaron en las luchas antifascistas o por los derechos civiles. Juli\u00e1n Grimau, Gary Powers, \u201cCaracremada\u201d, Robert F. Williams, Rom\u00e1n Alonso Urdiales, Ronald Stokes o Marcos Ana son algunos de esos peones. Quiz\u00e1s echemos en falta alguna mujer pe\u00f3n (o peona).<\/p>\n<p>As\u00ed, este libro es un tributo al compromiso y la implicaci\u00f3n personal, a la tenacidad y constancia de muchas personas diversas que lucharon y luchan por un mundo mejor, desde un bando determinado, delimitado y marcado, negras o blancas,. Aunque peones y reyes \u201cnunca se cruzan pese a compartir tablero o bando\u201d\u2026 \u201cuna vez terminado el juego, el rey y el pe\u00f3n vuelven a la misma caja\u201d.<\/p>","protected":false},"excerpt":{"rendered":"<p>Este libro es, ni m\u00e1s ni menos, el Libro del a\u00f1o 2020 de la Librer\u00eda C\u00e1lamo. Y eso es mucho. [&hellip;]<\/p>\n","protected":false},"author":1,"featured_media":990,"comment_status":"open","ping_status":"closed","sticky":false,"template":"","format":"standard","meta":{"site-sidebar-layout":"default","site-content-layout":"","ast-site-content-layout":"default","site-content-style":"default","site-sidebar-style":"default","ast-global-header-display":"","ast-banner-title-visibility":"","ast-main-header-display":"","ast-hfb-above-header-display":"","ast-hfb-below-header-display":"","ast-hfb-mobile-header-display":"","site-post-title":"","ast-breadcrumbs-content":"","ast-featured-img":"","footer-sml-layout":"","ast-disable-related-posts":"","theme-transparent-header-meta":"","adv-header-id-meta":"","stick-header-meta":"","header-above-stick-meta":"","header-main-stick-meta":"","header-below-stick-meta":"","astra-migrate-meta-layouts":"default","ast-page-background-enabled":"default","ast-page-background-meta":{"desktop":{"background-color":"","background-image":"","background-repeat":"repeat","background-position":"center center","background-size":"auto","background-attachment":"scroll","background-type":"","background-media":"","overlay-type":"","overlay-color":"","overlay-opacity":"","overlay-gradient":""},"tablet":{"background-color":"","background-image":"","background-repeat":"repeat","background-position":"center center","background-size":"auto","background-attachment":"scroll","background-type":"","background-media":"","overlay-type":"","overlay-color":"","overlay-opacity":"","overlay-gradient":""},"mobile":{"background-color":"","background-image":"","background-repeat":"repeat","background-position":"center center","background-size":"auto","background-attachment":"scroll","background-type":"","background-media":"","overlay-type":"","overlay-color":"","overlay-opacity":"","overlay-gradient":""}},"ast-content-background-meta":{"desktop":{"background-color":"var(--ast-global-color-5)","background-image":"","background-repeat":"repeat","background-position":"center center","background-size":"auto","background-attachment":"scroll","background-type":"","background-media":"","overlay-type":"","overlay-color":"","overlay-opacity":"","overlay-gradient":""},"tablet":{"background-color":"var(--ast-global-color-5)","background-image":"","background-repeat":"repeat","background-position":"center center","background-size":"auto","background-attachment":"scroll","background-type":"","background-media":"","overlay-type":"","overlay-color":"","overlay-opacity":"","overlay-gradient":""},"mobile":{"background-color":"var(--ast-global-color-5)","background-image":"","background-repeat":"repeat","background-position":"center center","background-size":"auto","background-attachment":"scroll","background-type":"","background-media":"","overlay-type":"","overlay-color":"","overlay-opacity":"","overlay-gradient":""}},"_joinchat":[],"footnotes":""},"categories":[26],"tags":[375,376,129,267,155,130,133,377],"class_list":["post-989","post","type-post","status-publish","format-standard","has-post-thumbnail","hentry","category-cultivando","tag-ajedrez","tag-antifascismo","tag-espana","tag-estados-unidos","tag-franquismo","tag-historia","tag-libro","tag-lucha-social"],"_links":{"self":[{"href":"https:\/\/nachoescartin.es\/an\/wp-json\/wp\/v2\/posts\/989","targetHints":{"allow":["GET"]}}],"collection":[{"href":"https:\/\/nachoescartin.es\/an\/wp-json\/wp\/v2\/posts"}],"about":[{"href":"https:\/\/nachoescartin.es\/an\/wp-json\/wp\/v2\/types\/post"}],"author":[{"embeddable":true,"href":"https:\/\/nachoescartin.es\/an\/wp-json\/wp\/v2\/users\/1"}],"replies":[{"embeddable":true,"href":"https:\/\/nachoescartin.es\/an\/wp-json\/wp\/v2\/comments?post=989"}],"version-history":[{"count":0,"href":"https:\/\/nachoescartin.es\/an\/wp-json\/wp\/v2\/posts\/989\/revisions"}],"wp:featuredmedia":[{"embeddable":true,"href":"https:\/\/nachoescartin.es\/an\/wp-json\/wp\/v2\/media\/990"}],"wp:attachment":[{"href":"https:\/\/nachoescartin.es\/an\/wp-json\/wp\/v2\/media?parent=989"}],"wp:term":[{"taxonomy":"category","embeddable":true,"href":"https:\/\/nachoescartin.es\/an\/wp-json\/wp\/v2\/categories?post=989"},{"taxonomy":"post_tag","embeddable":true,"href":"https:\/\/nachoescartin.es\/an\/wp-json\/wp\/v2\/tags?post=989"}],"curies":[{"name":"wp","href":"https:\/\/api.w.org\/{rel}","templated":true}]}}