{"id":973,"date":"2021-01-30T16:49:59","date_gmt":"2021-01-30T16:49:59","guid":{"rendered":"http:\/\/nachoescartin.es\/?p=973"},"modified":"2021-01-30T16:49:59","modified_gmt":"2021-01-30T16:49:59","slug":"cronicas-parlamentarias-de-las-cortes-de-aragon","status":"publish","type":"post","link":"https:\/\/nachoescartin.es\/an\/cronicas-parlamentarias-de-las-cortes-de-aragon\/","title":{"rendered":"\u201cCr\u00f3nicas Parlamentarias\u201d de las Cortes de Arag\u00f3n"},"content":{"rendered":"<p style=\"text-align: justify;\">En uno de los art\u00edculos de Pepe Melero en <a href=\"https:\/\/nachoescartin.es\/an\/el-tenedor-de-libros-de-jose-luis-melero\/\">\u201cEl tenedor de libros\u201d<\/a> supe de la existencia de estas cr\u00f3nicas parlamentarias. Hasta entonces, desconoc\u00eda su publicaci\u00f3n por las Cortes de Arag\u00f3n en la VIII Legislatura, a iniciativa del equipo de la Presidencia de Jos\u00e9 \u00c1ngel Biel. Pregunt\u00e9 por estos libros a Fernando Sanmart\u00edn, coordinador de las actividades culturales en el Palacio de la Aljafer\u00eda, quien tuvo el gentil gesto de hacerme llegar estos tres tomos que, a continuaci\u00f3n, paso a rese\u00f1ar.<\/p>\n<p style=\"text-align: justify;\">\nDesde finales de 2011 hasta finales de 2014, 60 escritores aragoneses o relacionados con Arag\u00f3n plasmaron en unas pocas p\u00e1ginas sus sentires, percepciones y relatos durante una ma\u00f1ana, un d\u00eda completo o dos sesiones distintas en un Pleno de las Cortes de Arag\u00f3n. Sus miradas, como podr\u00e9is imaginar, son dispares y personales, desde su libertad creativa y de opini\u00f3n cr\u00edtica de lo que escuchan y ven.<\/p>\n<p style=\"text-align: justify;\">\nEl Nacho Escart\u00edn de la primavera de 2015, cuando entr\u00e9 como diputado en las Cortes de Arag\u00f3n en la IX Legislatura, habr\u00eda disfrutado y aprendido mucho con estas cr\u00f3nicas. Porque tras su lectura, las herramientas parlamentarias, los formatos de los debates, las din\u00e1micas pol\u00edticas e incluso las an\u00e9cdotas personales me habr\u00edan ayudado a entender mejor, por entonces, c\u00f3mo funciona este espacio democr\u00e1tico para legislar, controlar e impulsar la acci\u00f3n del Gobierno. Con la pr\u00e1ctica, hemos aprendido a desarrollar lo mejor posible esta labor noble y muy importante, desde mi punto de vista, por la que tant\u00edsima gente ha luchado durante siglos, para que la voz del pueblo sea escuchada y defendida con normalidad democr\u00e1tica en los parlamentos.<\/p>\n<p style=\"text-align: justify;\">\nMientras escribo esta rese\u00f1ica escucho la m\u00fasica de \u201cIl Trovatore\u201d de Giuseppe Verdi, \u00f3pera que el italiano ambient\u00f3 en la Torre del Trovador del palacio.<\/p>\n<p style=\"text-align: justify;\">\nEs com\u00fan a la gran mayor\u00eda de las cr\u00f3nicas enfatizar el emplazamiento de las Cortes de Arag\u00f3n: el Palacio de la Aljafer\u00eda, un espacio magn\u00edfico, \u201cun compendio de la historia de Arag\u00f3n\u201d, en palabras de Garc\u00eda Vali\u00f1o, que ha evolucionado en usos y reformas con el curso de los a\u00f1os, desde aquel \u201cpalacio de la alegr\u00eda\u201d del Siglo XI, al arte mud\u00e9jar en sus capillas, el conjunto medieval que fue palacio de los Reyes Cat\u00f3licos, c\u00e1rcel de la Inquisici\u00f3n, cuartel militar o morada de familias pobres. Desde 1987 el parlamento aragon\u00e9s radica aqu\u00ed y no hay d\u00eda en el que no d\u00e9 las gracias por trabajar en un lugar tan impresionante, acogedor y adaptado para nuestra ingente labor pol\u00edtica.<\/p>\n<p style=\"text-align: justify;\">\nPese a todo, hasta finales del a\u00f1o 2020 no hemos conseguido sacar los coches de la Aljafer\u00eda. Durante todos estos a\u00f1os, diputados y trabajadores han aparcado sus veh\u00edculos a su alrededor, junto a las murallas, \u201ccon razones de insensibilidad art\u00edstica y cultural\u201d, como critica Jos\u00e9 Luis Corral y muchos de los cronistas. Yo tambi\u00e9n lo he criticado y, ni que decir tiene, yo aparcaba y aparco en la calle.<\/p>\n<p style=\"text-align: justify;\">\nLos Plenos comienzan muy puntuales, a las 9.30 horas. Y a partir de ah\u00ed\u2026 empiezan los debates. Mart\u00ednez de Pis\u00f3n escribe \u201ctengo la sensaci\u00f3n de que ah\u00ed nadie escucha a nadie\u201d. Manuel Vilas se\u00f1ala que \u201caqu\u00ed la gente entra y sale cuando le apetece\u201d. \u201cLos diputados se mueven demasiado, hablan demasiado, resulta imposible concentrarse\u201d, ve Miguel Serrano. Ana Alcolea va m\u00e1s all\u00e1 y se pregunta \u201cpara qu\u00e9 sirven los plenos si, salvo cuando habla la presidenta del Gobierno, parece que casi nadie escucha a nadie\u201d. Al alboroto normalizado en los Plenos, Ant\u00f3n Castro a\u00f1ade que \u201cla modernidad ha tra\u00eddo otra forma de v\u00e9rtigo a los esca\u00f1os\u201d y sus se\u00f1or\u00edas tambi\u00e9n \u201csucumb\u00edan a la atracci\u00f3n irresistible de las nuevas tecnolog\u00edas\u201d, en forma de m\u00f3viles, tabletas y port\u00e1tiles que llenan todas las bancadas. Miguel Carcasona lamenta que \u201cen algunos momentos la sala parezca una clase de ESO\u201d. Adolfo Ayuso cree que \u201clos m\u00e1s atentos parecen los ujieres\u201d, Cristina Grande que \u201clos pol\u00edticos tienen un aguante extraordinario\u201d, hasta el \u201chast\u00edo y verg\u00fcenza\u201d de Carlos Cast\u00e1n y la tristeza de Olga Bernad porque le pareci\u00f3 \u201cque nadie cre\u00eda demasiado en todo aquello\u201d.<\/p>\n<p style=\"text-align: justify;\">\nCon este percal, Mariano Gista\u00edn cree que \u201cpara atraer la atenci\u00f3n de los dem\u00e1s deber\u00edan esforzarse cien veces m\u00e1s\u201d. Y estoy de acuerdo. Muchos cronistas apuntan el bajo nivel general de oratoria. A Aloma Rodr\u00edguez le recuerda a los actores malos con \u201cla teatralidad y puesta en escena mal entendidas y p\u00e9simamente ejecutadas\u201d. \u00d3scar Sip\u00e1n echa de menos \u201ca los grandes oradores que sab\u00edan arengar a las masas y elevar la mirada y la esperanza\u201d.<\/p>\n<p style=\"text-align: justify;\">\nEn un Pleno se repiten a menudo t\u00f3picos ideol\u00f3gicos, la obediencia de partido y \u201cel cl\u00e1sico juego del y t\u00fa m\u00e1s\u201d como apunta David Mayor. \u201cLos pol\u00edticos tienen algo de raperos\u201d con sus retos al contrincante, acierta Eva Puy\u00f3. \u201cImportan m\u00e1s las afinidades pol\u00edticas que los m\u00e9ritos\u201d, asevera G\u00f3mez Mil\u00e1n. \u201cUn Parlamento es uno de los lugares m\u00e1s hostiles que se pueden imaginar para la libertad de pensamiento\u201d, sentencia Luis Alegre.<\/p>\n<p style=\"text-align: justify;\">\n\u201cLo mejor en cualquier parlamento se cuece en el bar\u201d, escribe Santiago Gasc\u00f3n. Muchos cronistas empiezan el d\u00eda, buscan un respiro o investigan m\u00e1s detalles de la vida parlamentaria en la cafeter\u00eda, que en realidad no se diferencia mucho de cualquier otro bar en el que se re\u00fane una parroquia de personas conocidas, que se tratan con camarader\u00eda, afabilidad y simpat\u00eda. Yo, la verdad sea dicha, no frecuento mucho la cafeter\u00eda. Ahora nada. Y en estos 5 a\u00f1os si necesito tomar algo, prefiero ir a bares del exterior.<\/p>\n<p style=\"text-align: justify;\">\nEn las cr\u00f3nicas tambi\u00e9n hay alguna propuesta. \u00c1ngel Guinda sugiere que en las pantallas de televisi\u00f3n que retransmiten los Plenos se incluya el nombre de cada interviniente para facilitar su identificaci\u00f3n por la gente. Y Sergio Del Molino que las retransmisiones recojan, como en los conciertos, el sonido ambiente. Me sumo a ambas reivindicaciones.<\/p>\n<p style=\"text-align: justify;\">\nSobre el estilo literario de las cr\u00f3nicas, la mayor\u00eda se afanan en su labor de cronistas, oficio con referentes como Luis Carandell o Francisco Umbral. S\u00f3lo algunos dejan volar su imaginaci\u00f3n y nos deleitan con historias fant\u00e1sticas como la de David Lozano (con su misi\u00f3n desastrosa de noquear con un diputado para ganar una votaci\u00f3n) o las m\u00e1s personales de Mar\u00eda Frisa, Daniel Nesquen, Magdalena Lasala o Javier Sebasti\u00e1n. En realidad, todos y cada uno de los cronistas plasman en sus textos su impronta personal, desde sus prejuicios, ilusiones y contradicciones.<\/p>\n<p style=\"text-align: justify;\">\n\u201cLa democracia puede parecer un hecho cotidiano, pero en realidad todav\u00eda es una m\u00ednima excepci\u00f3n a lo largo de la historia\u201d, escribe con acierto Miguel Mena. Y Pepe Melero: \u201caunque la actividad parlamentaria parezca aburrida o irrelevante, en realidad no lo es: la que de verdad es aburrida e insoportable es la tiran\u00eda\u201d.<\/p>\n<p style=\"text-align: justify;\">\n\u201cTodo es pol\u00edtica y la pol\u00edtica es de todos\u201d, escribe \u00c1ngel Petisme. Para escribir tu propia cr\u00f3nica, t\u00fa tambi\u00e9n puedes ver en directo un Pleno de las Cortes de Arag\u00f3n. En cuanto la situaci\u00f3n pand\u00e9mica lo permita de nuevo, escribe al parlamento y ven cuando mejor te venga. El parlamento es la casa de todos y est\u00e1 abierta a tu presencia. Me ofrezco a darte la bienvenida y acompa\u00f1arte.<\/p>","protected":false},"excerpt":{"rendered":"<p>En uno de los art\u00edculos de Pepe Melero en \u201cEl tenedor de libros\u201d supe de la existencia de estas cr\u00f3nicas [&hellip;]<\/p>\n","protected":false},"author":1,"featured_media":974,"comment_status":"open","ping_status":"closed","sticky":false,"template":"","format":"standard","meta":{"site-sidebar-layout":"default","site-content-layout":"","ast-site-content-layout":"default","site-content-style":"default","site-sidebar-style":"default","ast-global-header-display":"","ast-banner-title-visibility":"","ast-main-header-display":"","ast-hfb-above-header-display":"","ast-hfb-below-header-display":"","ast-hfb-mobile-header-display":"","site-post-title":"","ast-breadcrumbs-content":"","ast-featured-img":"","footer-sml-layout":"","ast-disable-related-posts":"","theme-transparent-header-meta":"","adv-header-id-meta":"","stick-header-meta":"","header-above-stick-meta":"","header-main-stick-meta":"","header-below-stick-meta":"","astra-migrate-meta-layouts":"default","ast-page-background-enabled":"default","ast-page-background-meta":{"desktop":{"background-color":"","background-image":"","background-repeat":"repeat","background-position":"center center","background-size":"auto","background-attachment":"scroll","background-type":"","background-media":"","overlay-type":"","overlay-color":"","overlay-opacity":"","overlay-gradient":""},"tablet":{"background-color":"","background-image":"","background-repeat":"repeat","background-position":"center center","background-size":"auto","background-attachment":"scroll","background-type":"","background-media":"","overlay-type":"","overlay-color":"","overlay-opacity":"","overlay-gradient":""},"mobile":{"background-color":"","background-image":"","background-repeat":"repeat","background-position":"center center","background-size":"auto","background-attachment":"scroll","background-type":"","background-media":"","overlay-type":"","overlay-color":"","overlay-opacity":"","overlay-gradient":""}},"ast-content-background-meta":{"desktop":{"background-color":"var(--ast-global-color-5)","background-image":"","background-repeat":"repeat","background-position":"center center","background-size":"auto","background-attachment":"scroll","background-type":"","background-media":"","overlay-type":"","overlay-color":"","overlay-opacity":"","overlay-gradient":""},"tablet":{"background-color":"var(--ast-global-color-5)","background-image":"","background-repeat":"repeat","background-position":"center center","background-size":"auto","background-attachment":"scroll","background-type":"","background-media":"","overlay-type":"","overlay-color":"","overlay-opacity":"","overlay-gradient":""},"mobile":{"background-color":"var(--ast-global-color-5)","background-image":"","background-repeat":"repeat","background-position":"center center","background-size":"auto","background-attachment":"scroll","background-type":"","background-media":"","overlay-type":"","overlay-color":"","overlay-opacity":"","overlay-gradient":""}},"_joinchat":[],"footnotes":""},"categories":[26,23],"tags":[],"class_list":["post-973","post","type-post","status-publish","format-standard","has-post-thumbnail","hentry","category-cultivando","category-sembrando"],"_links":{"self":[{"href":"https:\/\/nachoescartin.es\/an\/wp-json\/wp\/v2\/posts\/973","targetHints":{"allow":["GET"]}}],"collection":[{"href":"https:\/\/nachoescartin.es\/an\/wp-json\/wp\/v2\/posts"}],"about":[{"href":"https:\/\/nachoescartin.es\/an\/wp-json\/wp\/v2\/types\/post"}],"author":[{"embeddable":true,"href":"https:\/\/nachoescartin.es\/an\/wp-json\/wp\/v2\/users\/1"}],"replies":[{"embeddable":true,"href":"https:\/\/nachoescartin.es\/an\/wp-json\/wp\/v2\/comments?post=973"}],"version-history":[{"count":0,"href":"https:\/\/nachoescartin.es\/an\/wp-json\/wp\/v2\/posts\/973\/revisions"}],"wp:featuredmedia":[{"embeddable":true,"href":"https:\/\/nachoescartin.es\/an\/wp-json\/wp\/v2\/media\/974"}],"wp:attachment":[{"href":"https:\/\/nachoescartin.es\/an\/wp-json\/wp\/v2\/media?parent=973"}],"wp:term":[{"taxonomy":"category","embeddable":true,"href":"https:\/\/nachoescartin.es\/an\/wp-json\/wp\/v2\/categories?post=973"},{"taxonomy":"post_tag","embeddable":true,"href":"https:\/\/nachoescartin.es\/an\/wp-json\/wp\/v2\/tags?post=973"}],"curies":[{"name":"wp","href":"https:\/\/api.w.org\/{rel}","templated":true}]}}