{"id":956,"date":"2020-12-29T16:54:13","date_gmt":"2020-12-29T16:54:13","guid":{"rendered":"http:\/\/nachoescartin.es\/?p=956"},"modified":"2020-12-29T16:54:13","modified_gmt":"2020-12-29T16:54:13","slug":"fuerte-de-roy-galan","status":"publish","type":"post","link":"https:\/\/nachoescartin.es\/an\/fuerte-de-roy-galan\/","title":{"rendered":"\u201cFuerte\u201d de Roy Gal\u00e1n"},"content":{"rendered":"<p>En los a\u00f1os 80 La Bola de Cristal nos animaba a \u201cdesense\u00f1ar a desaprender c\u00f3mo se deshacen las cosas\u201d. Este libro tambi\u00e9n nos ayuda, especialmente a los hombres que queremos ser mejores personas.<\/p>\n<p>Roy Gal\u00e1n nos escribe desde una perspectiva muy \u00edntima para acompa\u00f1arnos en reflexiones que necesitamos, para transitar hacia una existencia m\u00e1s feliz para todas las personas.<\/p>\n<p>Esta edici\u00f3n de Black Birds es un libro tiene una est\u00e9tica muy chula y original, en el que predomina el color rosa y en el que se suceden collages de palabras y dibujos, que hacen su lectura muy amena. Las cuestiones que Roy nos plantea creo que est\u00e1n bien elegidas para que muevan las entra\u00f1as de un p\u00fablico amplio de hombres.<\/p>\n<p>Roy abarca las violencias machistas, la homofobia, nuestros miedos y emociones, las relaciones sexuales, la crianza, \u201cla pluma\u201d o el amor rom\u00e1ntico, entre otras aristas.<\/p>\n<p>Podemos y debemos plantearnos algunas cuestiones que hemos heredado de una cultura en la que quienes nacemos con pene jugamos el rol de los fuertes, de los que no sienten, de los que no cuidan, de los que no se tocan, de los que toleran las violencias de otros hombres, de los que repiten estereotipos y contribuyen a que el mundo sea m\u00e1s violento, sobre todo contra las mujeres y las diversas personas.<\/p>\n<p>\u201cFuerte\u201d es un libro positivo y propositivo, porque en todo momento parte de la premisa de que podemos ser mejores, si somos capaces de corregir errores y \u201csomos libres para llegar a ser hombres\u201d. Pero no los hombres que nos han dicho que tenemos que ser, sino los que personal e \u00edntimamente queremos ser, en un contexto en el que el feminismo y las luchas por la igualdad son imprescindibles hacia una sociedad mejor.<\/p>\n<p>Nuestros genitales no determinan c\u00f3mo debemos comportarnos, \u201cno hay cosas de ni\u00f1os, ni cosas de ni\u00f1as\u201d, el tama\u00f1o de nuestras pollas no determina nada. Podemos cuidar y cuidarnos m\u00e1s, entregarnos y dar m\u00e1s, asumir que somos fr\u00e1giles y sensibles, no desentendernos de las tareas compartidas y poner en valor otras masculinidades.<\/p>\n<p>\u201cSer un hombre distinto (y mejor) es posible. Tan s\u00f3lo hay que querer\u201d. En ello estamos.<\/p>","protected":false},"excerpt":{"rendered":"<p>En los a\u00f1os 80 La Bola de Cristal nos animaba a \u201cdesense\u00f1ar a desaprender c\u00f3mo se deshacen las cosas\u201d. Este [&hellip;]<\/p>\n","protected":false},"author":1,"featured_media":957,"comment_status":"open","ping_status":"closed","sticky":false,"template":"","format":"standard","meta":{"site-sidebar-layout":"default","site-content-layout":"","ast-site-content-layout":"default","site-content-style":"default","site-sidebar-style":"default","ast-global-header-display":"","ast-banner-title-visibility":"","ast-main-header-display":"","ast-hfb-above-header-display":"","ast-hfb-below-header-display":"","ast-hfb-mobile-header-display":"","site-post-title":"","ast-breadcrumbs-content":"","ast-featured-img":"","footer-sml-layout":"","ast-disable-related-posts":"","theme-transparent-header-meta":"","adv-header-id-meta":"","stick-header-meta":"","header-above-stick-meta":"","header-main-stick-meta":"","header-below-stick-meta":"","astra-migrate-meta-layouts":"default","ast-page-background-enabled":"default","ast-page-background-meta":{"desktop":{"background-color":"","background-image":"","background-repeat":"repeat","background-position":"center center","background-size":"auto","background-attachment":"scroll","background-type":"","background-media":"","overlay-type":"","overlay-color":"","overlay-opacity":"","overlay-gradient":""},"tablet":{"background-color":"","background-image":"","background-repeat":"repeat","background-position":"center center","background-size":"auto","background-attachment":"scroll","background-type":"","background-media":"","overlay-type":"","overlay-color":"","overlay-opacity":"","overlay-gradient":""},"mobile":{"background-color":"","background-image":"","background-repeat":"repeat","background-position":"center center","background-size":"auto","background-attachment":"scroll","background-type":"","background-media":"","overlay-type":"","overlay-color":"","overlay-opacity":"","overlay-gradient":""}},"ast-content-background-meta":{"desktop":{"background-color":"var(--ast-global-color-5)","background-image":"","background-repeat":"repeat","background-position":"center center","background-size":"auto","background-attachment":"scroll","background-type":"","background-media":"","overlay-type":"","overlay-color":"","overlay-opacity":"","overlay-gradient":""},"tablet":{"background-color":"var(--ast-global-color-5)","background-image":"","background-repeat":"repeat","background-position":"center center","background-size":"auto","background-attachment":"scroll","background-type":"","background-media":"","overlay-type":"","overlay-color":"","overlay-opacity":"","overlay-gradient":""},"mobile":{"background-color":"var(--ast-global-color-5)","background-image":"","background-repeat":"repeat","background-position":"center center","background-size":"auto","background-attachment":"scroll","background-type":"","background-media":"","overlay-type":"","overlay-color":"","overlay-opacity":"","overlay-gradient":""}},"_joinchat":[],"footnotes":""},"categories":[26,23],"tags":[160,347,348,349,133,350,163,351,352,353],"class_list":["post-956","post","type-post","status-publish","format-standard","has-post-thumbnail","hentry","category-cultivando","category-sembrando","tag-feminismo","tag-genero","tag-hombres","tag-lgtbiq","tag-libro","tag-maculinidades","tag-mujeres","tag-sexo","tag-sexualidad","tag-violencias-machistas"],"_links":{"self":[{"href":"https:\/\/nachoescartin.es\/an\/wp-json\/wp\/v2\/posts\/956","targetHints":{"allow":["GET"]}}],"collection":[{"href":"https:\/\/nachoescartin.es\/an\/wp-json\/wp\/v2\/posts"}],"about":[{"href":"https:\/\/nachoescartin.es\/an\/wp-json\/wp\/v2\/types\/post"}],"author":[{"embeddable":true,"href":"https:\/\/nachoescartin.es\/an\/wp-json\/wp\/v2\/users\/1"}],"replies":[{"embeddable":true,"href":"https:\/\/nachoescartin.es\/an\/wp-json\/wp\/v2\/comments?post=956"}],"version-history":[{"count":0,"href":"https:\/\/nachoescartin.es\/an\/wp-json\/wp\/v2\/posts\/956\/revisions"}],"wp:featuredmedia":[{"embeddable":true,"href":"https:\/\/nachoescartin.es\/an\/wp-json\/wp\/v2\/media\/957"}],"wp:attachment":[{"href":"https:\/\/nachoescartin.es\/an\/wp-json\/wp\/v2\/media?parent=956"}],"wp:term":[{"taxonomy":"category","embeddable":true,"href":"https:\/\/nachoescartin.es\/an\/wp-json\/wp\/v2\/categories?post=956"},{"taxonomy":"post_tag","embeddable":true,"href":"https:\/\/nachoescartin.es\/an\/wp-json\/wp\/v2\/tags?post=956"}],"curies":[{"name":"wp","href":"https:\/\/api.w.org\/{rel}","templated":true}]}}