{"id":95,"date":"2018-02-13T15:38:15","date_gmt":"2018-02-13T15:38:15","guid":{"rendered":"https:\/\/nachoescartin.wordpress.com\/?p=95"},"modified":"2018-02-13T15:38:15","modified_gmt":"2018-02-13T15:38:15","slug":"stop-estigma-a-personas-con-discapacidades","status":"publish","type":"post","link":"https:\/\/nachoescartin.es\/an\/stop-estigma-a-personas-con-discapacidades\/","title":{"rendered":"Stop estigma a personas con discapacidades"},"content":{"rendered":"<p>Ayer visitamos las instalaciones de la asociaci\u00f3n AMIBIL en Calatayud, que ha logrado descentralizar recursos de la ciudad al medio rural, acercando la atenci\u00f3n a personas con discapacidades al entorno familiar. Con excelente atenci\u00f3n, su junta directiva, profesionales, voluntarias y usuarias nos ense\u00f1aron su centro de d\u00eda, taller de empleo y residencia, creados gracias al tes\u00f3n de un grupo de madres y padres.<\/p>\n<p>Por delante nos queda el trabajo de todos por visibilizar la discapacidad y eliminar el estigma hacia personas que pueden llevar una vida aut\u00f3noma y en sociedad.<\/p>\n<p>En los presupuestos del Gobierno de Arag\u00f3n, Podemos hemos logrado financiar 49 nuevas contrataciones en salud mental, ampliar en 2 millones las ayudas para el pago de la Seguridad Social a nuestras cuidadoras, impulsar un Plan de accesibilidad a sitios singulares del patrimonio aragon\u00e9s y ampliar los ratios de Dependencia (que a\u00fan sufren los recortes de Rajoy), entre otras partidas que permiten avanzar desde nuestra labor pol\u00edtica.<\/p>\n<p>En Arag\u00f3n solo 1 de cada 3 de las 36.000 personas con discapacidad trabajan. Las empresas de m\u00e1s de 50 trabajadores deben cumplir la ley y contratar a personas con discapacidad, seg\u00fan sus necesidades y capacidades. El Ayuntamiento de Calatayud puede encomendar el cuidado de algunas zonas verdes (como ya se hace en Zaragoza). Tambi\u00e9n hay mucho por avanzar para frenar la pobreza y las violencias machistas, y mejorar la formaci\u00f3n, socializaci\u00f3n y vivienda, con viviendas colectivas, tuteladas o residencias como la de AMIBIL, que demuestra que \u00a1s\u00ed se puede!<\/p>","protected":false},"excerpt":{"rendered":"<p>Ayer visitamos las instalaciones de la asociaci\u00f3n AMIBIL en Calatayud, que ha logrado descentralizar recursos de la ciudad al medio [&hellip;]<\/p>\n","protected":false},"author":1,"featured_media":96,"comment_status":"open","ping_status":"closed","sticky":false,"template":"","format":"standard","meta":{"site-sidebar-layout":"default","site-content-layout":"","ast-site-content-layout":"default","site-content-style":"default","site-sidebar-style":"default","ast-global-header-display":"","ast-banner-title-visibility":"","ast-main-header-display":"","ast-hfb-above-header-display":"","ast-hfb-below-header-display":"","ast-hfb-mobile-header-display":"","site-post-title":"","ast-breadcrumbs-content":"","ast-featured-img":"","footer-sml-layout":"","ast-disable-related-posts":"","theme-transparent-header-meta":"","adv-header-id-meta":"","stick-header-meta":"","header-above-stick-meta":"","header-main-stick-meta":"","header-below-stick-meta":"","astra-migrate-meta-layouts":"default","ast-page-background-enabled":"default","ast-page-background-meta":{"desktop":{"background-color":"","background-image":"","background-repeat":"repeat","background-position":"center center","background-size":"auto","background-attachment":"scroll","background-type":"","background-media":"","overlay-type":"","overlay-color":"","overlay-opacity":"","overlay-gradient":""},"tablet":{"background-color":"","background-image":"","background-repeat":"repeat","background-position":"center center","background-size":"auto","background-attachment":"scroll","background-type":"","background-media":"","overlay-type":"","overlay-color":"","overlay-opacity":"","overlay-gradient":""},"mobile":{"background-color":"","background-image":"","background-repeat":"repeat","background-position":"center center","background-size":"auto","background-attachment":"scroll","background-type":"","background-media":"","overlay-type":"","overlay-color":"","overlay-opacity":"","overlay-gradient":""}},"ast-content-background-meta":{"desktop":{"background-color":"var(--ast-global-color-5)","background-image":"","background-repeat":"repeat","background-position":"center center","background-size":"auto","background-attachment":"scroll","background-type":"","background-media":"","overlay-type":"","overlay-color":"","overlay-opacity":"","overlay-gradient":""},"tablet":{"background-color":"var(--ast-global-color-5)","background-image":"","background-repeat":"repeat","background-position":"center center","background-size":"auto","background-attachment":"scroll","background-type":"","background-media":"","overlay-type":"","overlay-color":"","overlay-opacity":"","overlay-gradient":""},"mobile":{"background-color":"var(--ast-global-color-5)","background-image":"","background-repeat":"repeat","background-position":"center center","background-size":"auto","background-attachment":"scroll","background-type":"","background-media":"","overlay-type":"","overlay-color":"","overlay-opacity":"","overlay-gradient":""}},"_joinchat":[],"footnotes":""},"categories":[25,23],"tags":[],"class_list":["post-95","post","type-post","status-publish","format-standard","has-post-thumbnail","hentry","category-enredando","category-sembrando"],"_links":{"self":[{"href":"https:\/\/nachoescartin.es\/an\/wp-json\/wp\/v2\/posts\/95","targetHints":{"allow":["GET"]}}],"collection":[{"href":"https:\/\/nachoescartin.es\/an\/wp-json\/wp\/v2\/posts"}],"about":[{"href":"https:\/\/nachoescartin.es\/an\/wp-json\/wp\/v2\/types\/post"}],"author":[{"embeddable":true,"href":"https:\/\/nachoescartin.es\/an\/wp-json\/wp\/v2\/users\/1"}],"replies":[{"embeddable":true,"href":"https:\/\/nachoescartin.es\/an\/wp-json\/wp\/v2\/comments?post=95"}],"version-history":[{"count":0,"href":"https:\/\/nachoescartin.es\/an\/wp-json\/wp\/v2\/posts\/95\/revisions"}],"wp:featuredmedia":[{"embeddable":true,"href":"https:\/\/nachoescartin.es\/an\/wp-json\/wp\/v2\/media\/96"}],"wp:attachment":[{"href":"https:\/\/nachoescartin.es\/an\/wp-json\/wp\/v2\/media?parent=95"}],"wp:term":[{"taxonomy":"category","embeddable":true,"href":"https:\/\/nachoescartin.es\/an\/wp-json\/wp\/v2\/categories?post=95"},{"taxonomy":"post_tag","embeddable":true,"href":"https:\/\/nachoescartin.es\/an\/wp-json\/wp\/v2\/tags?post=95"}],"curies":[{"name":"wp","href":"https:\/\/api.w.org\/{rel}","templated":true}]}}