{"id":948,"date":"2020-12-26T16:26:42","date_gmt":"2020-12-26T16:26:42","guid":{"rendered":"http:\/\/nachoescartin.es\/?p=948"},"modified":"2026-02-10T10:56:01","modified_gmt":"2026-02-10T10:56:01","slug":"la-voz-de-los-animales-de-pilar-badia-y-diego-j-hernandez","status":"publish","type":"post","link":"https:\/\/nachoescartin.es\/an\/la-voz-de-los-animales-de-pilar-badia-y-diego-j-hernandez\/","title":{"rendered":"\u201cLa voz de los animales\u201d de Pilar Bad\u00eda y D. J. H."},"content":{"rendered":"<p style=\"text-align: justify;\">\u201cLa voz de los animales\u201d es un librico para reflexionar. Est\u00e1 pensado y dirigido a profes y alumnado de colegios e institutos. Pero siempre es bueno pararse a pensar y activar el pensamiento cr\u00edtico y creo que es una herramienta \u00fatil para cualquier persona que quiera aprender y plantearse su relaci\u00f3n con los animales.<\/p>\n<p style=\"text-align: justify;\">Pilar y D. llevan a\u00f1os trabajando como docentes de Secundaria y tambi\u00e9n formando en el respeto a los animales a trav\u00e9s de \u201cAula Animal\u201d. A partir de su experiencia en charlas y talleres, han condensado una introducci\u00f3n a estos temas en poco m\u00e1s de 80 p\u00e1ginas, ilustradas con los preciosos dibujos de Sara Ram\u00edrez, en una cuidada edici\u00f3n de Diversa Ediciones.<\/p>\n<p style=\"text-align: justify;\">Se trata de comprender c\u00f3mo viven y sienten los animales y c\u00f3mo nuestras acciones les perjudican o benefician. M\u00e1s que un manual de defensa animal, el libro es un conjunto de reflexiones y preguntas sobre la empat\u00eda, las diversas inteligencias, los sentimientos, el especismo, la justicia entre seres vivos, la b\u00fasqueda de la supervivencia, el bienestar y las ganas de disfrutar de nuestra existencia, \u00fanica e irrepetible.<\/p>\n<p style=\"text-align: justify;\">Se alternan cuestiones \u00e9ticas con experiencias y estudios cient\u00edficos sobre delfines, perros, ratas, monos, peces, zorros, gorriones, gallinas y otros animales, a los que nos ayudan a conocer y respetar, del mismo modo que nos animan a proteger el planeta, al consumo responsable y a sumarnos a iniciativas para ayudar a animales en libertad, protectoras o santuarios.<\/p>\n<p style=\"text-align: justify;\">\u201cLa voz de los animales\u201d es una buena sugerencia para regalar a alguien a quien quieras ayudar a ser mejor persona.<\/p>","protected":false},"excerpt":{"rendered":"<p>\u201cLa voz de los animales\u201d es un librico para reflexionar. Est\u00e1 pensado y dirigido a profes y alumnado de colegios [&hellip;]<\/p>\n","protected":false},"author":1,"featured_media":949,"comment_status":"open","ping_status":"closed","sticky":false,"template":"","format":"standard","meta":{"site-sidebar-layout":"default","site-content-layout":"","ast-site-content-layout":"default","site-content-style":"default","site-sidebar-style":"default","ast-global-header-display":"","ast-banner-title-visibility":"","ast-main-header-display":"","ast-hfb-above-header-display":"","ast-hfb-below-header-display":"","ast-hfb-mobile-header-display":"","site-post-title":"","ast-breadcrumbs-content":"","ast-featured-img":"","footer-sml-layout":"","ast-disable-related-posts":"","theme-transparent-header-meta":"","adv-header-id-meta":"","stick-header-meta":"","header-above-stick-meta":"","header-main-stick-meta":"","header-below-stick-meta":"","astra-migrate-meta-layouts":"set","ast-page-background-enabled":"default","ast-page-background-meta":{"desktop":{"background-color":"","background-image":"","background-repeat":"repeat","background-position":"center center","background-size":"auto","background-attachment":"scroll","background-type":"","background-media":"","overlay-type":"","overlay-color":"","overlay-opacity":"","overlay-gradient":""},"tablet":{"background-color":"","background-image":"","background-repeat":"repeat","background-position":"center center","background-size":"auto","background-attachment":"scroll","background-type":"","background-media":"","overlay-type":"","overlay-color":"","overlay-opacity":"","overlay-gradient":""},"mobile":{"background-color":"","background-image":"","background-repeat":"repeat","background-position":"center center","background-size":"auto","background-attachment":"scroll","background-type":"","background-media":"","overlay-type":"","overlay-color":"","overlay-opacity":"","overlay-gradient":""}},"ast-content-background-meta":{"desktop":{"background-color":"var(--ast-global-color-5)","background-image":"","background-repeat":"repeat","background-position":"center center","background-size":"auto","background-attachment":"scroll","background-type":"","background-media":"","overlay-type":"","overlay-color":"","overlay-opacity":"","overlay-gradient":""},"tablet":{"background-color":"var(--ast-global-color-5)","background-image":"","background-repeat":"repeat","background-position":"center center","background-size":"auto","background-attachment":"scroll","background-type":"","background-media":"","overlay-type":"","overlay-color":"","overlay-opacity":"","overlay-gradient":""},"mobile":{"background-color":"var(--ast-global-color-5)","background-image":"","background-repeat":"repeat","background-position":"center center","background-size":"auto","background-attachment":"scroll","background-type":"","background-media":"","overlay-type":"","overlay-color":"","overlay-opacity":"","overlay-gradient":""}},"_joinchat":[],"footnotes":""},"categories":[1,26],"tags":[247,342,333,30,343,344,133,345],"class_list":["post-948","post","type-post","status-publish","format-standard","has-post-thumbnail","hentry","category-blog","category-cultivando","tag-animales","tag-bienestar-animal","tag-ecologismo","tag-educacion","tag-empatia","tag-especismo","tag-libro","tag-respeto"],"_links":{"self":[{"href":"https:\/\/nachoescartin.es\/an\/wp-json\/wp\/v2\/posts\/948","targetHints":{"allow":["GET"]}}],"collection":[{"href":"https:\/\/nachoescartin.es\/an\/wp-json\/wp\/v2\/posts"}],"about":[{"href":"https:\/\/nachoescartin.es\/an\/wp-json\/wp\/v2\/types\/post"}],"author":[{"embeddable":true,"href":"https:\/\/nachoescartin.es\/an\/wp-json\/wp\/v2\/users\/1"}],"replies":[{"embeddable":true,"href":"https:\/\/nachoescartin.es\/an\/wp-json\/wp\/v2\/comments?post=948"}],"version-history":[{"count":1,"href":"https:\/\/nachoescartin.es\/an\/wp-json\/wp\/v2\/posts\/948\/revisions"}],"predecessor-version":[{"id":3506,"href":"https:\/\/nachoescartin.es\/an\/wp-json\/wp\/v2\/posts\/948\/revisions\/3506"}],"wp:featuredmedia":[{"embeddable":true,"href":"https:\/\/nachoescartin.es\/an\/wp-json\/wp\/v2\/media\/949"}],"wp:attachment":[{"href":"https:\/\/nachoescartin.es\/an\/wp-json\/wp\/v2\/media?parent=948"}],"wp:term":[{"taxonomy":"category","embeddable":true,"href":"https:\/\/nachoescartin.es\/an\/wp-json\/wp\/v2\/categories?post=948"},{"taxonomy":"post_tag","embeddable":true,"href":"https:\/\/nachoescartin.es\/an\/wp-json\/wp\/v2\/tags?post=948"}],"curies":[{"name":"wp","href":"https:\/\/api.w.org\/{rel}","templated":true}]}}