{"id":926,"date":"2020-11-22T19:49:59","date_gmt":"2020-11-22T19:49:59","guid":{"rendered":"http:\/\/nachoescartin.es\/?p=926"},"modified":"2020-11-22T19:49:59","modified_gmt":"2020-11-22T19:49:59","slug":"si-puede-no-vaya-al-medico-de-antonio-sitges-serra","status":"publish","type":"post","link":"https:\/\/nachoescartin.es\/an\/si-puede-no-vaya-al-medico-de-antonio-sitges-serra\/","title":{"rendered":"\u00abSi puede, no vaya al m\u00e9dico\u00bb de Antonio Sitges-Serra"},"content":{"rendered":"<p>No termino todos los libros que empiezo. Tampoco rese\u00f1o todos los libros que leo. Los libros que recomiendo en mis redes sociales son lecturas que me gustan y que provienen de recomendaciones de familiares y amigos, de los propios autores que citan otras publicaciones, de mis libreros de cabecera y tambi\u00e9n de algunos medios y personas de referencia. En este caso, no recuerdo por qu\u00e9 encargu\u00e9 en la Librer\u00eda C\u00e1lamo de Zaragoza \u201cSi puedes no vaya al m\u00e9dico\u201d de Antonio Sitges-Serra.<\/p>\n<p>Este ensayo es una cr\u00edtica al sistema m\u00e9dico actual. El autor es un cirujano con varias d\u00e9cadas de experiencia en hospitales y tambi\u00e9n en investigaci\u00f3n, publicaciones, opini\u00f3n y pol\u00edtica. En estas 300 p\u00e1ginas, editadas por el Grupo Editorial Penguin Random House, toca muchos temas relacionados con nuestra salud, el neoliberalismo que tambi\u00e9n determina la medicina, el tecnooptimismo, la sostenibilidad o los autocuidados.<\/p>\n<p>En esta rese\u00f1a voy a centrarme en los aspectos que considero m\u00e1s sugerentes, porque no han sido pocos los momentos en los que he discrepado del autor, en aspectos tan importantes como las referencias a la salud femenina, su generalizaci\u00f3n sobre los j\u00f3venes estudiantes o algunos estigmas pol\u00edticos poco ajustados a una cr\u00edtica razonable, como s\u00ed he encontrado en otras partes del libro.<\/p>\n<p>La tesis principal de Sitges-Serra es que vivimos en un sistema que fomenta la hipocondr\u00eda social y que vive de espaldas a la muerte, en el que la medicina es cada vez m\u00e1s un negocio que niega nuestra finitud, medicaliza nuestras vidas y fomenta intervenciones m\u00e9dicas car\u00edsimas y con eficacias cuestionables.<\/p>\n<p>El autor reivindica la \u201cN\u00e9mesis m\u00e9dica\u201d de Iv\u00e1n Illich; reconoce avances en la calidad de nuestra vida durante el siglo XX con la mejora de la higiene, las vacunas, los antibi\u00f3ticos, la cirug\u00eda y los h\u00e1bitos alimenticios, as\u00ed como la prevenci\u00f3n de la salud con duchas frecuentes, seguridad alimentaria, alcantarillado, agua potable, desratizaci\u00f3n o control de las plagas de insectos; y se\u00f1ala que muchas de las enfermedades de hoy tienen que ver con nuestros estilos de vida y la contaminaci\u00f3n atmosf\u00e9rica: c\u00e1nceres de pulm\u00f3n, obesidad, diabetes, depresi\u00f3n y otras muchas.<\/p>\n<p>Sitges-Serra destripa todo el entramado m\u00e9dico-industrial, ese negocio enorme entorno a la salud, la industria farmac\u00e9utica, la maquinizaci\u00f3n de los hospitales o los criados poblacionales, como aristas evidentes de un sistema sanitario al que hay que dar la vuelta como un calcet\u00edn. Frente a la corrupci\u00f3n normalizada entre m\u00e9dicos y multinacionales, los conflictos de intereses y la mercadotecnia sanitaria, el autor propone la vuelta a una medicina mucho m\u00e1s humanista, una mayor promoci\u00f3n de los niveles m\u00e1s b\u00e1sicos de los cuidados m\u00e9dicos (Atenci\u00f3n Primaria y prevenci\u00f3n), un mejor uso de la sanidad p\u00fablica y \u201cgratuita\u201d y, sobre todo, una apuesta decidida por una cultura del autocuidado de nuestro propio cuerpo.<\/p>\n<p>Este libro se escribi\u00f3 a mediados del a\u00f1o 2018, en el mundo \u201cpre-covid\u201d y, pese a ello, muchas de las cuestiones que plantea dan, como m\u00ednimo para una reflexi\u00f3n colectiva profunda, sobre nuestra salud y el sistema m\u00e9dico y sanitario que tenemos y que debemos evolucionar. Por eso lo recomiendo.<\/p>\n<p>&nbsp;<\/p>","protected":false},"excerpt":{"rendered":"<p>No termino todos los libros que empiezo. Tampoco rese\u00f1o todos los libros que leo. Los libros que recomiendo en mis [&hellip;]<\/p>\n","protected":false},"author":1,"featured_media":927,"comment_status":"open","ping_status":"closed","sticky":false,"template":"","format":"standard","meta":{"site-sidebar-layout":"default","site-content-layout":"","ast-site-content-layout":"default","site-content-style":"default","site-sidebar-style":"default","ast-global-header-display":"","ast-banner-title-visibility":"","ast-main-header-display":"","ast-hfb-above-header-display":"","ast-hfb-below-header-display":"","ast-hfb-mobile-header-display":"","site-post-title":"","ast-breadcrumbs-content":"","ast-featured-img":"","footer-sml-layout":"","ast-disable-related-posts":"","theme-transparent-header-meta":"","adv-header-id-meta":"","stick-header-meta":"","header-above-stick-meta":"","header-main-stick-meta":"","header-below-stick-meta":"","astra-migrate-meta-layouts":"default","ast-page-background-enabled":"default","ast-page-background-meta":{"desktop":{"background-color":"","background-image":"","background-repeat":"repeat","background-position":"center center","background-size":"auto","background-attachment":"scroll","background-type":"","background-media":"","overlay-type":"","overlay-color":"","overlay-opacity":"","overlay-gradient":""},"tablet":{"background-color":"","background-image":"","background-repeat":"repeat","background-position":"center center","background-size":"auto","background-attachment":"scroll","background-type":"","background-media":"","overlay-type":"","overlay-color":"","overlay-opacity":"","overlay-gradient":""},"mobile":{"background-color":"","background-image":"","background-repeat":"repeat","background-position":"center center","background-size":"auto","background-attachment":"scroll","background-type":"","background-media":"","overlay-type":"","overlay-color":"","overlay-opacity":"","overlay-gradient":""}},"ast-content-background-meta":{"desktop":{"background-color":"var(--ast-global-color-5)","background-image":"","background-repeat":"repeat","background-position":"center center","background-size":"auto","background-attachment":"scroll","background-type":"","background-media":"","overlay-type":"","overlay-color":"","overlay-opacity":"","overlay-gradient":""},"tablet":{"background-color":"var(--ast-global-color-5)","background-image":"","background-repeat":"repeat","background-position":"center center","background-size":"auto","background-attachment":"scroll","background-type":"","background-media":"","overlay-type":"","overlay-color":"","overlay-opacity":"","overlay-gradient":""},"mobile":{"background-color":"var(--ast-global-color-5)","background-image":"","background-repeat":"repeat","background-position":"center center","background-size":"auto","background-attachment":"scroll","background-type":"","background-media":"","overlay-type":"","overlay-color":"","overlay-opacity":"","overlay-gradient":""}},"_joinchat":[],"footnotes":""},"categories":[26],"tags":[321,322,323,133,324,212,325,135],"class_list":["post-926","post","type-post","status-publish","format-standard","has-post-thumbnail","hentry","category-cultivando","tag-autocuidados","tag-hospital","tag-industria-farmaceutica","tag-libro","tag-medicina","tag-neoliberalismo","tag-prevencion","tag-salud"],"_links":{"self":[{"href":"https:\/\/nachoescartin.es\/an\/wp-json\/wp\/v2\/posts\/926","targetHints":{"allow":["GET"]}}],"collection":[{"href":"https:\/\/nachoescartin.es\/an\/wp-json\/wp\/v2\/posts"}],"about":[{"href":"https:\/\/nachoescartin.es\/an\/wp-json\/wp\/v2\/types\/post"}],"author":[{"embeddable":true,"href":"https:\/\/nachoescartin.es\/an\/wp-json\/wp\/v2\/users\/1"}],"replies":[{"embeddable":true,"href":"https:\/\/nachoescartin.es\/an\/wp-json\/wp\/v2\/comments?post=926"}],"version-history":[{"count":0,"href":"https:\/\/nachoescartin.es\/an\/wp-json\/wp\/v2\/posts\/926\/revisions"}],"wp:featuredmedia":[{"embeddable":true,"href":"https:\/\/nachoescartin.es\/an\/wp-json\/wp\/v2\/media\/927"}],"wp:attachment":[{"href":"https:\/\/nachoescartin.es\/an\/wp-json\/wp\/v2\/media?parent=926"}],"wp:term":[{"taxonomy":"category","embeddable":true,"href":"https:\/\/nachoescartin.es\/an\/wp-json\/wp\/v2\/categories?post=926"},{"taxonomy":"post_tag","embeddable":true,"href":"https:\/\/nachoescartin.es\/an\/wp-json\/wp\/v2\/tags?post=926"}],"curies":[{"name":"wp","href":"https:\/\/api.w.org\/{rel}","templated":true}]}}