{"id":913,"date":"2020-10-25T17:04:57","date_gmt":"2020-10-25T17:04:57","guid":{"rendered":"http:\/\/nachoescartin.es\/?p=913"},"modified":"2020-10-25T17:04:57","modified_gmt":"2020-10-25T17:04:57","slug":"pandemia-economia-y-estado-de-bienestar-de-vicenc-navarro","status":"publish","type":"post","link":"https:\/\/nachoescartin.es\/an\/pandemia-economia-y-estado-de-bienestar-de-vicenc-navarro\/","title":{"rendered":"\u201cPandemia, Econom\u00eda y Estado de Bienestar\u201d de Vicen\u00e7 Navarro"},"content":{"rendered":"<p style=\"text-align: justify;\">Vicen\u00e7 Navarro <a href=\"http:\/\/www.vnavarro.org\/wp-content\/uploads\/2020\/10\/Pandemia-econom%C3%ADa-y-Estado-del-Bienestar.-Vicen%C3%A7-Navarro.pdf\" target=\"_blank\" rel=\"noopener\"><strong>ha compartido gratis este libro digital<\/strong><\/a> en el que recopila sus art\u00edculos en P\u00fablico durante estos meses de pandemia, desde marzo hasta agosto de 2020. El autor es un prestigioso economista, con una largu\u00edsima trayectoria como profesor en Suecia, Reino Unido y Estados Unidos y como asesor del gobierno de Allende en Chile, en temas sanitarios del Gobierno cubano y de gobiernos suecos y espa\u00f1oles, como el actual.<\/p>\n<p style=\"text-align: justify;\">\nNavarro defiende la urgente necesidad de fortalecer el Cuarto Pilar del Estado de Bienestar y que el Estado cree empleo p\u00fablico para mejorar la vida de la gente. Pone el acento en las tareas de cuidados e igualdad de g\u00e9nero, con una apuesta decidida por la atenci\u00f3n y educaci\u00f3n de la primera infancia, los servicios de atenci\u00f3n a la dependencia y mayores. Calcula que si lleg\u00e1ramos al n\u00famero de trabajadores p\u00fablicos de Suecia, se crear\u00edan 3,5 millones de nuevos empleos en Espa\u00f1a, con todo lo que esto supondr\u00eda de m\u00e1s salarios, m\u00e1s ingresos (v\u00eda impuestos), m\u00e1s consumo y m\u00e1s familias con ingresos.<\/p>\n<p style=\"text-align: justify;\">\nTambi\u00e9n propone el reparto del trabajo, mediante la reducci\u00f3n de la jornada laboral a 35 horas semanales, para facilitar el reparto de las tareas dom\u00e9sticas y de cuidados y, por tanto, la conciliaci\u00f3n laboral-familiar de todas las personas.<\/p>\n<p style=\"text-align: justify;\">\nEste libro es \u00fatil porque argumenta en art\u00edculos cortos y sencillos, en los que aporta datos certeros para sus hip\u00f3tesis, comparados sobre todo con los pa\u00edses escandinavos, que siempre est\u00e1n en cabeza de las listas de calidad de vida y, al mismo tiempo, son los que tienen un sistema p\u00fablico m\u00e1s robusto en sanidad, educaci\u00f3n y Derechos sociales.<\/p>\n<p style=\"text-align: justify;\">\nEn este contexto de pandemia, el autor pone especial atenci\u00f3n en el cuidado a personas mayores, para lo cual propone una mejor atenci\u00f3n a domicilio y residencias m\u00e1s peque\u00f1as y m\u00e1s integradas en la sociedad, con mejores infraestructuras y m\u00e1s profesionales.<\/p>\n<p style=\"text-align: justify;\">\nSon propuestas sensatas y razonables, con mirada larga, que chocan con los insultos y falacias que Navarro tuvo que escuchar contra su persona del portavoz de VOX, partido que junto a sus socios derechistas de PP y Ciudadanos fomentan una econom\u00eda neoliberal al m\u00e1s puro estilo de Trump, que se ha mostrado tremendamente ineficaz en t\u00e9rminos econ\u00f3micos, de sostenibilidad y, sobre todo, de defensa de la vida y del planeta.<\/p>\n<p style=\"text-align: justify;\">\nOs recomiendo su lectura <strong><a href=\"http:\/\/www.vnavarro.org\/wp-content\/uploads\/2020\/10\/Pandemia-econom%C3%ADa-y-Estado-del-Bienestar.-Vicen%C3%A7-Navarro.pdf\" target=\"_blank\" rel=\"noopener\">en este enlace<\/a>.<\/strong><\/p>","protected":false},"excerpt":{"rendered":"<p>Vicen\u00e7 Navarro ha compartido gratis este libro digital en el que recopila sus art\u00edculos en P\u00fablico durante estos meses de [&hellip;]<\/p>\n","protected":false},"author":1,"featured_media":914,"comment_status":"open","ping_status":"closed","sticky":false,"template":"","format":"standard","meta":{"site-sidebar-layout":"default","site-content-layout":"","ast-site-content-layout":"default","site-content-style":"default","site-sidebar-style":"default","ast-global-header-display":"","ast-banner-title-visibility":"","ast-main-header-display":"","ast-hfb-above-header-display":"","ast-hfb-below-header-display":"","ast-hfb-mobile-header-display":"","site-post-title":"","ast-breadcrumbs-content":"","ast-featured-img":"","footer-sml-layout":"","ast-disable-related-posts":"","theme-transparent-header-meta":"","adv-header-id-meta":"","stick-header-meta":"","header-above-stick-meta":"","header-main-stick-meta":"","header-below-stick-meta":"","astra-migrate-meta-layouts":"default","ast-page-background-enabled":"default","ast-page-background-meta":{"desktop":{"background-color":"","background-image":"","background-repeat":"repeat","background-position":"center center","background-size":"auto","background-attachment":"scroll","background-type":"","background-media":"","overlay-type":"","overlay-color":"","overlay-opacity":"","overlay-gradient":""},"tablet":{"background-color":"","background-image":"","background-repeat":"repeat","background-position":"center center","background-size":"auto","background-attachment":"scroll","background-type":"","background-media":"","overlay-type":"","overlay-color":"","overlay-opacity":"","overlay-gradient":""},"mobile":{"background-color":"","background-image":"","background-repeat":"repeat","background-position":"center center","background-size":"auto","background-attachment":"scroll","background-type":"","background-media":"","overlay-type":"","overlay-color":"","overlay-opacity":"","overlay-gradient":""}},"ast-content-background-meta":{"desktop":{"background-color":"var(--ast-global-color-5)","background-image":"","background-repeat":"repeat","background-position":"center center","background-size":"auto","background-attachment":"scroll","background-type":"","background-media":"","overlay-type":"","overlay-color":"","overlay-opacity":"","overlay-gradient":""},"tablet":{"background-color":"var(--ast-global-color-5)","background-image":"","background-repeat":"repeat","background-position":"center center","background-size":"auto","background-attachment":"scroll","background-type":"","background-media":"","overlay-type":"","overlay-color":"","overlay-opacity":"","overlay-gradient":""},"mobile":{"background-color":"var(--ast-global-color-5)","background-image":"","background-repeat":"repeat","background-position":"center center","background-size":"auto","background-attachment":"scroll","background-type":"","background-media":"","overlay-type":"","overlay-color":"","overlay-opacity":"","overlay-gradient":""}},"_joinchat":[],"footnotes":""},"categories":[26],"tags":[302,266,274,43,30,303,46,133,304,276,305,271],"class_list":["post-913","post","type-post","status-publish","format-standard","has-post-thumbnail","hentry","category-cultivando","tag-conciliacion","tag-coronavirus","tag-cuidados","tag-economia","tag-educacion","tag-estado-del-bienestar","tag-impuestos","tag-libro","tag-mayores","tag-pandemia","tag-publico","tag-sanidad"],"_links":{"self":[{"href":"https:\/\/nachoescartin.es\/an\/wp-json\/wp\/v2\/posts\/913","targetHints":{"allow":["GET"]}}],"collection":[{"href":"https:\/\/nachoescartin.es\/an\/wp-json\/wp\/v2\/posts"}],"about":[{"href":"https:\/\/nachoescartin.es\/an\/wp-json\/wp\/v2\/types\/post"}],"author":[{"embeddable":true,"href":"https:\/\/nachoescartin.es\/an\/wp-json\/wp\/v2\/users\/1"}],"replies":[{"embeddable":true,"href":"https:\/\/nachoescartin.es\/an\/wp-json\/wp\/v2\/comments?post=913"}],"version-history":[{"count":0,"href":"https:\/\/nachoescartin.es\/an\/wp-json\/wp\/v2\/posts\/913\/revisions"}],"wp:featuredmedia":[{"embeddable":true,"href":"https:\/\/nachoescartin.es\/an\/wp-json\/wp\/v2\/media\/914"}],"wp:attachment":[{"href":"https:\/\/nachoescartin.es\/an\/wp-json\/wp\/v2\/media?parent=913"}],"wp:term":[{"taxonomy":"category","embeddable":true,"href":"https:\/\/nachoescartin.es\/an\/wp-json\/wp\/v2\/categories?post=913"},{"taxonomy":"post_tag","embeddable":true,"href":"https:\/\/nachoescartin.es\/an\/wp-json\/wp\/v2\/tags?post=913"}],"curies":[{"name":"wp","href":"https:\/\/api.w.org\/{rel}","templated":true}]}}