{"id":897,"date":"2020-10-03T12:12:14","date_gmt":"2020-10-03T12:12:14","guid":{"rendered":"http:\/\/nachoescartin.es\/?p=897"},"modified":"2020-10-03T12:12:14","modified_gmt":"2020-10-03T12:12:14","slug":"donde-esta-mi-mente-de-angel-picon","status":"publish","type":"post","link":"https:\/\/nachoescartin.es\/an\/donde-esta-mi-mente-de-angel-picon\/","title":{"rendered":"\u201c\u00bfD\u00f3nde est\u00e1 mi mente?\u201d de \u00c1ngel Pic\u00f3n"},"content":{"rendered":"<p>\u201c\u00bfWhere is my mind?\u201d cantaban The Pixies, con Frank Black recordando sensaciones del submarinismo. Durante el confinamiento por el COVID-19 en la primavera de 2020, se ha producido un cortocircuito en la rutina de nuestras vidas. Las sucesivas semanas de Estado de Alarma en casa han tra\u00eddo el teletrabajo, las incertidumbres, los ratos para reflexionar, para ver pel\u00edculas, para escuchar m\u00fasica, para videollamadas, para romances en la distancia\u2026 incluso para escribir.<\/p>\n<p>Esto es lo que ha hecho \u00c1ngel Pic\u00f3n: escribir su primera novela, en la que entremezcla el d\u00eda a d\u00eda de Andr\u00e9s durante los meses de marzo, abril y mayo en Madrid con sus recuerdos juveniles con su gran amor, Juana. Se alternan, por tanto, pasiones y amistad en conciertos y juergas, con la soledad hogare\u00f1a en esos d\u00edas de pandemia.<\/p>\n<p>En el libro hay mucha m\u00fasica, desde H\u00e9roes del Silencio a Ramones, pasando Pulp, Nirvana o Radiohead, entre otros muchos, as\u00ed como cl\u00e1sicos cinematogr\u00e1ficos, viajes, libros y referencias hist\u00f3ricas a los principales acontecimientos pol\u00edticos y sociales de esas d\u00e9cadas de los 90 y los 2000.<\/p>\n<p>\u00c1ngel Pic\u00f3n ha publicado una obra sincera y entretenida, que recoge el sentir y la mirada retrospectiva en los \u00faltimos 30 a\u00f1os de un hombre atrapado en la pandemia.<\/p>\n<p>Puedes comprar el libro en librer\u00edas de Alicante y Torrelavega o hacer un pedido al autor en <strong>angpicon@gmail.com.<\/strong><\/p>\n<p>&nbsp;<\/p>","protected":false},"excerpt":{"rendered":"<p>\u201c\u00bfWhere is my mind?\u201d cantaban The Pixies, con Frank Black recordando sensaciones del submarinismo. Durante el confinamiento por el COVID-19 [&hellip;]<\/p>\n","protected":false},"author":1,"featured_media":898,"comment_status":"open","ping_status":"closed","sticky":false,"template":"","format":"standard","meta":{"site-sidebar-layout":"default","site-content-layout":"","ast-site-content-layout":"default","site-content-style":"default","site-sidebar-style":"default","ast-global-header-display":"","ast-banner-title-visibility":"","ast-main-header-display":"","ast-hfb-above-header-display":"","ast-hfb-below-header-display":"","ast-hfb-mobile-header-display":"","site-post-title":"","ast-breadcrumbs-content":"","ast-featured-img":"","footer-sml-layout":"","ast-disable-related-posts":"","theme-transparent-header-meta":"","adv-header-id-meta":"","stick-header-meta":"","header-above-stick-meta":"","header-main-stick-meta":"","header-below-stick-meta":"","astra-migrate-meta-layouts":"default","ast-page-background-enabled":"default","ast-page-background-meta":{"desktop":{"background-color":"","background-image":"","background-repeat":"repeat","background-position":"center center","background-size":"auto","background-attachment":"scroll","background-type":"","background-media":"","overlay-type":"","overlay-color":"","overlay-opacity":"","overlay-gradient":""},"tablet":{"background-color":"","background-image":"","background-repeat":"repeat","background-position":"center center","background-size":"auto","background-attachment":"scroll","background-type":"","background-media":"","overlay-type":"","overlay-color":"","overlay-opacity":"","overlay-gradient":""},"mobile":{"background-color":"","background-image":"","background-repeat":"repeat","background-position":"center center","background-size":"auto","background-attachment":"scroll","background-type":"","background-media":"","overlay-type":"","overlay-color":"","overlay-opacity":"","overlay-gradient":""}},"ast-content-background-meta":{"desktop":{"background-color":"var(--ast-global-color-5)","background-image":"","background-repeat":"repeat","background-position":"center center","background-size":"auto","background-attachment":"scroll","background-type":"","background-media":"","overlay-type":"","overlay-color":"","overlay-opacity":"","overlay-gradient":""},"tablet":{"background-color":"var(--ast-global-color-5)","background-image":"","background-repeat":"repeat","background-position":"center center","background-size":"auto","background-attachment":"scroll","background-type":"","background-media":"","overlay-type":"","overlay-color":"","overlay-opacity":"","overlay-gradient":""},"mobile":{"background-color":"var(--ast-global-color-5)","background-image":"","background-repeat":"repeat","background-position":"center center","background-size":"auto","background-attachment":"scroll","background-type":"","background-media":"","overlay-type":"","overlay-color":"","overlay-opacity":"","overlay-gradient":""}},"_joinchat":[],"footnotes":""},"categories":[26],"tags":[239,291,292,293,294,40,58,125,276],"class_list":["post-897","post","type-post","status-publish","format-standard","has-post-thumbnail","hentry","category-cultivando","tag-amor","tag-conciertos","tag-confinamiento","tag-drogas","tag-juventud","tag-libros","tag-musica","tag-novela","tag-pandemia"],"_links":{"self":[{"href":"https:\/\/nachoescartin.es\/an\/wp-json\/wp\/v2\/posts\/897","targetHints":{"allow":["GET"]}}],"collection":[{"href":"https:\/\/nachoescartin.es\/an\/wp-json\/wp\/v2\/posts"}],"about":[{"href":"https:\/\/nachoescartin.es\/an\/wp-json\/wp\/v2\/types\/post"}],"author":[{"embeddable":true,"href":"https:\/\/nachoescartin.es\/an\/wp-json\/wp\/v2\/users\/1"}],"replies":[{"embeddable":true,"href":"https:\/\/nachoescartin.es\/an\/wp-json\/wp\/v2\/comments?post=897"}],"version-history":[{"count":0,"href":"https:\/\/nachoescartin.es\/an\/wp-json\/wp\/v2\/posts\/897\/revisions"}],"wp:featuredmedia":[{"embeddable":true,"href":"https:\/\/nachoescartin.es\/an\/wp-json\/wp\/v2\/media\/898"}],"wp:attachment":[{"href":"https:\/\/nachoescartin.es\/an\/wp-json\/wp\/v2\/media?parent=897"}],"wp:term":[{"taxonomy":"category","embeddable":true,"href":"https:\/\/nachoescartin.es\/an\/wp-json\/wp\/v2\/categories?post=897"},{"taxonomy":"post_tag","embeddable":true,"href":"https:\/\/nachoescartin.es\/an\/wp-json\/wp\/v2\/tags?post=897"}],"curies":[{"name":"wp","href":"https:\/\/api.w.org\/{rel}","templated":true}]}}