{"id":891,"date":"2020-09-06T18:47:32","date_gmt":"2020-09-06T18:47:32","guid":{"rendered":"http:\/\/nachoescartin.es\/?p=891"},"modified":"2020-09-06T18:47:32","modified_gmt":"2020-09-06T18:47:32","slug":"aqui-no-hemos-venido-a-estudiar-de-enric-juliana","status":"publish","type":"post","link":"https:\/\/nachoescartin.es\/an\/aqui-no-hemos-venido-a-estudiar-de-enric-juliana\/","title":{"rendered":"\u201cAqu\u00ed no hemos venido a estudiar\u201d de Enric Juliana"},"content":{"rendered":"<p style=\"text-align: justify;\">En la c\u00e1rcel m\u00e1s dura de la dictadura, presos pol\u00edticos del Partido Comunista de Espa\u00f1a debaten sobre t\u00e1ctica y estrategia. \u00bfEn 1962 Franco est\u00e1 al caer? \u00bfEs el momento de pasar a la acci\u00f3n, la agitaci\u00f3n y la movilizaci\u00f3n? \u00bfO el r\u00e9gimen va para largo y hay que seguir trazando una resistencia a largo plazo?<\/p>\n<p style=\"text-align: justify;\">\nEntorno a esta discusi\u00f3n y a partir de los protagonistas de aquellos a\u00f1os, el periodista Enric Juliana escribe este libro, en forma de espiral literaria, para recorrer distintos momentos biogr\u00e1ficos de aquellas personas (casi todas ya fallecidas), de la historia contempor\u00e1nea de Espa\u00f1a y del contexto pol\u00edtico internacional, hasta traer aquellos dilemas al momento actual, atravesado por la pandemia del coronavirus.<\/p>\n<p style=\"text-align: justify;\">\nJuliana recupera fragmentos de libros ya publicados, actas de reuniones con los principales l\u00edderes mundiales de aquellos a\u00f1os, vivencias propias con algunos de sus amigos y contactos period\u00edsticos y, c\u00f3mo no, sus propias opiniones del mundo actual. En ese sentido y, nada m\u00e1s acabar el libro, me queda un importante peso de la nostalgia, junto a un preocupado vistazo hacia el horizonte. No creo que Juliana plantee que cualquier tiempo pasado fue mejor, ni mucho menos, pero s\u00ed plantea claramente que \u201clo viejo siempre reaparece en lo nuevo\u201d, con referencias directas entre aquel PCE y el actual Unidas Podemos. En este ep\u00edlogo final, con l\u00edneas hacia el futuro, me ha sorprendido que Juliana no menciona el cambio clim\u00e1tico (aunque s\u00ed fen\u00f3menos como el Gloria, que afecta a esos dos pilares del capitalismo espa\u00f1ol, el turismo y las inversiones extranjeras).<\/p>\n<p style=\"text-align: justify;\">\nEn todo caso, Juliana s\u00ed cree que hemos de estudiar. Y en eso estamos de acuerdo. A\u00fan con las enormes inc\u00f3gnitas y la falta de certezas que nos genera, a\u00fan m\u00e1s, la pandemia. Juliana plantea que nos encontramos en el que ser\u00eda el Tercer Plan de Estabilizaci\u00f3n de la econom\u00eda, tras el primer plan de los bur\u00f3cratas del Opus Dei para superar la autarqu\u00eda de los primeros a\u00f1os de la dictadura y los Pactos de la Moncloa, para sellar la transici\u00f3n a la democracia liberal en la que vivimos. Un nuevo nudo econ\u00f3mico en la Espa\u00f1a actual, con m\u00e1s sombras que luces.<\/p>\n<p style=\"text-align: justify;\">\nEn realidad, el libro no es un ensayo sobre el presente. S\u00f3lo las \u00faltimas p\u00e1ginas, de las 350, hablan del hoy. El foco de la publicaci\u00f3n (y lo que m\u00e1s me ha gustado) es el acercamiento a aquellas personas que se encontraron en unos a\u00f1os dur\u00edsimos y en una prisi\u00f3n tortuosa. Y, desde all\u00ed y en sus a\u00f1os de clandestinidad, exilio y persecuci\u00f3n, marcaron distancias los anarquistas, viajaban a Mosc\u00fa, emit\u00edan desde Bucarest con su Radio Espa\u00f1a Independiente, plantearon propuestas, debates, tendencias, a\u00fan en un PCE del centralismo democr\u00e1tico, que dejaba poco margen para las corrientes internas en el partido. \u00bfOs suena?<\/p>\n<p style=\"text-align: justify;\">\nSe nota que Juliana tiene buenas fuentes y me gustan sus numerosas frases de conversaciones personales, citas textuales en momentos hist\u00f3ricos precisos y detalles familiares, que ayudan a acercarnos a ese \u201cfactor humano\u201d que, conforme me voy haciendo mayor, creo que es fundamental para comprender los acontecimientos y el por qu\u00e9 de las cosas. \u201cEl car\u00e1cter, la manera de ser, es determinante en esta larga historia que estamos contando\u201d.<\/p>\n<p style=\"text-align: justify;\">\nPor supuesto, en el libro sale Stalin, Tito, Mao, Santiago Carrillo, La Pasionaria, Felipe Gonz\u00e1lez, Adolfo Su\u00e1rez y otras figuras muy conocidas, junto a otros nombres de la Agrupaci\u00f3n Guerrillera de Levante y Arag\u00f3n, del PCE, del PSUC, del PSOE, de la CNT, de la Espa\u00f1a republicana en el exilio y, sobre todo, del mundo obrero e intelectual catal\u00e1n. Pero los que centran la discusi\u00f3n son Manuel Moreno Mauricio y Ram\u00f3n Ormaz\u00e1bal: \u00bfEstudiar o no estudiar? \u00bfObjetivismo o subjetivismo? \u00bfReflexi\u00f3n o acci\u00f3n? \u201cTenemos que poder dudar de todo\u201d.<\/p>","protected":false},"excerpt":{"rendered":"<p>En la c\u00e1rcel m\u00e1s dura de la dictadura, presos pol\u00edticos del Partido Comunista de Espa\u00f1a debaten sobre t\u00e1ctica y estrategia. [&hellip;]<\/p>\n","protected":false},"author":1,"featured_media":892,"comment_status":"open","ping_status":"closed","sticky":false,"template":"","format":"standard","meta":{"site-sidebar-layout":"default","site-content-layout":"","ast-site-content-layout":"default","site-content-style":"default","site-sidebar-style":"default","ast-global-header-display":"","ast-banner-title-visibility":"","ast-main-header-display":"","ast-hfb-above-header-display":"","ast-hfb-below-header-display":"","ast-hfb-mobile-header-display":"","site-post-title":"","ast-breadcrumbs-content":"","ast-featured-img":"","footer-sml-layout":"","ast-disable-related-posts":"","theme-transparent-header-meta":"","adv-header-id-meta":"","stick-header-meta":"","header-above-stick-meta":"","header-main-stick-meta":"","header-below-stick-meta":"","astra-migrate-meta-layouts":"default","ast-page-background-enabled":"default","ast-page-background-meta":{"desktop":{"background-color":"","background-image":"","background-repeat":"repeat","background-position":"center center","background-size":"auto","background-attachment":"scroll","background-type":"","background-media":"","overlay-type":"","overlay-color":"","overlay-opacity":"","overlay-gradient":""},"tablet":{"background-color":"","background-image":"","background-repeat":"repeat","background-position":"center center","background-size":"auto","background-attachment":"scroll","background-type":"","background-media":"","overlay-type":"","overlay-color":"","overlay-opacity":"","overlay-gradient":""},"mobile":{"background-color":"","background-image":"","background-repeat":"repeat","background-position":"center center","background-size":"auto","background-attachment":"scroll","background-type":"","background-media":"","overlay-type":"","overlay-color":"","overlay-opacity":"","overlay-gradient":""}},"ast-content-background-meta":{"desktop":{"background-color":"var(--ast-global-color-5)","background-image":"","background-repeat":"repeat","background-position":"center center","background-size":"auto","background-attachment":"scroll","background-type":"","background-media":"","overlay-type":"","overlay-color":"","overlay-opacity":"","overlay-gradient":""},"tablet":{"background-color":"var(--ast-global-color-5)","background-image":"","background-repeat":"repeat","background-position":"center center","background-size":"auto","background-attachment":"scroll","background-type":"","background-media":"","overlay-type":"","overlay-color":"","overlay-opacity":"","overlay-gradient":""},"mobile":{"background-color":"var(--ast-global-color-5)","background-image":"","background-repeat":"repeat","background-position":"center center","background-size":"auto","background-attachment":"scroll","background-type":"","background-media":"","overlay-type":"","overlay-color":"","overlay-opacity":"","overlay-gradient":""}},"_joinchat":[],"footnotes":""},"categories":[26],"tags":[285,286,84,39,129,287,154,288,130,133,180,289,290],"class_list":["post-891","post","type-post","status-publish","format-standard","has-post-thumbnail","hentry","category-cultivando","tag-accion","tag-carcel","tag-catalunya","tag-cultura","tag-espana","tag-estrategia","tag-franco","tag-guerra-civil","tag-historia","tag-libro","tag-partido-comunista","tag-psuc","tag-tactica"],"_links":{"self":[{"href":"https:\/\/nachoescartin.es\/an\/wp-json\/wp\/v2\/posts\/891","targetHints":{"allow":["GET"]}}],"collection":[{"href":"https:\/\/nachoescartin.es\/an\/wp-json\/wp\/v2\/posts"}],"about":[{"href":"https:\/\/nachoescartin.es\/an\/wp-json\/wp\/v2\/types\/post"}],"author":[{"embeddable":true,"href":"https:\/\/nachoescartin.es\/an\/wp-json\/wp\/v2\/users\/1"}],"replies":[{"embeddable":true,"href":"https:\/\/nachoescartin.es\/an\/wp-json\/wp\/v2\/comments?post=891"}],"version-history":[{"count":0,"href":"https:\/\/nachoescartin.es\/an\/wp-json\/wp\/v2\/posts\/891\/revisions"}],"wp:featuredmedia":[{"embeddable":true,"href":"https:\/\/nachoescartin.es\/an\/wp-json\/wp\/v2\/media\/892"}],"wp:attachment":[{"href":"https:\/\/nachoescartin.es\/an\/wp-json\/wp\/v2\/media?parent=891"}],"wp:term":[{"taxonomy":"category","embeddable":true,"href":"https:\/\/nachoescartin.es\/an\/wp-json\/wp\/v2\/categories?post=891"},{"taxonomy":"post_tag","embeddable":true,"href":"https:\/\/nachoescartin.es\/an\/wp-json\/wp\/v2\/tags?post=891"}],"curies":[{"name":"wp","href":"https:\/\/api.w.org\/{rel}","templated":true}]}}