{"id":89,"date":"2018-02-22T15:32:41","date_gmt":"2018-02-22T15:32:41","guid":{"rendered":"https:\/\/nachoescartin.wordpress.com\/?p=89"},"modified":"2018-02-22T15:32:41","modified_gmt":"2018-02-22T15:32:41","slug":"yo-ya-he-votado-si-a-los-presupuestos-en-aragon","status":"publish","type":"post","link":"https:\/\/nachoescartin.es\/an\/yo-ya-he-votado-si-a-los-presupuestos-en-aragon\/","title":{"rendered":"Yo ya he votado si a los presupuestos en Arag\u00f3n"},"content":{"rendered":"<p>Acabo de votar SI para que salgan adelante los Presupuestos de Arag\u00f3n para 2018. Si est\u00e1s inscrito en Podemos, entra en https:\/\/participa.podemos.info y vota t\u00fa tambi\u00e9n antes del lunes.<\/p>\n<p>He votado SI porque creo que es mejor para los aragoneses, para Arag\u00f3n y para Podemos. Este a\u00f1o hemos logrado mejores dotaciones para unos servicios p\u00fablicos de calidad, m\u00e1s personal sanitario y mejores y nuevas infraestructuras educativas, plan para cocinas propias en colegios p\u00fablicos, contratar 10,5 meses a los bomberos forestales, planes de empleo para mujeres y el mundo rural, m\u00e1s becas universitarias, creaci\u00f3n de un servicio propio de bomberos en Huesca&#8230;<\/p>\n<p>Votar SI a estos presupuestos es culminar una tramitaci\u00f3n en la que desde los C\u00edrculos, grupos de trabajo y personas expertas y colaboradoras de Podemos hemos trabajado para introducir enmiendas muy positivas para Arag\u00f3n (un 70% de las cuales han entrado en el presupuesto, 72 millones de euros en total) y que presionamos para que se ejecuten y concreten en hechos.<\/p>\n<p>Podemos no somos Gobierno, el presupuesto es de PSOE y CHA, nos diferencian much\u00edsimas cosas que seguimos confrontado m\u00e1s all\u00e1 de los presupuestos, y aun as\u00ed en estas cuentas hemos logrado meter partidas para inversiones que van en nuestro programa y mejoran las vidas de los aragoneses.<\/p>\n<p>Y cuando gobernemos en 2019, haremos nuestros propios presupuestos, los que necesita el Arag\u00f3n del futuro.<br \/>\nM\u00e1s informaci\u00f3n en https:\/\/aragon.podemos.info\/consulta-los-presupuestos-arag\u2026\/<\/p>","protected":false},"excerpt":{"rendered":"<p>Acabo de votar SI para que salgan adelante los Presupuestos de Arag\u00f3n para 2018. Si est\u00e1s inscrito en Podemos, entra [&hellip;]<\/p>\n","protected":false},"author":1,"featured_media":90,"comment_status":"open","ping_status":"closed","sticky":false,"template":"","format":"standard","meta":{"site-sidebar-layout":"default","site-content-layout":"","ast-site-content-layout":"default","site-content-style":"default","site-sidebar-style":"default","ast-global-header-display":"","ast-banner-title-visibility":"","ast-main-header-display":"","ast-hfb-above-header-display":"","ast-hfb-below-header-display":"","ast-hfb-mobile-header-display":"","site-post-title":"","ast-breadcrumbs-content":"","ast-featured-img":"","footer-sml-layout":"","ast-disable-related-posts":"","theme-transparent-header-meta":"","adv-header-id-meta":"","stick-header-meta":"","header-above-stick-meta":"","header-main-stick-meta":"","header-below-stick-meta":"","astra-migrate-meta-layouts":"default","ast-page-background-enabled":"default","ast-page-background-meta":{"desktop":{"background-color":"","background-image":"","background-repeat":"repeat","background-position":"center center","background-size":"auto","background-attachment":"scroll","background-type":"","background-media":"","overlay-type":"","overlay-color":"","overlay-opacity":"","overlay-gradient":""},"tablet":{"background-color":"","background-image":"","background-repeat":"repeat","background-position":"center center","background-size":"auto","background-attachment":"scroll","background-type":"","background-media":"","overlay-type":"","overlay-color":"","overlay-opacity":"","overlay-gradient":""},"mobile":{"background-color":"","background-image":"","background-repeat":"repeat","background-position":"center center","background-size":"auto","background-attachment":"scroll","background-type":"","background-media":"","overlay-type":"","overlay-color":"","overlay-opacity":"","overlay-gradient":""}},"ast-content-background-meta":{"desktop":{"background-color":"var(--ast-global-color-5)","background-image":"","background-repeat":"repeat","background-position":"center center","background-size":"auto","background-attachment":"scroll","background-type":"","background-media":"","overlay-type":"","overlay-color":"","overlay-opacity":"","overlay-gradient":""},"tablet":{"background-color":"var(--ast-global-color-5)","background-image":"","background-repeat":"repeat","background-position":"center center","background-size":"auto","background-attachment":"scroll","background-type":"","background-media":"","overlay-type":"","overlay-color":"","overlay-opacity":"","overlay-gradient":""},"mobile":{"background-color":"var(--ast-global-color-5)","background-image":"","background-repeat":"repeat","background-position":"center center","background-size":"auto","background-attachment":"scroll","background-type":"","background-media":"","overlay-type":"","overlay-color":"","overlay-opacity":"","overlay-gradient":""}},"_joinchat":[],"footnotes":""},"categories":[25,23],"tags":[],"class_list":["post-89","post","type-post","status-publish","format-standard","has-post-thumbnail","hentry","category-enredando","category-sembrando"],"_links":{"self":[{"href":"https:\/\/nachoescartin.es\/an\/wp-json\/wp\/v2\/posts\/89","targetHints":{"allow":["GET"]}}],"collection":[{"href":"https:\/\/nachoescartin.es\/an\/wp-json\/wp\/v2\/posts"}],"about":[{"href":"https:\/\/nachoescartin.es\/an\/wp-json\/wp\/v2\/types\/post"}],"author":[{"embeddable":true,"href":"https:\/\/nachoescartin.es\/an\/wp-json\/wp\/v2\/users\/1"}],"replies":[{"embeddable":true,"href":"https:\/\/nachoescartin.es\/an\/wp-json\/wp\/v2\/comments?post=89"}],"version-history":[{"count":0,"href":"https:\/\/nachoescartin.es\/an\/wp-json\/wp\/v2\/posts\/89\/revisions"}],"wp:featuredmedia":[{"embeddable":true,"href":"https:\/\/nachoescartin.es\/an\/wp-json\/wp\/v2\/media\/90"}],"wp:attachment":[{"href":"https:\/\/nachoescartin.es\/an\/wp-json\/wp\/v2\/media?parent=89"}],"wp:term":[{"taxonomy":"category","embeddable":true,"href":"https:\/\/nachoescartin.es\/an\/wp-json\/wp\/v2\/categories?post=89"},{"taxonomy":"post_tag","embeddable":true,"href":"https:\/\/nachoescartin.es\/an\/wp-json\/wp\/v2\/tags?post=89"}],"curies":[{"name":"wp","href":"https:\/\/api.w.org\/{rel}","templated":true}]}}