{"id":888,"date":"2020-09-05T17:50:24","date_gmt":"2020-09-05T17:50:24","guid":{"rendered":"http:\/\/nachoescartin.es\/?p=888"},"modified":"2020-09-05T17:50:24","modified_gmt":"2020-09-05T17:50:24","slug":"que-horizonte-hegemonia-estado-y-revolucion-democratica-de-alvaro-garcia-linera-e-inigo-errejon","status":"publish","type":"post","link":"https:\/\/nachoescartin.es\/an\/que-horizonte-hegemonia-estado-y-revolucion-democratica-de-alvaro-garcia-linera-e-inigo-errejon\/","title":{"rendered":"\u201cQu\u00e9 horizonte. Hegemon\u00eda, Estado y revoluci\u00f3n democr\u00e1tica\u201d de \u00c1lvaro Garc\u00eda Linera e \u00cd\u00f1igo Errej\u00f3n"},"content":{"rendered":"<p>Este libro, de algo m\u00e1s de 100 p\u00e1ginas editadas por Lengua de Trapo, es la transcripci\u00f3n de una conversaci\u00f3n entre \u00c1lvaro Garc\u00eda Linera, vicepresidente de Bolivia durante 13 a\u00f1os (con Evo Morales) e \u00cd\u00f1igo Errej\u00f3n, cofundador de Podemos y diputado de M\u00e1s Pa\u00eds en el Congreso de los Diputados de Espa\u00f1a. Ambos tienen una amplia formaci\u00f3n te\u00f3rica sobre la hegemon\u00eda de los movimientos sociales y las diversas formas de luchas y comunidad.<\/p>\n<p>En esta ocasi\u00f3n reflexionan acerca de conceptos te\u00f3ricos como la hegemon\u00eda, la dominaci\u00f3n, la representaci\u00f3n o la revoluci\u00f3n, pero llevados a un contexto pr\u00e1ctico. En el caso de Garc\u00eda Linera, desde su experiencia gubernamental en uno de los \u201cpa\u00edses del cambio\u201d en Am\u00e9rica Latina y en el de Errej\u00f3n, en los \u00faltimos a\u00f1os de apuesta institucionalista en el estado espa\u00f1ol.<\/p>\n<p>La primera parte del libro, especialmente intelectual, es un intercambio de reflexiones sobre la efectividad del discurso, los mitos que se rompen o el nacimiento de la confianza en un \u201cnosotros\u201d nuevo. A m\u00ed personalmente, me ha costado \u201centrar\u201d en esta parte del libro, a la que he encontrado m\u00e1s sentido cuando he llegado al final.<\/p>\n<p>En la segunda parte concretan elementos hacia cambios pol\u00edticos profundos, sintetizados en 4: la divisi\u00f3n y desorientaci\u00f3n de quienes mandan; la ineficacia de las instituciones para canalizar las quejas y necesidades; la sensaci\u00f3n de que merece la pena organizarse para cambiar las cosas; y la configuraci\u00f3n de un actor pol\u00edtico que articule, una y genere nuevos referentes culturales, liderazgos y figuras en las que confiar. Esta ese la tesis esencial del libro, el \u201cc\u00f3mo ganar\u201d, en un proceso constante en el que hay momentos de victoria (como en los \u201cAyuntamientos del cambio\u201d o en el Gobierno de coalici\u00f3n progresista) y otros de rearticulaci\u00f3n del movimiento.<\/p>\n<p>Especialmente interesante me han resultado las aportaciones entorno a la llegada a los gobiernos, a la gesti\u00f3n, a esa paradoja entre la democratizaci\u00f3n y la toma de decisiones constantes, entre la audacia y la burocracia, entre la acci\u00f3n institucional y el favorecimiento de m\u00e1s comunidad pol\u00edtica. En definitiva, la eterna paradoja sobre cu\u00e1nto espacio hay en un Estado para la pol\u00edtica.<\/p>\n<p>Yo soy de los que piensa que la v\u00eda institucional no hay que despreciarla, porque en el Estado hay much\u00edsimo poder y capacidad de influencia social y actuaci\u00f3n. Pero creo, al mismo, tiempo, que necesitamos una reflexi\u00f3n colectiva profunda para no repetir errores y seguir creando comunidad y sentido com\u00fan, m\u00e1s all\u00e1 de lo que hemos avanzando en los \u00faltimos a\u00f1os. Este libro nos ayuda a reflexionar sobre lo andado y enderezar los pasos venideros.<\/p>\n<p>&nbsp;<\/p>","protected":false},"excerpt":{"rendered":"<p>Este libro, de algo m\u00e1s de 100 p\u00e1ginas editadas por Lengua de Trapo, es la transcripci\u00f3n de una conversaci\u00f3n entre [&hellip;]<\/p>\n","protected":false},"author":1,"featured_media":889,"comment_status":"open","ping_status":"closed","sticky":false,"template":"","format":"standard","meta":{"site-sidebar-layout":"default","site-content-layout":"","ast-site-content-layout":"default","site-content-style":"default","site-sidebar-style":"default","ast-global-header-display":"","ast-banner-title-visibility":"","ast-main-header-display":"","ast-hfb-above-header-display":"","ast-hfb-below-header-display":"","ast-hfb-mobile-header-display":"","site-post-title":"","ast-breadcrumbs-content":"","ast-featured-img":"","footer-sml-layout":"","ast-disable-related-posts":"","theme-transparent-header-meta":"","adv-header-id-meta":"","stick-header-meta":"","header-above-stick-meta":"","header-main-stick-meta":"","header-below-stick-meta":"","astra-migrate-meta-layouts":"default","ast-page-background-enabled":"default","ast-page-background-meta":{"desktop":{"background-color":"","background-image":"","background-repeat":"repeat","background-position":"center center","background-size":"auto","background-attachment":"scroll","background-type":"","background-media":"","overlay-type":"","overlay-color":"","overlay-opacity":"","overlay-gradient":""},"tablet":{"background-color":"","background-image":"","background-repeat":"repeat","background-position":"center center","background-size":"auto","background-attachment":"scroll","background-type":"","background-media":"","overlay-type":"","overlay-color":"","overlay-opacity":"","overlay-gradient":""},"mobile":{"background-color":"","background-image":"","background-repeat":"repeat","background-position":"center center","background-size":"auto","background-attachment":"scroll","background-type":"","background-media":"","overlay-type":"","overlay-color":"","overlay-opacity":"","overlay-gradient":""}},"ast-content-background-meta":{"desktop":{"background-color":"var(--ast-global-color-5)","background-image":"","background-repeat":"repeat","background-position":"center center","background-size":"auto","background-attachment":"scroll","background-type":"","background-media":"","overlay-type":"","overlay-color":"","overlay-opacity":"","overlay-gradient":""},"tablet":{"background-color":"var(--ast-global-color-5)","background-image":"","background-repeat":"repeat","background-position":"center center","background-size":"auto","background-attachment":"scroll","background-type":"","background-media":"","overlay-type":"","overlay-color":"","overlay-opacity":"","overlay-gradient":""},"mobile":{"background-color":"var(--ast-global-color-5)","background-image":"","background-repeat":"repeat","background-position":"center center","background-size":"auto","background-attachment":"scroll","background-type":"","background-media":"","overlay-type":"","overlay-color":"","overlay-opacity":"","overlay-gradient":""}},"_joinchat":[],"footnotes":""},"categories":[26],"tags":[39,182,278,279,50,280,281,282,133,283,86,284],"class_list":["post-888","post","type-post","status-publish","format-standard","has-post-thumbnail","hentry","category-cultivando","tag-cultura","tag-democracia","tag-estado","tag-futuro","tag-gobierno","tag-hegemonia","tag-horizonte","tag-izquierda","tag-libro","tag-movimiento","tag-politica","tag-revolucion"],"_links":{"self":[{"href":"https:\/\/nachoescartin.es\/an\/wp-json\/wp\/v2\/posts\/888","targetHints":{"allow":["GET"]}}],"collection":[{"href":"https:\/\/nachoescartin.es\/an\/wp-json\/wp\/v2\/posts"}],"about":[{"href":"https:\/\/nachoescartin.es\/an\/wp-json\/wp\/v2\/types\/post"}],"author":[{"embeddable":true,"href":"https:\/\/nachoescartin.es\/an\/wp-json\/wp\/v2\/users\/1"}],"replies":[{"embeddable":true,"href":"https:\/\/nachoescartin.es\/an\/wp-json\/wp\/v2\/comments?post=888"}],"version-history":[{"count":0,"href":"https:\/\/nachoescartin.es\/an\/wp-json\/wp\/v2\/posts\/888\/revisions"}],"wp:featuredmedia":[{"embeddable":true,"href":"https:\/\/nachoescartin.es\/an\/wp-json\/wp\/v2\/media\/889"}],"wp:attachment":[{"href":"https:\/\/nachoescartin.es\/an\/wp-json\/wp\/v2\/media?parent=888"}],"wp:term":[{"taxonomy":"category","embeddable":true,"href":"https:\/\/nachoescartin.es\/an\/wp-json\/wp\/v2\/categories?post=888"},{"taxonomy":"post_tag","embeddable":true,"href":"https:\/\/nachoescartin.es\/an\/wp-json\/wp\/v2\/tags?post=888"}],"curies":[{"name":"wp","href":"https:\/\/api.w.org\/{rel}","templated":true}]}}