{"id":883,"date":"2020-08-06T07:03:10","date_gmt":"2020-08-06T07:03:10","guid":{"rendered":"http:\/\/nachoescartin.es\/?p=883"},"modified":"2020-08-06T07:03:10","modified_gmt":"2020-08-06T07:03:10","slug":"epidemiocracia-de-javier-padilla-y-pedro-gullon","status":"publish","type":"post","link":"https:\/\/nachoescartin.es\/an\/epidemiocracia-de-javier-padilla-y-pedro-gullon\/","title":{"rendered":"Epidemiocracia\u201d de Javier Padilla y Pedro Gull\u00f3n"},"content":{"rendered":"<p>\u201cNadie est\u00e1 a salvo si no estamos todos a salvo\u201d. Frente a las epidemias y ante la actual crisis \u201cmatrioushka\u201d (sanitaria, social, pol\u00edtica, econ\u00f3mica, ambiental, de cuidados, territorial\u2026), este libro ofrece propuestas pol\u00edticas concretas para dar respuesta a lo que estamos viviendo y lo que puede venir.<\/p>\n<p>\u201cLa confrontaci\u00f3n entre econom\u00eda y salud tiene poco de nuevo, y los argumentos que se manejan en dicho debate apenas se han actualizado desde hace dos siglos\u201d. Javier Padilla y Pedro Gull\u00f3n son profesionales de la sanidad p\u00fablica, m\u00e9dico de familia y epidemi\u00f3logo, respectivamente. Ambos comparten sus estudios de los determinantes de la salud y sus pr\u00e1cticas comunitarias, dentro del Colectivo Silesia, y firman un libro muy \u00fatil.<\/p>\n<p>Voy al ir al grano, a las propuestas. Apuestan por un \u201cPublic Health New Deal\u201d, un pacto en el que la salud p\u00fablica atraviese y determine las decisiones que hemos de tomar sobre econom\u00eda, trabajo, movilidad, urbanismo o alimentaci\u00f3n. Se trata de enredar las pol\u00edticas sociales y sanitarias para afrontar los principales retos colectivos que tenemos: poner freno a las desigualdades y a la soledad no deseada.<\/p>\n<p>Reivindican nuevos derechos \u201cpospand\u00e9micos\u201d: derechos a respirar, a lo pr\u00f3ximo, al arraigo y al ocio, con una mirada eco feminista y con los cuidados repartidos en el centro de las pol\u00edticas p\u00fablicas, junto al reforzamiento del estado del bienestar (sanidad, educaci\u00f3n, pensiones, prestaciones de desempleo, vivienda\u2026), pol\u00edticas valientes de ingresos b\u00e1sicos (Renta B\u00e1sica Universal) y reducci\u00f3n de horas semanales de trabajo.<\/p>\n<p>La salud s\u00ed entiende de clases, como bien argumentan en el libro. Los humanos no somos virus. Lo que es un virus es el sistema econ\u00f3mico que antepone los intereses del capital y de unas \u00e9lites millonarias por delante de la vida de millones de personas y de la naturaleza.<\/p>\n<p>Hac\u00eda el futuro, debemos prepararnos para lo impensable. En palabras de Keynes: \u201cLo inevitable rara vez sucede, es lo inesperado lo que suele ocurrir\u201d. Las pandemias son problemas sociales, m\u00e1s que m\u00e9dicos. Lo estamos viendo estos d\u00edas por todo el mundo: quienes mueren y quienes m\u00e1s sufren son quienes no tienen dinero, quienes no pueden protegerse en habitaciones asiladas, quienes no pueden trabajar con seguridad, quienes no tienen informaci\u00f3n o recursos para cuidar su propia salud. Las condiciones de vida (infravivienda, hacinamiento, falta de espacios abiertos en las ciudades, precariedad laboral, el modelo de movilidad\u2026) condicionan nuestra salud. Al igual que lo hace la invasi\u00f3n de los ecosistemas y el aumento de la contaminaci\u00f3n.<\/p>\n<p>Las pol\u00edticas de austeridad matan. Frente a los recortes en la sanidad p\u00fablica, los autores proponen un Sistema Nacional de Cuidados, en el que lo social y lo sanitario est\u00e9n mucho m\u00e1s coordinados, con una apuesta valiente por la Atenci\u00f3n Primaria implicada en las redes vecinales y comunitarias, una desmedicalizaci\u00f3n y un uso de los hospitales m\u00e1s centrado en las intervenciones especializadas. Se trata de abordar, desde una mirada salubrista, las acciones pol\u00edticas y comunitarias que reduzcan desigualdades y mejoren los cuidados compartidos. Con propuestas concretas como dar m\u00e1s protagonismo a la enfermer\u00eda en los cuidados de personas mayores, con m\u00e1s atenci\u00f3n a domicilio y m\u00e1s autonom\u00eda, entre otras muchas.<\/p>\n<p>Plantean un sistema sanitario resiliente, que promueva la cohesi\u00f3n social y proteja a todas las personas: Aplanar la curva social mediante un an\u00e1lisis de los fen\u00f3menos de la salud entrelazado con la pol\u00edtica y las desigualdades sociales.<\/p>\n<p>Esta es una peque\u00f1a parte del libro, en el que se abordan muchos otros contenidos interesant\u00edsimo: el papel de la ciencia, la comunicaci\u00f3n divulgativa, el estigma hacia personas mayores, infancia, migrantes o presas, el paternalismo de la Salud P\u00fablica, debates \u00e9ticos y criterios sobre \u201c\u00bfA qui\u00e9n dejamos morir?\u201d o la epidemiol\u00f3gica pol\u00edtica y m\u00e1s.<\/p>\n<p>Adem\u00e1s, el libro, editado por Capital Swing, cuenta con un sugerente pr\u00f3logo de Yayo Herrero, en el nos acerca de manera muy pedag\u00f3gica su mirada compleja de la actual crisis civilizatoria. Yayo plantea la superaci\u00f3n de la dicotom\u00eda capital-vida y un aprendizaje colectivo urgente para aprender a vivir con lo suficiente, repartir la riqueza y las obligaciones de cuidados, con resiliencia y univerrsalidad, tal y como defienden los autores del libro.<\/p>\n<p>Un libro muy accesible, \u00fatil y necesario.<\/p>","protected":false},"excerpt":{"rendered":"<p>\u201cNadie est\u00e1 a salvo si no estamos todos a salvo\u201d. Frente a las epidemias y ante la actual crisis \u201cmatrioushka\u201d [&hellip;]<\/p>\n","protected":false},"author":1,"featured_media":884,"comment_status":"open","ping_status":"closed","sticky":false,"template":"","format":"standard","meta":{"site-sidebar-layout":"default","site-content-layout":"","ast-site-content-layout":"default","site-content-style":"default","site-sidebar-style":"default","ast-global-header-display":"","ast-banner-title-visibility":"","ast-main-header-display":"","ast-hfb-above-header-display":"","ast-hfb-below-header-display":"","ast-hfb-mobile-header-display":"","site-post-title":"","ast-breadcrumbs-content":"","ast-featured-img":"","footer-sml-layout":"","ast-disable-related-posts":"","theme-transparent-header-meta":"","adv-header-id-meta":"","stick-header-meta":"","header-above-stick-meta":"","header-main-stick-meta":"","header-below-stick-meta":"","astra-migrate-meta-layouts":"default","ast-page-background-enabled":"default","ast-page-background-meta":{"desktop":{"background-color":"","background-image":"","background-repeat":"repeat","background-position":"center center","background-size":"auto","background-attachment":"scroll","background-type":"","background-media":"","overlay-type":"","overlay-color":"","overlay-opacity":"","overlay-gradient":""},"tablet":{"background-color":"","background-image":"","background-repeat":"repeat","background-position":"center center","background-size":"auto","background-attachment":"scroll","background-type":"","background-media":"","overlay-type":"","overlay-color":"","overlay-opacity":"","overlay-gradient":""},"mobile":{"background-color":"","background-image":"","background-repeat":"repeat","background-position":"center center","background-size":"auto","background-attachment":"scroll","background-type":"","background-media":"","overlay-type":"","overlay-color":"","overlay-opacity":"","overlay-gradient":""}},"ast-content-background-meta":{"desktop":{"background-color":"var(--ast-global-color-5)","background-image":"","background-repeat":"repeat","background-position":"center center","background-size":"auto","background-attachment":"scroll","background-type":"","background-media":"","overlay-type":"","overlay-color":"","overlay-opacity":"","overlay-gradient":""},"tablet":{"background-color":"var(--ast-global-color-5)","background-image":"","background-repeat":"repeat","background-position":"center center","background-size":"auto","background-attachment":"scroll","background-type":"","background-media":"","overlay-type":"","overlay-color":"","overlay-opacity":"","overlay-gradient":""},"mobile":{"background-color":"var(--ast-global-color-5)","background-image":"","background-repeat":"repeat","background-position":"center center","background-size":"auto","background-attachment":"scroll","background-type":"","background-media":"","overlay-type":"","overlay-color":"","overlay-opacity":"","overlay-gradient":""}},"_joinchat":[],"footnotes":""},"categories":[26],"tags":[266,274,93,275,133,276,277,135,271],"class_list":["post-883","post","type-post","status-publish","format-standard","has-post-thumbnail","hentry","category-cultivando","tag-coronavirus","tag-cuidados","tag-desigualdad","tag-ecofeminismo","tag-libro","tag-pandemia","tag-renta-social-basica","tag-salud","tag-sanidad"],"_links":{"self":[{"href":"https:\/\/nachoescartin.es\/an\/wp-json\/wp\/v2\/posts\/883","targetHints":{"allow":["GET"]}}],"collection":[{"href":"https:\/\/nachoescartin.es\/an\/wp-json\/wp\/v2\/posts"}],"about":[{"href":"https:\/\/nachoescartin.es\/an\/wp-json\/wp\/v2\/types\/post"}],"author":[{"embeddable":true,"href":"https:\/\/nachoescartin.es\/an\/wp-json\/wp\/v2\/users\/1"}],"replies":[{"embeddable":true,"href":"https:\/\/nachoescartin.es\/an\/wp-json\/wp\/v2\/comments?post=883"}],"version-history":[{"count":0,"href":"https:\/\/nachoescartin.es\/an\/wp-json\/wp\/v2\/posts\/883\/revisions"}],"wp:featuredmedia":[{"embeddable":true,"href":"https:\/\/nachoescartin.es\/an\/wp-json\/wp\/v2\/media\/884"}],"wp:attachment":[{"href":"https:\/\/nachoescartin.es\/an\/wp-json\/wp\/v2\/media?parent=883"}],"wp:term":[{"taxonomy":"category","embeddable":true,"href":"https:\/\/nachoescartin.es\/an\/wp-json\/wp\/v2\/categories?post=883"},{"taxonomy":"post_tag","embeddable":true,"href":"https:\/\/nachoescartin.es\/an\/wp-json\/wp\/v2\/tags?post=883"}],"curies":[{"name":"wp","href":"https:\/\/api.w.org\/{rel}","templated":true}]}}