{"id":86,"date":"2018-02-28T15:30:08","date_gmt":"2018-02-28T15:30:08","guid":{"rendered":"https:\/\/nachoescartin.wordpress.com\/?p=86"},"modified":"2018-02-28T15:30:08","modified_gmt":"2018-02-28T15:30:08","slug":"puertas-giratorias-que-ponen-en-peligro-nuestra-salud","status":"publish","type":"post","link":"https:\/\/nachoescartin.es\/an\/puertas-giratorias-que-ponen-en-peligro-nuestra-salud\/","title":{"rendered":"Puertas giratorias que ponen en peligro nuestra salud"},"content":{"rendered":"<p>En la inauguraci\u00f3n de la FIMA la Ministra Garc\u00eda Tejerina me abord\u00f3 de malos modos y delante de algunos representantes de organizaciones agrarias aragonesas. La Ministra me insult\u00f3 de varias formas: que Podemos est\u00e1bamos contra los agricultores, que quer\u00edamos expropiar tierras como en Venezuela, que la agricultura ecol\u00f3gica es para pijos o que sin qu\u00edmicos no se puede vivir en el campo, entre otras lindezas. Tal vez no sab\u00eda la Ministra que yo, agricultor ecol\u00f3gico, me he metido a la pol\u00edtica institucional para defender con rasmia a los trabajadores del campo y a las personas que vivimos en pueblos. Es patente que al PP le interesa estigmatizarnos e insultarnos con frases hechas, porque amenazamos su poder, hasta ahora, en el mundo rural.<\/p>\n<p>Se ve\u00eda que la Ministra estaba nerviosa porque esta semana Unidos Podemos hemos presentado en el Congreso de los Diputados la solicitud de su reprobaci\u00f3n y su cese como Ministra, por sus m\u00faltiples conflictos de intereses con la industria agroqu\u00edmica. Una propuesta que se debatir\u00e1 en unos d\u00edas y que veremos si prospera, con los apoyos de Cs y PSOE.<\/p>\n<p>En lugar de defender nuestra salud frente al glifosato o al cadmio, elementos cancer\u00edgenos que la normativa europea est\u00e1 recomendando reducir, la estrecha relaci\u00f3n de la Ministra con la empresa Fertiberia, perteneciente al grupo Villar Mir (investigado en el caso Lezo con la financiaci\u00f3n ilegal del PP), la posiciona interesada en que las normativas medioambientales no avancen.<\/p>\n<p>Una Ministra de agricultura y medio ambiente deber\u00eda defender el inter\u00e9s p\u00fablico, la salud de la gente y el medioambiente.<\/p>\n<p>(la foto no es muy buena, pero muestra el momento justo en que la Ministra me cogi\u00f3 por banda).<\/p>","protected":false},"excerpt":{"rendered":"<p>En la inauguraci\u00f3n de la FIMA la Ministra Garc\u00eda Tejerina me abord\u00f3 de malos modos y delante de algunos representantes [&hellip;]<\/p>\n","protected":false},"author":1,"featured_media":87,"comment_status":"open","ping_status":"closed","sticky":false,"template":"","format":"standard","meta":{"site-sidebar-layout":"default","site-content-layout":"","ast-site-content-layout":"default","site-content-style":"default","site-sidebar-style":"default","ast-global-header-display":"","ast-banner-title-visibility":"","ast-main-header-display":"","ast-hfb-above-header-display":"","ast-hfb-below-header-display":"","ast-hfb-mobile-header-display":"","site-post-title":"","ast-breadcrumbs-content":"","ast-featured-img":"","footer-sml-layout":"","ast-disable-related-posts":"","theme-transparent-header-meta":"","adv-header-id-meta":"","stick-header-meta":"","header-above-stick-meta":"","header-main-stick-meta":"","header-below-stick-meta":"","astra-migrate-meta-layouts":"default","ast-page-background-enabled":"default","ast-page-background-meta":{"desktop":{"background-color":"","background-image":"","background-repeat":"repeat","background-position":"center center","background-size":"auto","background-attachment":"scroll","background-type":"","background-media":"","overlay-type":"","overlay-color":"","overlay-opacity":"","overlay-gradient":""},"tablet":{"background-color":"","background-image":"","background-repeat":"repeat","background-position":"center center","background-size":"auto","background-attachment":"scroll","background-type":"","background-media":"","overlay-type":"","overlay-color":"","overlay-opacity":"","overlay-gradient":""},"mobile":{"background-color":"","background-image":"","background-repeat":"repeat","background-position":"center center","background-size":"auto","background-attachment":"scroll","background-type":"","background-media":"","overlay-type":"","overlay-color":"","overlay-opacity":"","overlay-gradient":""}},"ast-content-background-meta":{"desktop":{"background-color":"var(--ast-global-color-5)","background-image":"","background-repeat":"repeat","background-position":"center center","background-size":"auto","background-attachment":"scroll","background-type":"","background-media":"","overlay-type":"","overlay-color":"","overlay-opacity":"","overlay-gradient":""},"tablet":{"background-color":"var(--ast-global-color-5)","background-image":"","background-repeat":"repeat","background-position":"center center","background-size":"auto","background-attachment":"scroll","background-type":"","background-media":"","overlay-type":"","overlay-color":"","overlay-opacity":"","overlay-gradient":""},"mobile":{"background-color":"var(--ast-global-color-5)","background-image":"","background-repeat":"repeat","background-position":"center center","background-size":"auto","background-attachment":"scroll","background-type":"","background-media":"","overlay-type":"","overlay-color":"","overlay-opacity":"","overlay-gradient":""}},"_joinchat":[],"footnotes":""},"categories":[24,23],"tags":[],"class_list":["post-86","post","type-post","status-publish","format-standard","has-post-thumbnail","hentry","category-desbrozando","category-sembrando"],"_links":{"self":[{"href":"https:\/\/nachoescartin.es\/an\/wp-json\/wp\/v2\/posts\/86","targetHints":{"allow":["GET"]}}],"collection":[{"href":"https:\/\/nachoescartin.es\/an\/wp-json\/wp\/v2\/posts"}],"about":[{"href":"https:\/\/nachoescartin.es\/an\/wp-json\/wp\/v2\/types\/post"}],"author":[{"embeddable":true,"href":"https:\/\/nachoescartin.es\/an\/wp-json\/wp\/v2\/users\/1"}],"replies":[{"embeddable":true,"href":"https:\/\/nachoescartin.es\/an\/wp-json\/wp\/v2\/comments?post=86"}],"version-history":[{"count":0,"href":"https:\/\/nachoescartin.es\/an\/wp-json\/wp\/v2\/posts\/86\/revisions"}],"wp:featuredmedia":[{"embeddable":true,"href":"https:\/\/nachoescartin.es\/an\/wp-json\/wp\/v2\/media\/87"}],"wp:attachment":[{"href":"https:\/\/nachoescartin.es\/an\/wp-json\/wp\/v2\/media?parent=86"}],"wp:term":[{"taxonomy":"category","embeddable":true,"href":"https:\/\/nachoescartin.es\/an\/wp-json\/wp\/v2\/categories?post=86"},{"taxonomy":"post_tag","embeddable":true,"href":"https:\/\/nachoescartin.es\/an\/wp-json\/wp\/v2\/tags?post=86"}],"curies":[{"name":"wp","href":"https:\/\/api.w.org\/{rel}","templated":true}]}}