{"id":858,"date":"2020-05-23T19:54:12","date_gmt":"2020-05-23T19:54:12","guid":{"rendered":"http:\/\/nachoescartin.es\/?p=858"},"modified":"2020-05-23T19:54:12","modified_gmt":"2020-05-23T19:54:12","slug":"tierra-de-mujeres-de-maria-sanchez","status":"publish","type":"post","link":"https:\/\/nachoescartin.es\/an\/tierra-de-mujeres-de-maria-sanchez\/","title":{"rendered":"\u201cTierra de mujeres\u201d de Mar\u00eda S\u00e1nchez"},"content":{"rendered":"<p>Este libro es el cord\u00f3n umbilical de una mujer veterinaria, entre su pasado familiar y su reivindicaci\u00f3n de un mundo rural vivo. Es un ensayo personal y tambi\u00e9n un manifiesto pol\u00edtico. No est\u00e1 lleno de propuestas sino de sentimientos. Este libro ensalza el v\u00ednculo que necesitamos para amar nuestros pueblos y la vida en el campo.<\/p>\n<p>Mar\u00eda S\u00e1nchez ha escrito un libro precioso, en el que reconoce la labor de las mujeres rurales. Mujeres en muchos casos invisibilizadas, al margen de las propiedades de la tierra, analfabetas, relegadas a un plano escondido y que no han podido escribir su propia historia. Mar\u00eda habla de eso, de sus ancestras, de quienes ha heredado su pasi\u00f3n por lo rural.<\/p>\n<p>Su mirada es feminista. De una nueva generaci\u00f3n que reivindica un feminismo de todas y para todas, en el que no se olviden los m\u00e1rgenes, que incluya la visi\u00f3n de los pueblos y tambi\u00e9n a las mujeres del campo m\u00e1s precarizadas. Mar\u00eda se\u00f1ala ese pasado machista, que impon\u00eda \u201chermanas de un hijo \u00fanico\u201d. Pero no lo hace con amargura, sino con orgullo feminista rural. Con empoderamiento de lo que somos, de d\u00f3nde venimos y hacia d\u00f3nde podr\u00edamos seguir caminando.<\/p>\n<p>Este libro da voz a las mujeres rurales. Y lo hace en primera persona y desde lo rural. No es un hombre quien escribe, no es un urbanita rom\u00e1ntico ni un estudioso de la universidad. Es una mujer veterinaria, criada en una familia de campo, relacionada desde su infancia con las faenas de la tierra.<\/p>\n<p>Por supuesto que nuestros pueblos necesitan servicios p\u00fablicos de calidad, los mismos derechos y oportunidades. Pero tambi\u00e9n necesitan reconocimiento y voces propias que acaben con ese sentimiento de inferioridad rural tan impuesto durante siglos. Esta voz propia, de Mar\u00eda S\u00e1nchez, es f\u00e9rtil y no llega tarde. Las ciudades y los pueblos nos necesitamos mutuamente. Es la hora de atrevernos a volver a lo rural, como algunos llevamos a\u00f1os haciendo, y plantear soluciones y alternativas hacia la agroecolog\u00eda, la ganader\u00eda extensiva, la biodiversidad, la soberan\u00eda alimentaria y una armon\u00eda en nuestros territorios diversos.<\/p>\n<p>\u201cHabiendo comida no tengo miedo de nada\u201d. Me ha encantado esta frase de su abuela.<\/p>","protected":false},"excerpt":{"rendered":"<p>Este libro es el cord\u00f3n umbilical de una mujer veterinaria, entre su pasado familiar y su reivindicaci\u00f3n de un mundo [&hellip;]<\/p>\n","protected":false},"author":1,"featured_media":859,"comment_status":"open","ping_status":"closed","sticky":false,"template":"","format":"standard","meta":{"site-sidebar-layout":"default","site-content-layout":"","ast-site-content-layout":"default","site-content-style":"default","site-sidebar-style":"default","ast-global-header-display":"","ast-banner-title-visibility":"","ast-main-header-display":"","ast-hfb-above-header-display":"","ast-hfb-below-header-display":"","ast-hfb-mobile-header-display":"","site-post-title":"","ast-breadcrumbs-content":"","ast-featured-img":"","footer-sml-layout":"","ast-disable-related-posts":"","theme-transparent-header-meta":"","adv-header-id-meta":"","stick-header-meta":"","header-above-stick-meta":"","header-main-stick-meta":"","header-below-stick-meta":"","astra-migrate-meta-layouts":"default","ast-page-background-enabled":"default","ast-page-background-meta":{"desktop":{"background-color":"","background-image":"","background-repeat":"repeat","background-position":"center center","background-size":"auto","background-attachment":"scroll","background-type":"","background-media":"","overlay-type":"","overlay-color":"","overlay-opacity":"","overlay-gradient":""},"tablet":{"background-color":"","background-image":"","background-repeat":"repeat","background-position":"center center","background-size":"auto","background-attachment":"scroll","background-type":"","background-media":"","overlay-type":"","overlay-color":"","overlay-opacity":"","overlay-gradient":""},"mobile":{"background-color":"","background-image":"","background-repeat":"repeat","background-position":"center center","background-size":"auto","background-attachment":"scroll","background-type":"","background-media":"","overlay-type":"","overlay-color":"","overlay-opacity":"","overlay-gradient":""}},"ast-content-background-meta":{"desktop":{"background-color":"var(--ast-global-color-5)","background-image":"","background-repeat":"repeat","background-position":"center center","background-size":"auto","background-attachment":"scroll","background-type":"","background-media":"","overlay-type":"","overlay-color":"","overlay-opacity":"","overlay-gradient":""},"tablet":{"background-color":"var(--ast-global-color-5)","background-image":"","background-repeat":"repeat","background-position":"center center","background-size":"auto","background-attachment":"scroll","background-type":"","background-media":"","overlay-type":"","overlay-color":"","overlay-opacity":"","overlay-gradient":""},"mobile":{"background-color":"var(--ast-global-color-5)","background-image":"","background-repeat":"repeat","background-position":"center center","background-size":"auto","background-attachment":"scroll","background-type":"","background-media":"","overlay-type":"","overlay-color":"","overlay-opacity":"","overlay-gradient":""}},"_joinchat":[],"footnotes":""},"categories":[26],"tags":[246,247,39,160,248,40,249,163,168,216,250],"class_list":["post-858","post","type-post","status-publish","format-standard","has-post-thumbnail","hentry","category-cultivando","tag-agroecologia","tag-animales","tag-cultura","tag-feminismo","tag-ganaderia-extensiva","tag-libros","tag-mujer-rural","tag-mujeres","tag-pueblos","tag-rural","tag-veterinaria"],"_links":{"self":[{"href":"https:\/\/nachoescartin.es\/an\/wp-json\/wp\/v2\/posts\/858","targetHints":{"allow":["GET"]}}],"collection":[{"href":"https:\/\/nachoescartin.es\/an\/wp-json\/wp\/v2\/posts"}],"about":[{"href":"https:\/\/nachoescartin.es\/an\/wp-json\/wp\/v2\/types\/post"}],"author":[{"embeddable":true,"href":"https:\/\/nachoescartin.es\/an\/wp-json\/wp\/v2\/users\/1"}],"replies":[{"embeddable":true,"href":"https:\/\/nachoescartin.es\/an\/wp-json\/wp\/v2\/comments?post=858"}],"version-history":[{"count":0,"href":"https:\/\/nachoescartin.es\/an\/wp-json\/wp\/v2\/posts\/858\/revisions"}],"wp:featuredmedia":[{"embeddable":true,"href":"https:\/\/nachoescartin.es\/an\/wp-json\/wp\/v2\/media\/859"}],"wp:attachment":[{"href":"https:\/\/nachoescartin.es\/an\/wp-json\/wp\/v2\/media?parent=858"}],"wp:term":[{"taxonomy":"category","embeddable":true,"href":"https:\/\/nachoescartin.es\/an\/wp-json\/wp\/v2\/categories?post=858"},{"taxonomy":"post_tag","embeddable":true,"href":"https:\/\/nachoescartin.es\/an\/wp-json\/wp\/v2\/tags?post=858"}],"curies":[{"name":"wp","href":"https:\/\/api.w.org\/{rel}","templated":true}]}}