{"id":832,"date":"2020-04-10T09:05:16","date_gmt":"2020-04-10T09:05:16","guid":{"rendered":"http:\/\/nachoescartin.es\/?p=832"},"modified":"2020-04-10T09:05:16","modified_gmt":"2020-04-10T09:05:16","slug":"en-la-espiral-de-la-energia-de-ramon-fernandez-duran-y-luis-gonzalez-reyes","status":"publish","type":"post","link":"https:\/\/nachoescartin.es\/an\/en-la-espiral-de-la-energia-de-ramon-fernandez-duran-y-luis-gonzalez-reyes\/","title":{"rendered":"\u201cEn la espiral de la energ\u00eda\u201d de Ram\u00f3n Fern\u00e1ndez Dur\u00e1n y Luis Gonz\u00e1lez Reyes"},"content":{"rendered":"<p>Estas m\u00e1s de 900 p\u00e1ginas nos cuentan la <strong>historia de la humanidad desde el papel de la energ\u00eda<\/strong> y las organizaciones humanas (entre otros saberes como la econom\u00eda, la ecolog\u00eda, la demograf\u00eda, el urbanismo o la filosof\u00eda). Es un libro impresionante, un trabajo colectivo que no me cansar\u00e9 de agradecer, fruto del estudio, el trabajo y las luchas de much\u00edsima gente y publicado en esta edici\u00f3n de Ecologistas en Acci\u00f3n.<\/p>\n<p>En cuanto pod\u00e1is comprarlo, os animo a hacerlo para colaborar con la editorial (Libros en Acci\u00f3n). Para estos d\u00edas de confinamiento os sugiero su lectura gratuita en esta web: <a href=\"https:\/\/www.ecologistasenaccion.org\/29055\/libro-en-la-espiral-de-la-energia\/\" target=\"_blank\" rel=\"noopener\">https:\/\/www.ecologistasenaccion.org\/29055\/libro-en-la-espiral-de-la-energia\/<\/a><\/p>\n<p>Hace m\u00e1s de 5 a\u00f1os le\u00ed este libro en cuanto lo recib\u00ed, tras la financiaci\u00f3n colectiva y la ingente labor de sus autores durante a\u00f1os. Ram\u00f3n muri\u00f3 antes de finalizarlo y Luis acept\u00f3 el reto de su amigo para rematarlo. El resultado son dos vol\u00famenes que no tienen desperdicio y recorren toda nuestra historia, <strong>desde el Homo Sapiens, hasta hoy<\/strong>. Para imaginar el futuro necesitamos una <strong>perspectiva hist\u00f3rica completa, sin fracciones,<\/strong> que abarque muchas aristas de este mundo complejo, especialmente en los \u00faltimos a\u00f1os.<\/p>\n<p>Estos d\u00edas estoy releyendo el libro y os animo con pasi\u00f3n a hacerlo, bien de forma completa, bien seleccionando los cap\u00edtulos que m\u00e1s os interesen. De cualquier forma seguro que aprend\u00e9is algo y os sirve para comprender mejor c\u00f3mo hemos llegado hasta aqu\u00ed.<\/p>\n<p style=\"text-align: justify;\">La tesis principal del libro es <strong>la energ\u00eda como factor determinante del devenir hist\u00f3rico<\/strong>. Energ\u00eda, materiales y tecnolog\u00eda, que definen el marco en el que vivimos. Desde sociedades forrajeras, pasado por las revoluciones agrarias e industriales, el nacimiento de las ciudades, Estados y comercio, hasta el actual sistema urbano-agro-industrial que est\u00e1 colapsando porque el planeta no da m\u00e1s de si.<\/p>\n<p style=\"text-align: justify;\">Los cambios clim\u00e1ticos, el entorno f\u00edsico y biol\u00f3gico, determinan nuestras vidas, pero no las gobiernan, ya que son las <strong>decisiones y acciones humanas<\/strong> las que definen nuestras sociedades. En este sentido, el libro no es catastrofista, porque marca algunas l\u00edneas de evoluci\u00f3n, con <strong>esperanza<\/strong> y convicci\u00f3n en que la sociabilidad y la cooperaci\u00f3n son caracter\u00edsticas inertes al ser humano.<\/p>\n<p style=\"text-align: justify;\">La historia tiene forma de espiral y, hoy m\u00e1s que nunca, el futuro es incierto. Lo que vaya a surgir depender\u00e1 de nuestra voluntad colectiva, capacidad de adaptarnos a la realidad y cambiar muchos h\u00e1bitos y formas de vida, pero seguro que ser\u00e1 radicalmente distinto. Y no tardar\u00e1 mucho en verse. Ya lo estamos viviendo. Seamos conscientes.<br \/>\nNunca en el planeta hemos estado m\u00e1s conectados y, al mismo tiempo, nunca hemos sido tan vulnerables. El capitalismo global no est\u00e1 preparado para afrontar la situaci\u00f3n actual y nos toca fortalecer lazos comunitarios y relaciones m\u00e1s cercanas.<br \/>\nEl segundo volumen, especialmente, traza diversas l\u00edneas de futuro y es especialmente valioso en estos momentos. Con s\u00f3lo 5 a\u00f1os de perspectiva ya podemos afirmar que los autores aciertan en algunas de sus predicciones y otras estar\u00e1n todav\u00eda por llegar. El declive energ\u00e9tico del petr\u00f3leo y de otros minerales imprescindibles para los consumos actuales determinar\u00e1n un colapso que puede ser una ventana de oportunidad para cambios \u201cecomunitarios\u201d (concepto que inventan) que pueden dar paso a unas vidas mejores, m\u00e1s felices y en sociedades m\u00e1s equitativas y justas. En eso estamos.<\/p>","protected":false},"excerpt":{"rendered":"<p>Estas m\u00e1s de 900 p\u00e1ginas nos cuentan la historia de la humanidad desde el papel de la energ\u00eda y las [&hellip;]<\/p>\n","protected":false},"author":1,"featured_media":834,"comment_status":"open","ping_status":"closed","sticky":false,"template":"","format":"standard","meta":{"site-sidebar-layout":"default","site-content-layout":"","ast-site-content-layout":"default","site-content-style":"default","site-sidebar-style":"default","ast-global-header-display":"","ast-banner-title-visibility":"","ast-main-header-display":"","ast-hfb-above-header-display":"","ast-hfb-below-header-display":"","ast-hfb-mobile-header-display":"","site-post-title":"","ast-breadcrumbs-content":"","ast-featured-img":"","footer-sml-layout":"","ast-disable-related-posts":"","theme-transparent-header-meta":"","adv-header-id-meta":"","stick-header-meta":"","header-above-stick-meta":"","header-main-stick-meta":"","header-below-stick-meta":"","astra-migrate-meta-layouts":"default","ast-page-background-enabled":"default","ast-page-background-meta":{"desktop":{"background-color":"","background-image":"","background-repeat":"repeat","background-position":"center center","background-size":"auto","background-attachment":"scroll","background-type":"","background-media":"","overlay-type":"","overlay-color":"","overlay-opacity":"","overlay-gradient":""},"tablet":{"background-color":"","background-image":"","background-repeat":"repeat","background-position":"center center","background-size":"auto","background-attachment":"scroll","background-type":"","background-media":"","overlay-type":"","overlay-color":"","overlay-opacity":"","overlay-gradient":""},"mobile":{"background-color":"","background-image":"","background-repeat":"repeat","background-position":"center center","background-size":"auto","background-attachment":"scroll","background-type":"","background-media":"","overlay-type":"","overlay-color":"","overlay-opacity":"","overlay-gradient":""}},"ast-content-background-meta":{"desktop":{"background-color":"var(--ast-global-color-5)","background-image":"","background-repeat":"repeat","background-position":"center center","background-size":"auto","background-attachment":"scroll","background-type":"","background-media":"","overlay-type":"","overlay-color":"","overlay-opacity":"","overlay-gradient":""},"tablet":{"background-color":"var(--ast-global-color-5)","background-image":"","background-repeat":"repeat","background-position":"center center","background-size":"auto","background-attachment":"scroll","background-type":"","background-media":"","overlay-type":"","overlay-color":"","overlay-opacity":"","overlay-gradient":""},"mobile":{"background-color":"var(--ast-global-color-5)","background-image":"","background-repeat":"repeat","background-position":"center center","background-size":"auto","background-attachment":"scroll","background-type":"","background-media":"","overlay-type":"","overlay-color":"","overlay-opacity":"","overlay-gradient":""}},"_joinchat":[],"footnotes":""},"categories":[26],"tags":[62,210,226,39,227,228,130,229,133,204,221],"class_list":["post-832","post","type-post","status-publish","format-standard","has-post-thumbnail","hentry","category-cultivando","tag-alternativas","tag-capitalismo","tag-comunidad","tag-cultura","tag-ecologia","tag-energia","tag-historia","tag-humanidad","tag-libro","tag-petroleo","tag-tecnologia"],"_links":{"self":[{"href":"https:\/\/nachoescartin.es\/an\/wp-json\/wp\/v2\/posts\/832","targetHints":{"allow":["GET"]}}],"collection":[{"href":"https:\/\/nachoescartin.es\/an\/wp-json\/wp\/v2\/posts"}],"about":[{"href":"https:\/\/nachoescartin.es\/an\/wp-json\/wp\/v2\/types\/post"}],"author":[{"embeddable":true,"href":"https:\/\/nachoescartin.es\/an\/wp-json\/wp\/v2\/users\/1"}],"replies":[{"embeddable":true,"href":"https:\/\/nachoescartin.es\/an\/wp-json\/wp\/v2\/comments?post=832"}],"version-history":[{"count":0,"href":"https:\/\/nachoescartin.es\/an\/wp-json\/wp\/v2\/posts\/832\/revisions"}],"wp:featuredmedia":[{"embeddable":true,"href":"https:\/\/nachoescartin.es\/an\/wp-json\/wp\/v2\/media\/834"}],"wp:attachment":[{"href":"https:\/\/nachoescartin.es\/an\/wp-json\/wp\/v2\/media?parent=832"}],"wp:term":[{"taxonomy":"category","embeddable":true,"href":"https:\/\/nachoescartin.es\/an\/wp-json\/wp\/v2\/categories?post=832"},{"taxonomy":"post_tag","embeddable":true,"href":"https:\/\/nachoescartin.es\/an\/wp-json\/wp\/v2\/tags?post=832"}],"curies":[{"name":"wp","href":"https:\/\/api.w.org\/{rel}","templated":true}]}}