{"id":826,"date":"2020-04-05T20:16:55","date_gmt":"2020-04-05T20:16:55","guid":{"rendered":"http:\/\/nachoescartin.es\/?p=826"},"modified":"2020-04-05T20:16:55","modified_gmt":"2020-04-05T20:16:55","slug":"el-infinito-en-un-junco-de-irene-vallejo","status":"publish","type":"post","link":"https:\/\/nachoescartin.es\/an\/el-infinito-en-un-junco-de-irene-vallejo\/","title":{"rendered":"\u201cEl infinito en un junco\u201d de Irene Vallejo"},"content":{"rendered":"<p>Este es un libro de libros. Un libro para quienes nos gusta leer libros. Es un libro lleno de referencias a otros libros, de historias contadas en anteriores libros, de c\u00f3mo muchas historias han llegado hasta hoy gracias a an\u00f3nimas personas que han hecho su parte para que sobrevivan las mejores ideas de la humanidad.<\/p>\n<p>Este libro es un profundo alegato de amor por todas las personas que amamos los libros: lectores, libreros, bibliotecarias, editores, maestras, traductores, impresores\u2026 y un sinf\u00edn de aventureras y rebeldes que han transgredido su \u00e9poca para traernos palabras, versos, teor\u00edas o relatos.<\/p>\n<p>Hace m\u00e1s de 25 a\u00f1os le\u00ed \u201cEl Mundo de Sof\u00eda\u201d del noruego Jostein Gaarden y me ayud\u00f3 much\u00edsimo a adentrarme en la filosof\u00eda, con un sinf\u00edn de aventuras colectivas en torno al pensamiento y al sentido de la vida. Hoy \u201cEl infinito en un junco\u201d de la zaragozana Irene Vallejo me ha acercado a ese instrumento que es el libro, \u201cuna extensi\u00f3n de la memoria y la imaginaci\u00f3n\u201d, que escribi\u00f3 Borges.<\/p>\n<p>Del libro poco os quiero contar. Os animo a leerlo. Encontrar\u00e9is una oda a los libros, en todos sus formatos: piedra, juncos, seda, \u00e1rboles\u2026, sin los cuales \u201clas mejores cosas de nuestro mundo se habr\u00edan esfumado en el olvido\u201d.<\/p>\n<p>En estos d\u00edas de confinamiento y pandemia, doy las gracias a Vallejo: \u201cLos libros nos ayudan a sobrevivir en las grandes cat\u00e1strofes hist\u00f3ricas y en las peque\u00f1as tragedias de nuestra vida\u201d. Doy fe.<\/p>","protected":false},"excerpt":{"rendered":"<p>Este es un libro de libros. Un libro para quienes nos gusta leer libros. Es un libro lleno de referencias [&hellip;]<\/p>\n","protected":false},"author":1,"featured_media":827,"comment_status":"open","ping_status":"closed","sticky":false,"template":"","format":"standard","meta":{"site-sidebar-layout":"default","site-content-layout":"","ast-site-content-layout":"default","site-content-style":"default","site-sidebar-style":"default","ast-global-header-display":"","ast-banner-title-visibility":"","ast-main-header-display":"","ast-hfb-above-header-display":"","ast-hfb-below-header-display":"","ast-hfb-mobile-header-display":"","site-post-title":"","ast-breadcrumbs-content":"","ast-featured-img":"","footer-sml-layout":"","ast-disable-related-posts":"","theme-transparent-header-meta":"","adv-header-id-meta":"","stick-header-meta":"","header-above-stick-meta":"","header-main-stick-meta":"","header-below-stick-meta":"","astra-migrate-meta-layouts":"default","ast-page-background-enabled":"default","ast-page-background-meta":{"desktop":{"background-color":"","background-image":"","background-repeat":"repeat","background-position":"center center","background-size":"auto","background-attachment":"scroll","background-type":"","background-media":"","overlay-type":"","overlay-color":"","overlay-opacity":"","overlay-gradient":""},"tablet":{"background-color":"","background-image":"","background-repeat":"repeat","background-position":"center center","background-size":"auto","background-attachment":"scroll","background-type":"","background-media":"","overlay-type":"","overlay-color":"","overlay-opacity":"","overlay-gradient":""},"mobile":{"background-color":"","background-image":"","background-repeat":"repeat","background-position":"center center","background-size":"auto","background-attachment":"scroll","background-type":"","background-media":"","overlay-type":"","overlay-color":"","overlay-opacity":"","overlay-gradient":""}},"ast-content-background-meta":{"desktop":{"background-color":"var(--ast-global-color-5)","background-image":"","background-repeat":"repeat","background-position":"center center","background-size":"auto","background-attachment":"scroll","background-type":"","background-media":"","overlay-type":"","overlay-color":"","overlay-opacity":"","overlay-gradient":""},"tablet":{"background-color":"var(--ast-global-color-5)","background-image":"","background-repeat":"repeat","background-position":"center center","background-size":"auto","background-attachment":"scroll","background-type":"","background-media":"","overlay-type":"","overlay-color":"","overlay-opacity":"","overlay-gradient":""},"mobile":{"background-color":"var(--ast-global-color-5)","background-image":"","background-repeat":"repeat","background-position":"center center","background-size":"auto","background-attachment":"scroll","background-type":"","background-media":"","overlay-type":"","overlay-color":"","overlay-opacity":"","overlay-gradient":""}},"_joinchat":[],"footnotes":""},"categories":[26],"tags":[223,39,185,224,130,40,161,225],"class_list":["post-826","post","type-post","status-publish","format-standard","has-post-thumbnail","hentry","category-cultivando","tag-clasicos","tag-cultura","tag-ensayo","tag-grecia","tag-historia","tag-libros","tag-literatura","tag-roma"],"_links":{"self":[{"href":"https:\/\/nachoescartin.es\/an\/wp-json\/wp\/v2\/posts\/826","targetHints":{"allow":["GET"]}}],"collection":[{"href":"https:\/\/nachoescartin.es\/an\/wp-json\/wp\/v2\/posts"}],"about":[{"href":"https:\/\/nachoescartin.es\/an\/wp-json\/wp\/v2\/types\/post"}],"author":[{"embeddable":true,"href":"https:\/\/nachoescartin.es\/an\/wp-json\/wp\/v2\/users\/1"}],"replies":[{"embeddable":true,"href":"https:\/\/nachoescartin.es\/an\/wp-json\/wp\/v2\/comments?post=826"}],"version-history":[{"count":0,"href":"https:\/\/nachoescartin.es\/an\/wp-json\/wp\/v2\/posts\/826\/revisions"}],"wp:featuredmedia":[{"embeddable":true,"href":"https:\/\/nachoescartin.es\/an\/wp-json\/wp\/v2\/media\/827"}],"wp:attachment":[{"href":"https:\/\/nachoescartin.es\/an\/wp-json\/wp\/v2\/media?parent=826"}],"wp:term":[{"taxonomy":"category","embeddable":true,"href":"https:\/\/nachoescartin.es\/an\/wp-json\/wp\/v2\/categories?post=826"},{"taxonomy":"post_tag","embeddable":true,"href":"https:\/\/nachoescartin.es\/an\/wp-json\/wp\/v2\/tags?post=826"}],"curies":[{"name":"wp","href":"https:\/\/api.w.org\/{rel}","templated":true}]}}