{"id":816,"date":"2020-03-27T10:03:40","date_gmt":"2020-03-27T10:03:40","guid":{"rendered":"http:\/\/nachoescartin.es\/?p=816"},"modified":"2020-03-27T10:03:40","modified_gmt":"2020-03-27T10:03:40","slug":"lugares-que-no-importan-la-despoblacion-en-la-espana-rural-desde-1900-hasta-el-presente-de-f-collantes-y-v-pinilla","status":"publish","type":"post","link":"https:\/\/nachoescartin.es\/an\/lugares-que-no-importan-la-despoblacion-en-la-espana-rural-desde-1900-hasta-el-presente-de-f-collantes-y-v-pinilla\/","title":{"rendered":"\u201c\u00bfLugares que no importan? La despoblaci\u00f3n en la Espa\u00f1a Rural desde 1900 hasta el presente\u201d de F.Collantes y V.Pinilla"},"content":{"rendered":"<p align=\"justify\">En mis manos, un libro muy \u00fatil para comprender la evoluci\u00f3n de nuestros pueblos, los de menos de 10.000 habitantes, en el \u00faltimo siglo. Un estudio completo, basado en datos demogr\u00e1ficos y econ\u00f3micos, con abundantes tablas y gr\u00e1ficas comparativas entre las diversas geograf\u00edas. <strong>Una mirada amplia al mundo rural espa\u00f1ol<\/strong>, con referencias hist\u00f3ricas y pol\u00edticas, pero sin caer en falsos mitos que los autores, desde su punto de vista, argumentan.<\/p>\n<p align=\"justify\">Recomiendo esta lectura en un momento en el que la <strong>Espa\u00f1a Vac\u00eda o Vaciada<\/strong> y la despoblaci\u00f3n est\u00e1 en boca de muchos medios, foros e instituciones. El titular con el que me quedo es que no hacen falta \u201cm\u00e1s\u201d pol\u00edticas, sino pol\u00edticas \u201cmejores\u201d. Y la reivindicaci\u00f3n m\u00e1s clara es la <strong>Ley de Desarrollo Sostenible del Medio Rural<\/strong>, aprobada en 2007, pero enterrada en un caj\u00f3n por los gobiernos de PP y PSOE. Coincidimos en que, hasta hoy, es el marco normativo m\u00e1s \u00fatil para resolver algunos de los problemas de nuestros pueblos. <strong>Las soluciones solo vendr\u00e1n de abajo<\/strong>, con la participaci\u00f3n de la gente que vivimos en pueblos.<\/p>\n<p align=\"justify\">El desaf\u00edo m\u00e1s importante, negado durante d\u00e9cadas en favor de un desarrollo urbano, es la <strong>diversificaci\u00f3n econ\u00f3mica<\/strong> y la <strong>accesibilidad a servicios p\u00fablicos de calidad<\/strong>. El mundo rural no es solamente la agricultura. Y, a\u00fan as\u00ed, la reforma de la Pol\u00edtica Agraria Com\u00fan deber\u00eda caminar hacia planes de desarrollo rural sostenibles que se hagan desde abajo, desde la ruralidad, trazando l\u00edneas de acci\u00f3n a nivel comarcal, para agrupar municipios peque\u00f1os que pueden compartir puntos de vista, proyectos e identidades.<\/p>\n<p align=\"justify\">El campo no puede ser tan solo un complemento de la ciudad, para producir alimentos, para segundas viviendas o para turismo rural. En nuestros pueblos se pueden desarrollar todo tipo de actividades con <strong>igualdad y equidad<\/strong> de acceso a servicios b\u00e1sicos, as\u00ed como a infraestructuras de comunicaci\u00f3n y movilidad que nos permitan conectarnos. No hace falta inventarse mucho m\u00e1s.<\/p>\n<p align=\"justify\">En estas ideas (expresadas con mis palabras) inciden los autores del libro, que llevan muchos a\u00f1os estudiando la despoblaci\u00f3n en la Espa\u00f1a rural y publicando en la revista del <strong>Centro de Estudios sobre Despoblaci\u00f3n y Desarrollo de \u00c1reas Rurales<\/strong>, cuyos postulados son en muchos casos muy v\u00e1lidos. Tal vez yo pondr\u00eda m\u00e1s \u00e9nfasis en la responsabilidad pol\u00edtica, que a muchos niveles pasan por alto o invalidan, dado que creo que el \u201cc<strong>apitalismo de amiguetes<\/strong>\u201d, que desde el franquismo hasta hoy ha sido la Marca Espa\u00f1a, ha definido determinantemente la definici\u00f3n de nuestro territorio. Creo que con una pol\u00edtica m\u00e1s democr\u00e1tica, participada desde abajo, transparente y no al servicio de unas \u00e9lites, las concentraciones oligop\u00f3licas y financieras en las grandes ciudades no habr\u00edan sido as\u00ed. De hecho (el libro lo reconoce) en los a\u00f1os de la II Rep\u00fablica estuvimos cerca de una sociedad distinta, con menos desigualdades a todos los niveles.<\/p>\n<p align=\"justify\">Desde una perspectiva hist\u00f3rica y econ\u00f3mica, cient\u00edfica podr\u00edamos decir, las comparativas entre las distintas regiones europeas y las propias de la cartograf\u00eda espa\u00f1ola son quiz\u00e1s las aportaciones m\u00e1s relevantes del libro. La bibliograf\u00eda que aportan es muy extensa, como para seguir estudiando el tema. Si bien las conclusiones que plasman son certeras, concretas y sencillas de entender para cualquiera. El tono del libro es de un <strong>optimismo pragm\u00e1tico y realista<\/strong>, que asume que muchos de nuestros numerosos peque\u00f1os pueblos nunca estuvieron muy poblados. Digamos que limitan las expectativas, dentro de un discurso en el que plasman las necesidades y posibilidades de la ruralidad.<\/p>\n<p align=\"justify\">Por aportar algo que echo en falta, para animar a seguir estudiando, son datos que acrediten el <strong>impacto de grandes infraestructuras<\/strong> como autov\u00edas o grandes proyectos empresariales, con respecto a la poblaci\u00f3n rural. En el libro se cuestionan este tipo de iniciativas, pero me faltan constataciones y ejemplos variados.<\/p>\n<p align=\"justify\">Apunto otra discrepancia o matizaci\u00f3n: Los autores reconocen el limitado efecto de generaci\u00f3n de empleo en la <strong>agricultura<\/strong>. En el actual modelo agroindustrial, de acaparamiento de tierras, mecanizaci\u00f3n dependiente del petr\u00f3leo y expulsi\u00f3n de agricultores, esto es as\u00ed. Pero la agricultura del futuro, tan dependiente de combustibles f\u00f3siles finitos, deber\u00e1 ser con muchos m\u00e1s agricultores o no ser\u00e1. Es mi opini\u00f3n y es por lo que luchamos, una agricultura con m\u00e1s trabajadores en el campo, que tambi\u00e9n sirvan para impulsar esa necesaria diversificaci\u00f3n con la transformaci\u00f3n de alimentos, servicios y trabajos relacionados.<\/p>\n<p align=\"justify\">La fuerza de <strong>atracci\u00f3n urbana<\/strong> actualmente es enorme, incluso con el surgimiento de urbanizaciones \u201cdormitorio\u201d (que yo no definir\u00eda como \u201cpueblo\u201d), pero siguen surgiendo diversas iniciativas de demuestran que lo rural, sin idealizaciones ni mitificaciones, tambi\u00e9n gusta. <strong>Nuestros pueblos son y pueden ser lugares maravillosos donde vivir<\/strong> y desarrollarnos plenamente como personas libres, dignas y felices. En un contexto de cambio clim\u00e1tico (cuesti\u00f3n en la que se incide muy poco en el libro), los pueblos no solo importan sino que ser\u00e1n lugares necesarios y preciosos para otras formas de mucho m\u00e1s acordes con las posibilidades humanas en el siglo XXI. Algunos ya escribimos desde el pueblo y esperamos que nuestras hijas puedan seguir haci\u00e9ndolo. \u00a1Salud!<\/p>","protected":false},"excerpt":{"rendered":"<p>En mis manos, un libro muy \u00fatil para comprender la evoluci\u00f3n de nuestros pueblos, los de menos de 10.000 habitantes, [&hellip;]<\/p>\n","protected":false},"author":1,"featured_media":817,"comment_status":"open","ping_status":"closed","sticky":false,"template":"","format":"standard","meta":{"site-sidebar-layout":"default","site-content-layout":"","ast-site-content-layout":"default","site-content-style":"default","site-sidebar-style":"default","ast-global-header-display":"","ast-banner-title-visibility":"","ast-main-header-display":"","ast-hfb-above-header-display":"","ast-hfb-below-header-display":"","ast-hfb-mobile-header-display":"","site-post-title":"","ast-breadcrumbs-content":"","ast-featured-img":"","footer-sml-layout":"","ast-disable-related-posts":"","theme-transparent-header-meta":"","adv-header-id-meta":"","stick-header-meta":"","header-above-stick-meta":"","header-main-stick-meta":"","header-below-stick-meta":"","astra-migrate-meta-layouts":"default","ast-page-background-enabled":"default","ast-page-background-meta":{"desktop":{"background-color":"","background-image":"","background-repeat":"repeat","background-position":"center center","background-size":"auto","background-attachment":"scroll","background-type":"","background-media":"","overlay-type":"","overlay-color":"","overlay-opacity":"","overlay-gradient":""},"tablet":{"background-color":"","background-image":"","background-repeat":"repeat","background-position":"center center","background-size":"auto","background-attachment":"scroll","background-type":"","background-media":"","overlay-type":"","overlay-color":"","overlay-opacity":"","overlay-gradient":""},"mobile":{"background-color":"","background-image":"","background-repeat":"repeat","background-position":"center center","background-size":"auto","background-attachment":"scroll","background-type":"","background-media":"","overlay-type":"","overlay-color":"","overlay-opacity":"","overlay-gradient":""}},"ast-content-background-meta":{"desktop":{"background-color":"var(--ast-global-color-5)","background-image":"","background-repeat":"repeat","background-position":"center center","background-size":"auto","background-attachment":"scroll","background-type":"","background-media":"","overlay-type":"","overlay-color":"","overlay-opacity":"","overlay-gradient":""},"tablet":{"background-color":"var(--ast-global-color-5)","background-image":"","background-repeat":"repeat","background-position":"center center","background-size":"auto","background-attachment":"scroll","background-type":"","background-media":"","overlay-type":"","overlay-color":"","overlay-opacity":"","overlay-gradient":""},"mobile":{"background-color":"var(--ast-global-color-5)","background-image":"","background-repeat":"repeat","background-position":"center center","background-size":"auto","background-attachment":"scroll","background-type":"","background-media":"","overlay-type":"","overlay-color":"","overlay-opacity":"","overlay-gradient":""}},"_joinchat":[],"footnotes":""},"categories":[26],"tags":[215,94,43,129,167,168,216,217],"class_list":["post-816","post","type-post","status-publish","format-standard","has-post-thumbnail","hentry","category-cultivando","tag-desarrollo-rural","tag-despoblacion","tag-economia","tag-espana","tag-mundo-rural","tag-pueblos","tag-rural","tag-ruralidad"],"_links":{"self":[{"href":"https:\/\/nachoescartin.es\/an\/wp-json\/wp\/v2\/posts\/816","targetHints":{"allow":["GET"]}}],"collection":[{"href":"https:\/\/nachoescartin.es\/an\/wp-json\/wp\/v2\/posts"}],"about":[{"href":"https:\/\/nachoescartin.es\/an\/wp-json\/wp\/v2\/types\/post"}],"author":[{"embeddable":true,"href":"https:\/\/nachoescartin.es\/an\/wp-json\/wp\/v2\/users\/1"}],"replies":[{"embeddable":true,"href":"https:\/\/nachoescartin.es\/an\/wp-json\/wp\/v2\/comments?post=816"}],"version-history":[{"count":0,"href":"https:\/\/nachoescartin.es\/an\/wp-json\/wp\/v2\/posts\/816\/revisions"}],"wp:featuredmedia":[{"embeddable":true,"href":"https:\/\/nachoescartin.es\/an\/wp-json\/wp\/v2\/media\/817"}],"wp:attachment":[{"href":"https:\/\/nachoescartin.es\/an\/wp-json\/wp\/v2\/media?parent=816"}],"wp:term":[{"taxonomy":"category","embeddable":true,"href":"https:\/\/nachoescartin.es\/an\/wp-json\/wp\/v2\/categories?post=816"},{"taxonomy":"post_tag","embeddable":true,"href":"https:\/\/nachoescartin.es\/an\/wp-json\/wp\/v2\/tags?post=816"}],"curies":[{"name":"wp","href":"https:\/\/api.w.org\/{rel}","templated":true}]}}