{"id":785,"date":"2020-03-20T17:42:57","date_gmt":"2020-03-20T17:42:57","guid":{"rendered":"http:\/\/nachoescartin.es\/?p=785"},"modified":"2020-03-20T17:42:57","modified_gmt":"2020-03-20T17:42:57","slug":"a-donde-vamos-reflexiones-utiles-para-tiempos-de-pandemia","status":"publish","type":"post","link":"https:\/\/nachoescartin.es\/an\/a-donde-vamos-reflexiones-utiles-para-tiempos-de-pandemia\/","title":{"rendered":"\u00bfA d\u00f3nde vamos? (Reflexiones \u00fatiles para tiempos de pandemia)"},"content":{"rendered":"<p style=\"text-align: justify;\">Comenzar\u00e9 por el final. Si queremos salir mejor de esta crisis y evitar otra estafa, por un lado, debemos exigir al Estado que ponga en marcha todas las medidas que ayuden a la gente; y por otro, debemos <strong>fortalecer las redes comunitarias<\/strong> que nos permiten transicionar hacia un sistema que ponga <strong>la vida en el centro<\/strong> y no conlleve m\u00e1s desigualdades, deuda y precariedad. Los bienes comunes, los derechos sociales y las condiciones para una vida digna deben estar al frente de nuestros objetivos colectivos.<\/p>\n<p style=\"text-align: justify;\">Apple, Google, Microsoft, Amazon, Facebook, Exxon, Toyota, BP, Volkswagen, Coca-Cola, Samsung, McDonald\u2019s, Disney, Nike o Goldman Sachs son algunas de las empresas multinacionales m\u00e1s poderosas del mundo. Los buques insignia del negocio espa\u00f1ol son Santander, BBVA, Repsol, Telef\u00f3nica, ACS, Iberdrola, Inditex o La Caixa.<\/p>\n<p style=\"text-align: justify;\">\u201c<strong>A d\u00f3nde va el capitalismo espa\u00f1ol<\/strong>\u201d de Pedro Ramiro y Erika Gonz\u00e1lez es un libro imprescindible para comprender el momento hist\u00f3rico que estamos viviendo. Traficantes de Sue\u00f1os edita estas 200 p\u00e1ginas a finales del a\u00f1o 2019, para ayudarnos a analizar en qu\u00e9 terreno nos movemos en materia econ\u00f3mica, socio-laboral y ecol\u00f3gica. Aqu\u00ed va mi rese\u00f1a, larguica, para animaros a leer el libro entero.<\/p>\n<p style=\"text-align: justify;\">Se divide en tres partes perfectamente estructuradas. En la primera, los autores (investigadores del poder corporativo) nos acercan a las <strong>empresas transnacionales en el capitalismo global.<\/strong> No hace falta ser un lumbreras para comprender que las grandes empresas transaccionales que dominan el mundo buscan aumentar sus beneficios. Y para ello, ayer y hoy, necesitan disminuir sus costes laborales y fiscales, conseguir materias primas a bajo precio, normativas que les sean favorables, ganancias en nuevos sectores y nichos de mercado, aunque haga falta especular y acaparar excedentes. Esto b\u00e1sicamente ha sido as\u00ed en los \u00faltimos 150 a\u00f1os, desde la Revoluci\u00f3n Industrial que trajo la electricidad y los motores de vapor.<\/p>\n<p style=\"text-align: justify;\">Muchas de las empresas multinacionales de hoy provienen de finales del S.XIX, cuando comenzaron los <strong>oligopolios<\/strong> en sectores como los hidrocarburos, la miner\u00eda, la industria y las finanzas. El acceso al petr\u00f3leo abundante y barato ha sido crucial en esta expansi\u00f3n brutal de la econom\u00eda, que nunca ha tenido en cuenta los l\u00edmites materiales del planeta.<\/p>\n<p style=\"text-align: justify;\">Desde el primer momento, el <strong>capital industrial y el capital bancario<\/strong> han ido de la mano para conseguir <strong>ayudas y apoyos estatales<\/strong>, en una combinaci\u00f3n perversa de corrupci\u00f3n, fraude y violencia, con numerosos y dram\u00e1ticos conflictos sociales y ambientales, en una pugna permanente entre los Derechos Humanos y los beneficios millonarios para unos pocos.<\/p>\n<p style=\"text-align: justify;\">El S.XX fue el siglo de la <strong>hegemon\u00eda de EEUU<\/strong>, especialmente tras la Segunda Guerra Mundial. La revoluci\u00f3n verde trajo la agricultura industrializada, el \u00e9xodo de la gente de los pueblos a las grandes ciudades, as\u00ed como las grandes infraestructuras del transporte, la fabricaci\u00f3n fordista en serie y la sociedad del consumo.<\/p>\n<p style=\"text-align: justify;\">Paralelamente nacen y se consolidan algunas <strong>instituciones econ\u00f3micas no elegidas democr\u00e1ticamente<\/strong>, como el Fondo Monetario Internacional, el Banco Mundial, la OMC o el Banco Central Europeo, imprescindibles para fragilizar los mecanismos de control democr\u00e1tico y potenciar los negocios en otros pa\u00edses y la concentraci\u00f3n oligop\u00f3lica de los sectores estrat\u00e9gicos en muy pocas manos. Es muy importante comprender la financiarizaci\u00f3n de la econom\u00eda global y la <strong>ingenier\u00eda financiera<\/strong> que permite que hoy en d\u00eda las transacciones econ\u00f3micas que se realizan a diario son 35 veces superiores a la producci\u00f3n de bienes y servicios. Las recetas neoliberales han impuesto la privatizaci\u00f3n de la democracia y el derrumbe del Estado social, con tratados comerciales internacionales que superan las soberan\u00eda populares y fijan un entramado jur\u00eddico enmara\u00f1ado que impone las reglas austericidas del juego, de las que es muy dif\u00edcil legislar a nivel local o nacional. Sin un cambio global, es casi imposible salirse de las perversas reglas del mercado.<\/p>\n<p style=\"text-align: justify;\">As\u00ed, privatizaciones, desregulaciones, despidos, merma de derechos laborales, sociales y ambientales, son el d\u00eda a d\u00eda de millones de personas por todo el planeta, en beneficio de unas empresas multinacionales que, a la par, se han esforzado para <strong>legitimarse socialmente<\/strong> mediante publicidad, marketing, lobbies y think tanks que han construido estilos de vida, la cultura de los propietarios y los lavados de cara.<br \/>\nEl camino ha sido abonado para cosechar exenciones de impuestos, para\u00edsos fiscales, cr\u00e9ditos blancos, subvenciones, contratos millonarios, privatizaciones, corrupci\u00f3n\u2026 caiga quien caiga, incluso derrocando gobiernos democr\u00e1ticos como hemos visto en la historia reciente de Am\u00e9rica Latina.<\/p>\n<p style=\"text-align: justify;\">Cuando la burbuja inmobiliaria pinch\u00f3 en 2008, se socializaron las p\u00e9rdidas en forma de <strong>rescate<\/strong> a las corporaciones financieras. La Comisi\u00f3n Europea lleg\u00f3 a inyectar hasta 747.000 millones de euros, que se dice pronto, multiplicando la deuda de los Estados.<\/p>\n<p style=\"text-align: justify;\">Hoy estamos en un escenario de precariedad generalizada, p\u00e9rdida de derechos, crisis ecol\u00f3gica y formas depredadoras de acumulaci\u00f3n de riqueza para unos pocos.<\/p>\n<p style=\"text-align: justify;\">El segundo cap\u00edtulo del libro se centra en la <strong>evoluci\u00f3n del capitalismo espa\u00f1ol<\/strong>. El Palco del Bernabeu en un partido del Real Madrid es buen lugar para ver qui\u00e9n manda aqu\u00ed. El \u201ccapitalismo de amiguetes\u201d ha mantenido siempre juntos a los propietarios del capital y los dirigentes pol\u00edticos, desde mediados del S.XIX cuando nacieron los Bancos Bilbao y Santander, hasta hoy. El apoyo del Estado ha sido imprescindible para el beneficio de estos millonarios.<\/p>\n<p style=\"text-align: justify;\">En Espa\u00f1a, el proceso de expansi\u00f3n de los negocios de las grandes empresas se resume en cuatro etapas: La dictadura franquista y su \u201cdesarrollismo\u201d; los Pactos de la Moncloa y privatizaciones de las principales empresas p\u00fablicas; el boom inmobiliario y financiero junto a las reformas econ\u00f3micas impuestas por la entrada en la Uni\u00f3n Europea; y finalmente el estallido de la crisis financiera y declive (en el que estamos).<\/p>\n<p style=\"text-align: justify;\">En muchos casos, con las mismas <strong>dinast\u00edas de familias controlando los negocios<\/strong>: Entrecanales, Benjumea, Del Pino, Koplowitz, Riu y Barcel\u00f3, Bot\u00edn, etc. El hombre m\u00e1s rico de la Espa\u00f1a de 1936, Juan March, financi\u00f3 el golpe de Estado de Franco junto a otros grandes empresarios, que se dedicaron a aplastar las luchas obreras.<\/p>\n<p style=\"text-align: justify;\">En la primera parte del <strong>franquismo<\/strong>, hasta 1959, el Instituto Nacional de Industria lider\u00f3 una <strong>autarqu\u00eda<\/strong> para controlar sectores estrat\u00e9gicos como los hidrocarburos, las telecomunicaciones, el trabajo o el transporte. A partir de 1959, el \u201c<strong>milagro espa\u00f1ol<\/strong>\u201d se nutri\u00f3 de la inversi\u00f3n extranjera y la liberalizaci\u00f3n del mercado interno, entorno a la industria, la construcci\u00f3n y el turismo.<\/p>\n<p style=\"text-align: justify;\">Con la Transici\u00f3n y los <strong>Pactos de la Moncloa<\/strong> se continu\u00f3 con lo esencial y los mismos poderes y familias siguieron mandando en lo importante. El Gobierno se dedic\u00f3 a controlar la inflaci\u00f3n, los aumentos salariales y la conflictividad social, mientras se imped\u00eda una reforma fiscal redistributiva para seguir favoreciendo a los intereses de las grandes empresas.<\/p>\n<p style=\"text-align: justify;\">La <strong>cultura del pelotazo<\/strong> se extiende en Gobiernos del PSOE y del PP, con un rosario de esc\u00e1ndalos financieros y casos de corrupci\u00f3n.<\/p>\n<p style=\"text-align: justify;\">Entre 1985 y 1992 se reestructur\u00f3 el sector p\u00fablico mediante <strong>privatizaciones<\/strong> y la llegada de capitales extranjeros hacia inversiones burs\u00e1tiles y el sector inmobiliario, hacia una concentraci\u00f3n empresarial tremenda y una constante de \u201c<strong>pol\u00edticos giratorios<\/strong>\u201d. Juan Carlos de Borb\u00f3n es pieza importante para firmar contratos en Oriente Medio con Villar Mir y favorecer ese proyecto de pa\u00eds que beneficiaba a las \u00e9lites.<\/p>\n<p style=\"text-align: justify;\">La d\u00e9cada de los 90 trae m\u00e1s privatizaciones para reducir el d\u00e9ficit fiscal y la deuda p\u00fablica. <strong>El sector p\u00fablico se adelgaza<\/strong> mientras se acompa\u00f1a a las grandes compa\u00f1\u00edas a su salto internacional, sobre todo hacia el \u201csegundo desembarco\u201d espa\u00f1ol en <strong>Am\u00e9rica Latina<\/strong> y conlleva represi\u00f3n y destrucci\u00f3n ambiental, privatizaciones, despidos masivos, devaluaci\u00f3n de salarios, precariedad, subcontrataciones, discriminaci\u00f3n de las mujeres y vulneraci\u00f3n de derechos sindicales.<\/p>\n<p style=\"text-align: justify;\">El objetivo de esos a\u00f1os es ganar tama\u00f1o mediante la <strong>expansi\u00f3n internacional<\/strong>. Esto se hace gracias a una \u201cpol\u00edtica de Estado\u201d que llega hasta el S.XXI.<\/p>\n<p style=\"text-align: justify;\">En el \u00faltimo cap\u00edtulo del libro se detalla el actual ciclo de <strong>declive<\/strong>. La ingenier\u00eda fiscal permite balances aparentemente saneados que han justificado la enorme campa\u00f1a medi\u00e1tica de \u201cla recuperaci\u00f3n de la senda del crecimiento\u201d. Un optimismo infundado, dado el estancamiento que augura un contexto complicado a medio plazo.<\/p>\n<p style=\"text-align: justify;\">En 2008 se produjo la mayor quiebra empresarial de la historia de Espa\u00f1a y trajo el primer paquete de reformas para un primer <strong>plan de coche neoliberal<\/strong>, que Rajoy sigui\u00f3 con el recorte de 15.000 millones de euros en inversi\u00f3n p\u00fablica, la reforma de las pensiones y el abaratamiento de los despidos. La <strong>reforma del art\u00edculo 135<\/strong> de la Constituci\u00f3n fue la gota que colm\u00f3 el vaso para imponer unas reglas del juego que anteponen los intereses de los mercados financieros a la salud de la gente.<\/p>\n<p style=\"text-align: justify;\">El n\u00famero de multimillonarios en Espa\u00f1a se ha multiplicado por tres en la \u00faltima d\u00e9cada, pero hoy el Estado ingresa la mitad de la tributaci\u00f3n de las empresas que en la \u00e9poca de la burbuja inmobiliaria. S\u00f3lo en 2013 hubo 120.000 trabajadores despedidos en empresas del Ibex35, mientras sus accionistas recib\u00edan un 33% m\u00e1s de dividendos.<\/p>\n<p style=\"text-align: justify;\">Tras la <strong>Marca Espa\u00f1a<\/strong> se esconde un gigantesco programa de adquisici\u00f3n de activos por parte del Banco Central Europeo, que desde 2015 compra bonos, t\u00edtulos de deuda p\u00fablica y privada, inyecta liquidez al sistema financiero y reduce los tipos de inter\u00e9s. La <strong>atracci\u00f3n de capitales extranjeros<\/strong> es una obsesi\u00f3n, como hemos visto con proyectos fallidos como Eurovegas en Madrid o Gran Scala en Arag\u00f3n.<\/p>\n<p style=\"text-align: justify;\">Han logrado reactivar el <strong>boom inmobiliario<\/strong> mediante el negocio de los pisos tur\u00edsticos y el aumento desorbitado de los precios de los alquileres. El fondo estadounidense Blackstone es el mayor casero de Espa\u00f1a, con 30.000 viviendas en su poder. Y esto se ha hecho, una vez m\u00e1s, con la complicidad estatal y las perversas reglas del juego del capitalismo financiero mundial.<\/p>\n<p style=\"text-align: justify;\">El capitalismo del siglo XXI est\u00e1 en plena <strong>crisis estructural<\/strong>, por su estancamiento, deuda y desigualdad. Los l\u00edmites biof\u00edsicos del planeta dificultan encontrar nuevos nichos materiales. Les queda la cuarta revoluci\u00f3n industrial, la robotizaci\u00f3n y el big data, tras la cual hay otra vuelta de tuerca para la centralizaci\u00f3n y concentraci\u00f3n empresarial. Pero la automatizaci\u00f3n y digitalizaci\u00f3n de la econom\u00eda, aunque tiene una pata de desmaterializaci\u00f3n y aumento de la eficiencia en algunos procesos, precisa tambi\u00e9n de materiales minero-energ\u00e9ticos poco accesibles y finitos.<\/p>\n<p style=\"text-align: justify;\">Estamos en plena <strong>guerra comercial<\/strong> entre las grandes potencias geopol\u00edticas (Estados Unidos, China, Uni\u00f3n Europea\u2026), en un contexto de desafecci\u00f3n democr\u00e1tica y alejamiento de la ciudadan\u00eda respecto a los centros reales del poder, una madeja de tratados internacionales que pisotea las leyes democr\u00e1ticas y un escenario de cambio clim\u00e1tico.<\/p>\n<p style=\"text-align: justify;\">Afortunadamente el libro termina con una parte importante de <strong>alternativas<\/strong>, de resistencias y nuevos conflictos entre el capital y la vida. En los \u00faltimos tiempos han surgido, junto a la acci\u00f3n sindical, nuevos actores sociales afectados por los embites del mercado (pobreza energ\u00e9tica, hipotecas, kellys, riders, luchas obreras, defensa de la tierra y el agua, 8M, j\u00f3venes por el clima\u2026). Los autores apuestan por reforzar las <strong>l\u00f3gicas contrahegem\u00f3nicas a nivel local, regional y global<\/strong>, para evitar sumarnos a las agendas de los poderes financieros, que te engulle en negociaciones asim\u00e9tricas hacia resultados vac\u00edos y poco precisos.<\/p>\n<p style=\"text-align: justify;\">Hoy en d\u00eda, el <strong>ecosocialismo, decrecimiento, buen vivir y ecofeminismo<\/strong> se plasman en laboratorios de experiencias en donde la colectividad, la cooperaci\u00f3n, la igualdad y la sostenibilidad de la vida son las se\u00f1as de identidad de la actividad econ\u00f3mica: empresas recuperadas, circuitos cortos de comercializaci\u00f3n, cooperativas, finanzas solidarias, autoconsumo de renovables, viviendas comunitarias, mercados sociales\u2026. Son algunos de los procesos que nos deben ayudar a transici\u00f3n hacia otro sistema, aumentando la escala, creando redes m\u00e1s amplias y desconectando del mercado capitalista sin perder <strong>identidad, legitimidad y coherencia<\/strong>.<\/p>\n<p style=\"text-align: justify;\">Me sumo a este <strong>desaf\u00edo<\/strong> con m\u00e1s ganas y alegr\u00eda que nunca. La pandemia del coronavirus nos reafirma en el blindaje de la sanidad p\u00fablica y los bienes comunes. Nos muestra que somos vulnerables y debemos cuidarnos. Y tambi\u00e9n que es imprescindible un cambio econ\u00f3mico importante, democr\u00e1tico y alternativo, que ponga a las personas en el centro. Necesitamos una econom\u00eda que se centre en las tareas productivas y reproductivas que nos hacen m\u00e1s felices. Sabemos cu\u00e1les son: salud, alimentaci\u00f3n, educaci\u00f3n, cultura, vivienda, cuidados, movilidad, etc. No seamos mercanc\u00edas en manos de especuladores y banqueros, ayudemos a trabajadores, aut\u00f3nomos y pymes, personas precarias y con muchas cargas de trabajo. Sabemos c\u00f3mo hacerlo y debemos esforzarnos para conseguirlo.<\/p>\n<p style=\"text-align: justify;\">Os animo a <strong><em><a href=\"https:\/\/www.traficantes.net\/libros\/donde-va-el-capitalismo-espa\u00f1ol\" target=\"_blank\" rel=\"noopener\">leer este libro<\/a>, <\/em><\/strong>anteriores lecturas que he rese\u00f1ado y otras de Silvia Federici, David Harvey, Ram\u00f3n Fern\u00e1ndez Dur\u00e1n, Luis Gonz\u00e1lez o Yayo Herrero (por citar s\u00f3lo algunas).<\/p>","protected":false},"excerpt":{"rendered":"<p>Comenzar\u00e9 por el final. Si queremos salir mejor de esta crisis y evitar otra estafa, por un lado, debemos exigir [&hellip;]<\/p>\n","protected":false},"author":1,"featured_media":786,"comment_status":"open","ping_status":"closed","sticky":false,"template":"","format":"standard","meta":{"site-sidebar-layout":"default","site-content-layout":"","ast-site-content-layout":"default","site-content-style":"default","site-sidebar-style":"default","ast-global-header-display":"","ast-banner-title-visibility":"","ast-main-header-display":"","ast-hfb-above-header-display":"","ast-hfb-below-header-display":"","ast-hfb-mobile-header-display":"","site-post-title":"","ast-breadcrumbs-content":"","ast-featured-img":"","footer-sml-layout":"","ast-disable-related-posts":"","theme-transparent-header-meta":"","adv-header-id-meta":"","stick-header-meta":"","header-above-stick-meta":"","header-main-stick-meta":"","header-below-stick-meta":"","astra-migrate-meta-layouts":"default","ast-page-background-enabled":"default","ast-page-background-meta":{"desktop":{"background-color":"","background-image":"","background-repeat":"repeat","background-position":"center center","background-size":"auto","background-attachment":"scroll","background-type":"","background-media":"","overlay-type":"","overlay-color":"","overlay-opacity":"","overlay-gradient":""},"tablet":{"background-color":"","background-image":"","background-repeat":"repeat","background-position":"center center","background-size":"auto","background-attachment":"scroll","background-type":"","background-media":"","overlay-type":"","overlay-color":"","overlay-opacity":"","overlay-gradient":""},"mobile":{"background-color":"","background-image":"","background-repeat":"repeat","background-position":"center center","background-size":"auto","background-attachment":"scroll","background-type":"","background-media":"","overlay-type":"","overlay-color":"","overlay-opacity":"","overlay-gradient":""}},"ast-content-background-meta":{"desktop":{"background-color":"var(--ast-global-color-5)","background-image":"","background-repeat":"repeat","background-position":"center center","background-size":"auto","background-attachment":"scroll","background-type":"","background-media":"","overlay-type":"","overlay-color":"","overlay-opacity":"","overlay-gradient":""},"tablet":{"background-color":"var(--ast-global-color-5)","background-image":"","background-repeat":"repeat","background-position":"center center","background-size":"auto","background-attachment":"scroll","background-type":"","background-media":"","overlay-type":"","overlay-color":"","overlay-opacity":"","overlay-gradient":""},"mobile":{"background-color":"var(--ast-global-color-5)","background-image":"","background-repeat":"repeat","background-position":"center center","background-size":"auto","background-attachment":"scroll","background-type":"","background-media":"","overlay-type":"","overlay-color":"","overlay-opacity":"","overlay-gradient":""}},"_joinchat":[],"footnotes":""},"categories":[26],"tags":[62,210,129,130,133,211,212,86,213,214,47],"class_list":["post-785","post","type-post","status-publish","format-standard","has-post-thumbnail","hentry","category-cultivando","tag-alternativas","tag-capitalismo","tag-espana","tag-historia","tag-libro","tag-marca-espana","tag-neoliberalismo","tag-politica","tag-privatizaciones","tag-recortes","tag-servicios-publicos"],"_links":{"self":[{"href":"https:\/\/nachoescartin.es\/an\/wp-json\/wp\/v2\/posts\/785","targetHints":{"allow":["GET"]}}],"collection":[{"href":"https:\/\/nachoescartin.es\/an\/wp-json\/wp\/v2\/posts"}],"about":[{"href":"https:\/\/nachoescartin.es\/an\/wp-json\/wp\/v2\/types\/post"}],"author":[{"embeddable":true,"href":"https:\/\/nachoescartin.es\/an\/wp-json\/wp\/v2\/users\/1"}],"replies":[{"embeddable":true,"href":"https:\/\/nachoescartin.es\/an\/wp-json\/wp\/v2\/comments?post=785"}],"version-history":[{"count":0,"href":"https:\/\/nachoescartin.es\/an\/wp-json\/wp\/v2\/posts\/785\/revisions"}],"wp:featuredmedia":[{"embeddable":true,"href":"https:\/\/nachoescartin.es\/an\/wp-json\/wp\/v2\/media\/786"}],"wp:attachment":[{"href":"https:\/\/nachoescartin.es\/an\/wp-json\/wp\/v2\/media?parent=785"}],"wp:term":[{"taxonomy":"category","embeddable":true,"href":"https:\/\/nachoescartin.es\/an\/wp-json\/wp\/v2\/categories?post=785"},{"taxonomy":"post_tag","embeddable":true,"href":"https:\/\/nachoescartin.es\/an\/wp-json\/wp\/v2\/tags?post=785"}],"curies":[{"name":"wp","href":"https:\/\/api.w.org\/{rel}","templated":true}]}}