{"id":769,"date":"2020-02-21T06:39:05","date_gmt":"2020-02-21T06:39:05","guid":{"rendered":"http:\/\/nachoescartin.es\/?p=769"},"modified":"2020-02-21T06:39:05","modified_gmt":"2020-02-21T06:39:05","slug":"ya-no-soy-secretario-general-de-podemos-aragon-y-ahora-que","status":"publish","type":"post","link":"https:\/\/nachoescartin.es\/an\/ya-no-soy-secretario-general-de-podemos-aragon-y-ahora-que\/","title":{"rendered":"Ya no soy Secretario General de PODEMOS Arag\u00f3n\u2026 \u00bfy ahora, qu\u00e9?"},"content":{"rendered":"<p>Hay una hoja de ruta para los pr\u00f3ximos 3 meses, en la que PODEMOS definir\u00e1 su nuevo rumbo. El 21 de marzo finaliza la Asamblea Ciudadana Estatal de PODEMOS en la que previsiblemente ganar\u00e1 Pablo Iglesias y definir\u00e1 los nuevos documentos pol\u00edticos y organizativos de esta importante herramienta colectiva.<\/p>\n<p>A continuaci\u00f3n, a partir de abril y hasta finales de mayo, se celebrar\u00e1 Asamblea Ciudadana de PODEMOS en Arag\u00f3n, al igual que en casi todas las Comunidades Aut\u00f3nomas. A partir del 21 de marzo, cuando sepamos c\u00f3mo evoluciona PODEMOS, definir\u00e9 cu\u00e1l puede ser mi rol para aportar lo mejor de m\u00ed mismo all\u00ed donde sea m\u00e1s \u00fatil.<\/p>\n<p>Ya no soy Secretario General de PODEMOS Arag\u00f3n, dado que un Equipo T\u00e9cnico se hace cargo de la direcci\u00f3n del partido hasta mayo. Sobre mi destituci\u00f3n, ya estaba preparado en lo personal y en lo pol\u00edtico. Ni que decir tiene que no me gustan las formas y no me gusta que impongan una gestora en Arag\u00f3n, pero ya est\u00e1 hecho y no merece la pena hacer dramas inf\u00e9rtiles.<\/p>\n<p>La convocatoria de la Asamblea Ciudadana de PODEMOS Arag\u00f3n en mayo me parece bien, tal y como expres\u00e9 en el \u00faltimo Consejo Ciudadano Auton\u00f3mico hace unos d\u00edas. Desde las elecciones auton\u00f3micas de mayo puse mi cargo a disposici\u00f3n de la gente y anunciamos la apertura de un debate profundo que no se ha podido concretar hasta ahora (por la repetici\u00f3n de elecciones generales). La direcci\u00f3n estatal de PODEMOS no hab\u00eda permitido esa posibilidad y ahora es el momento de analizar todo lo andado y organizarnos para lo que viene.<\/p>\n<p>En este momento, hoy, quiero dar las <strong>Gracias<\/strong> a todas las personas que me hab\u00e9is trasladado vuestro cari\u00f1o y solidaridad en cuanto os hab\u00e9is enterado de mi destituci\u00f3n. Agradezco much\u00edsimo vuestras palabras, \u00e1nimos y afecto. Tambi\u00e9n quiero dar las gracias a los periodistas que han recibido mi silencio como respuesta a sus preguntas. Gracias por vuestra paciencia y comprensi\u00f3n.<\/p>\n<p>&nbsp;<\/p>\n<p>Como os he dicho a algunas personas, seguimos. Esto no va de m\u00ed, va del com\u00fan, del colectivo, de nuestra sociedad, de la gente. Nos merecemos aprender de nuestros errores y aprender a ser mejores. En eso estamos. Ahora en los Gobiernos de Espa\u00f1a y Arag\u00f3n, en algunos Ayuntamientos y en otras instituciones, la responsabilidad y las posibilidades son enormes. Tenemos que dar lo mejor de nosotros mismos y demostrar que es posible gestionar sin corrupci\u00f3n, con transparencia y m\u00e1s participaci\u00f3n, pensando en la gente y sin beneficiar a las \u00e9lites.<\/p>\n<p>Desde ya, <strong>animo a la participaci\u00f3n<\/strong>. Si no haces pol\u00edtica, te la hacen. De cara a estas Asambleas Ciudadanas, estoy expectante para leer los documentos estatales de PODEMOS y a partir del 21 de marzo definir\u00e9 d\u00f3nde puedo aportar m\u00e1s para mejorar nuestra sociedad. Cuando comenz\u00f3 esta apuesta institucionalista, tuve claro que iba a dar lo mejor de mi mismo y as\u00ed va a seguir siendo. En las Cortes de Arag\u00f3n soy Portavoz y diputado de PODEMOS EQUO y faena no nos falta.<\/p>\n<p>Hace dos a\u00f1os y medio ganamos las Primarias de PODEMOS Arag\u00f3n y en este tiempo (con elecciones generales, auton\u00f3micas, municipales, europeas y otra vez generales), hemos tratado de \u201caragonesizar\u201d PODEMOS, de conectar mejor con la diversidad de nuestros barrios y pueblos, de nuestras gentes de aqu\u00ed y all\u00e1, de echar ra\u00edces y llevar nuestra voz singular al Consejo Ciudadano de Madrid.<\/p>\n<p>Siempre he entendido PODEMOS como una herramienta y yo he sido un eslab\u00f3n m\u00e1s. Como diputado y como Secretario General, aporto mi alegr\u00eda, mi energ\u00eda y mi experiencia. Con mis aciertos y mis fallos, prou que s\u00ed. Pido perd\u00f3n por mis errores.<\/p>\n<p>En este sentido, quiero insistir en la participaci\u00f3n. Quiero animar a personas que tal vez nunca han participado en pol\u00edtica, pero sab\u00e9is de educaci\u00f3n, de sanidad, de econom\u00eda, de movilidad, de igualdad, de medio ambiente\u2026 todas las visiones son importantes para, entre todos, hacer que caminemos hacia un mundo mejor.<\/p>\n<p>Yo me ofrezco a quienes deis un paso adelante para acompa\u00f1aros con mi experiencia y alegr\u00eda. Porque sigo con las mismas ganas que siempre (o m\u00e1s) de implicarme en la transformaci\u00f3n social y en la construcci\u00f3n de alternativas hacia un mundo mejor. De eso se trata y en eso estamos y seguimos, en las alianzas y redes con movimientos sociales y pol\u00edticos, para coser mejor y ensanchar el espacio del cambio que necesitamos: feminista, ecologista, participativo, con alternativas econ\u00f3micas y una visi\u00f3n ruralista imprescindible.<\/p>\n<p>Gracias a todas las personas que ayer, hoy y ma\u00f1ana, luch\u00e1is y trabaj\u00e1is cada d\u00eda, con fraternidad y convicci\u00f3n, porque sabemos que <strong>S\u00ed Se Puede<\/strong>.<\/p>","protected":false},"excerpt":{"rendered":"<p>Hay una hoja de ruta para los pr\u00f3ximos 3 meses, en la que PODEMOS definir\u00e1 su nuevo rumbo. El 21 [&hellip;]<\/p>\n","protected":false},"author":1,"featured_media":770,"comment_status":"open","ping_status":"closed","sticky":false,"template":"","format":"standard","meta":{"site-sidebar-layout":"default","site-content-layout":"","ast-site-content-layout":"default","site-content-style":"default","site-sidebar-style":"default","ast-global-header-display":"","ast-banner-title-visibility":"","ast-main-header-display":"","ast-hfb-above-header-display":"","ast-hfb-below-header-display":"","ast-hfb-mobile-header-display":"","site-post-title":"","ast-breadcrumbs-content":"","ast-featured-img":"","footer-sml-layout":"","ast-disable-related-posts":"","theme-transparent-header-meta":"","adv-header-id-meta":"","stick-header-meta":"","header-above-stick-meta":"","header-main-stick-meta":"","header-below-stick-meta":"","astra-migrate-meta-layouts":"default","ast-page-background-enabled":"default","ast-page-background-meta":{"desktop":{"background-color":"","background-image":"","background-repeat":"repeat","background-position":"center center","background-size":"auto","background-attachment":"scroll","background-type":"","background-media":"","overlay-type":"","overlay-color":"","overlay-opacity":"","overlay-gradient":""},"tablet":{"background-color":"","background-image":"","background-repeat":"repeat","background-position":"center center","background-size":"auto","background-attachment":"scroll","background-type":"","background-media":"","overlay-type":"","overlay-color":"","overlay-opacity":"","overlay-gradient":""},"mobile":{"background-color":"","background-image":"","background-repeat":"repeat","background-position":"center center","background-size":"auto","background-attachment":"scroll","background-type":"","background-media":"","overlay-type":"","overlay-color":"","overlay-opacity":"","overlay-gradient":""}},"ast-content-background-meta":{"desktop":{"background-color":"var(--ast-global-color-5)","background-image":"","background-repeat":"repeat","background-position":"center center","background-size":"auto","background-attachment":"scroll","background-type":"","background-media":"","overlay-type":"","overlay-color":"","overlay-opacity":"","overlay-gradient":""},"tablet":{"background-color":"var(--ast-global-color-5)","background-image":"","background-repeat":"repeat","background-position":"center center","background-size":"auto","background-attachment":"scroll","background-type":"","background-media":"","overlay-type":"","overlay-color":"","overlay-opacity":"","overlay-gradient":""},"mobile":{"background-color":"var(--ast-global-color-5)","background-image":"","background-repeat":"repeat","background-position":"center center","background-size":"auto","background-attachment":"scroll","background-type":"","background-media":"","overlay-type":"","overlay-color":"","overlay-opacity":"","overlay-gradient":""}},"_joinchat":[],"footnotes":""},"categories":[24],"tags":[28,208,209,49,69,86,112],"class_list":["post-769","post","type-post","status-publish","format-standard","has-post-thumbnail","hentry","category-desbrozando","tag-aragon","tag-asamblea-ciudadana","tag-partido","tag-podemos","tag-podemos-aragon","tag-politica","tag-si-se-puede"],"_links":{"self":[{"href":"https:\/\/nachoescartin.es\/an\/wp-json\/wp\/v2\/posts\/769","targetHints":{"allow":["GET"]}}],"collection":[{"href":"https:\/\/nachoescartin.es\/an\/wp-json\/wp\/v2\/posts"}],"about":[{"href":"https:\/\/nachoescartin.es\/an\/wp-json\/wp\/v2\/types\/post"}],"author":[{"embeddable":true,"href":"https:\/\/nachoescartin.es\/an\/wp-json\/wp\/v2\/users\/1"}],"replies":[{"embeddable":true,"href":"https:\/\/nachoescartin.es\/an\/wp-json\/wp\/v2\/comments?post=769"}],"version-history":[{"count":0,"href":"https:\/\/nachoescartin.es\/an\/wp-json\/wp\/v2\/posts\/769\/revisions"}],"wp:featuredmedia":[{"embeddable":true,"href":"https:\/\/nachoescartin.es\/an\/wp-json\/wp\/v2\/media\/770"}],"wp:attachment":[{"href":"https:\/\/nachoescartin.es\/an\/wp-json\/wp\/v2\/media?parent=769"}],"wp:term":[{"taxonomy":"category","embeddable":true,"href":"https:\/\/nachoescartin.es\/an\/wp-json\/wp\/v2\/categories?post=769"},{"taxonomy":"post_tag","embeddable":true,"href":"https:\/\/nachoescartin.es\/an\/wp-json\/wp\/v2\/tags?post=769"}],"curies":[{"name":"wp","href":"https:\/\/api.w.org\/{rel}","templated":true}]}}