{"id":746,"date":"2019-11-25T17:03:20","date_gmt":"2019-11-25T17:03:20","guid":{"rendered":"http:\/\/nachoescartin.es\/?p=746"},"modified":"2019-11-25T17:03:20","modified_gmt":"2019-11-25T17:03:20","slug":"que-hacer-con-la-extrema-derecha-en-europa-el-caso-del-frente-nacional-de-guillermo-fernandez-vazquez","status":"publish","type":"post","link":"https:\/\/nachoescartin.es\/an\/que-hacer-con-la-extrema-derecha-en-europa-el-caso-del-frente-nacional-de-guillermo-fernandez-vazquez\/","title":{"rendered":"\u201cQu\u00e9 hacer con la extrema derecha en Europa\u201d (El caso del Frente Nacional) de Guillermo Fern\u00e1ndez-V\u00e1zquez"},"content":{"rendered":"<p>Me ha encantado este libro. Es otra recomendaci\u00f3n del que ya es mi librero de referencia, Paco Goyanes de la Librer\u00eda C\u00e1lamo. Tal y como \u00e9l me dijo, es lectura obligada para quienes estamos en primera l\u00ednea de la pol\u00edtica actual.<\/p>\n<p>En \u201cQu\u00e9 hacer con la extrema derecha en Europa\u201d Guillermo Fern\u00e1ndez-V\u00e1zquez, investigador especialista en las derechas radicales europeas, comparte un an\u00e1lisis exhaustivo de la evoluci\u00f3n del Frente Nacional de los \u00faltimos a\u00f1os, hasta las \u00faltimas elecciones presidenciales francesas en las que gan\u00f3 Macron a Marine Le-Pen, y su congreso reciente.<\/p>\n<p>Con gran claridad expositiva, se acerca a la extrema derecha en Francia. Recuerda primero los a\u00f1os 80 y 90, liderados por Jean Marie Le Pen, el \u201cenfant terrible\u201d de la pol\u00edtica francesa, con sus exabruptos contra inmigrantes, musulmanes, homosexuales y rivales, y tres temas insistentes: seguridad, identidad e inmigraci\u00f3n (\u00bfOs suena VOX?).<\/p>\n<p>Cuando Marine Le Pen \u201cmata\u201d a su padre, el Frente Nacional evoluciona hacia un populismo de derechas y una estrategia clara para ampliar su electorado hacia sectores sindicales, obreros y tradicionalmente de izquierdas, olvidados y machacados por los envites de la globalizaci\u00f3n, las deslocalizaciones y la crisis econ\u00f3mica. La extrema derecha hace una \u201cOPA\u201d hostil a las palabras y espacios de la izquierda, donde han logrado crecer much\u00edsimo hasta convertirse en la segunda fuerza en Francia.<\/p>\n<p>El autor fue corresponsal de Ctxt en las elecciones presidenciales de 2017 y recupera algunos de sus art\u00edculos de esos d\u00edas en los que Marine Le Pen fracas\u00f3 en su intento de ganar a Macron. En aquella campa\u00f1a cobr\u00f3 especial relevancia Jean-Luc Melenchon, el l\u00edder de la Francia Insumisa, que protagoniz\u00f3 una extraordinaria remontada en la que su liderazgo y una campa\u00f1a desde abajo y en las redes (con una n\u00edtida estrategia populista alejada de manuales de la izquierda), le llev\u00f3 a alcanzar el 19% de los votos en la primera vuelta.<\/p>\n<p>El autor no elude referencias a Podemos y nuestra experiencia espa\u00f1ola, sin eludir cr\u00edticas directas a ese \u201cAlerta Antifascista\u201d en la noche de las elecciones andaluzas en las que VOX irrumpi\u00f3 con fuerza, a esa reciente vuelta a posiciones cl\u00e1sicas de la izquierda en los \u00faltimos tiempos o al alejamiento de aquella estrategia de la transversalidad. Aunque el auge de VOX y el retroceso de Podemos est\u00e1n relacionados, el nudo catal\u00e1n es sin duda un factor no menor para el auge de la extrema derecha.<\/p>\n<p>Plantea huir de contemplaciones de la belleza moral de nuestros propios actos pol\u00edticos, escapar de las llamadas al cierre de filas en la \u201cverdadera izquierda\u201d y \u201crecuperar la autenticidad, la chispa y la mordiente de anta\u00f1o\u201d.<\/p>\n<p>En el pr\u00f3logo del libro, Pablo Sim\u00f3n insiste en la importancia de entender los mensajes y las estrategias de la extrema derecha, ante la capitalizaci\u00f3n del voto del descontento que hoy alcanza VOX en Espa\u00f1a. Al igual que Fern\u00e1ndez-V\u00e1zquez, Sim\u00f3n enfatiza en que la izquierda debe salir de su zona de confort y explorar las alianzas hacia un sentido com\u00fan que permita disputar el terreno a las opciones m\u00e1s reaccionarias.<\/p>\n<p>Sabemos que las extremas derechas europeas est\u00e1n organiz\u00e1ndose en torno a esa \u201cEuropa de las Naciones\u201d que Steve Bannon (el hombre de Trump) financia y sustenta, volviendo a discursos n\u00edtidamente racistas y supremacistas, que esperan una mayor crisis de la inmigraci\u00f3n en Europa y, sobre todo, los errores de sus adversarios: partidos conservadores en decadencia, socialdemocracia en crisis y, especialmente, una izquierda alternativa que debe definirse en los pr\u00f3ximos tiempos.<\/p>\n<p>Si algo hemos aprendido es que \u201clos partidos pol\u00edticos no acuden solos a las elecciones, sino insertos en un marc\u00f3 de competici\u00f3n al mismo tiempo oscilante y feroz\u201d. As\u00ed que nos toca, como incide este libro, analizar bien la situaci\u00f3n, los mensajes y las estrategias de nuestros rivales, y construir los mejores artefactos y herramientas \u00fatiles para alcanzar la justicia social y ambiental, en un momento hist\u00f3rico delicado y lleno de posibilidades. Volver a los cuarteles de invierno no parece una buena idea. Seamos m\u00e1s inteligentes.<\/p>","protected":false},"excerpt":{"rendered":"<p>Me ha encantado este libro. Es otra recomendaci\u00f3n del que ya es mi librero de referencia, Paco Goyanes de la [&hellip;]<\/p>\n","protected":false},"author":1,"featured_media":747,"comment_status":"open","ping_status":"closed","sticky":false,"template":"","format":"standard","meta":{"site-sidebar-layout":"default","site-content-layout":"","ast-site-content-layout":"default","site-content-style":"default","site-sidebar-style":"default","ast-global-header-display":"","ast-banner-title-visibility":"","ast-main-header-display":"","ast-hfb-above-header-display":"","ast-hfb-below-header-display":"","ast-hfb-mobile-header-display":"","site-post-title":"","ast-breadcrumbs-content":"","ast-featured-img":"","footer-sml-layout":"","ast-disable-related-posts":"","theme-transparent-header-meta":"","adv-header-id-meta":"","stick-header-meta":"","header-above-stick-meta":"","header-main-stick-meta":"","header-below-stick-meta":"","astra-migrate-meta-layouts":"default","ast-page-background-enabled":"default","ast-page-background-meta":{"desktop":{"background-color":"","background-image":"","background-repeat":"repeat","background-position":"center center","background-size":"auto","background-attachment":"scroll","background-type":"","background-media":"","overlay-type":"","overlay-color":"","overlay-opacity":"","overlay-gradient":""},"tablet":{"background-color":"","background-image":"","background-repeat":"repeat","background-position":"center center","background-size":"auto","background-attachment":"scroll","background-type":"","background-media":"","overlay-type":"","overlay-color":"","overlay-opacity":"","overlay-gradient":""},"mobile":{"background-color":"","background-image":"","background-repeat":"repeat","background-position":"center center","background-size":"auto","background-attachment":"scroll","background-type":"","background-media":"","overlay-type":"","overlay-color":"","overlay-opacity":"","overlay-gradient":""}},"ast-content-background-meta":{"desktop":{"background-color":"var(--ast-global-color-5)","background-image":"","background-repeat":"repeat","background-position":"center center","background-size":"auto","background-attachment":"scroll","background-type":"","background-media":"","overlay-type":"","overlay-color":"","overlay-opacity":"","overlay-gradient":""},"tablet":{"background-color":"var(--ast-global-color-5)","background-image":"","background-repeat":"repeat","background-position":"center center","background-size":"auto","background-attachment":"scroll","background-type":"","background-media":"","overlay-type":"","overlay-color":"","overlay-opacity":"","overlay-gradient":""},"mobile":{"background-color":"var(--ast-global-color-5)","background-image":"","background-repeat":"repeat","background-position":"center center","background-size":"auto","background-attachment":"scroll","background-type":"","background-media":"","overlay-type":"","overlay-color":"","overlay-opacity":"","overlay-gradient":""}},"_joinchat":[],"footnotes":""},"categories":[26],"tags":[39,190,191,192,193,133,49,187,194,67],"class_list":["post-746","post","type-post","status-publish","format-standard","has-post-thumbnail","hentry","category-cultivando","tag-cultura","tag-derecha","tag-extrema-derecha","tag-francia","tag-frente-nacional","tag-libro","tag-podemos","tag-populismo","tag-transversalidad","tag-vox"],"_links":{"self":[{"href":"https:\/\/nachoescartin.es\/an\/wp-json\/wp\/v2\/posts\/746","targetHints":{"allow":["GET"]}}],"collection":[{"href":"https:\/\/nachoescartin.es\/an\/wp-json\/wp\/v2\/posts"}],"about":[{"href":"https:\/\/nachoescartin.es\/an\/wp-json\/wp\/v2\/types\/post"}],"author":[{"embeddable":true,"href":"https:\/\/nachoescartin.es\/an\/wp-json\/wp\/v2\/users\/1"}],"replies":[{"embeddable":true,"href":"https:\/\/nachoescartin.es\/an\/wp-json\/wp\/v2\/comments?post=746"}],"version-history":[{"count":0,"href":"https:\/\/nachoescartin.es\/an\/wp-json\/wp\/v2\/posts\/746\/revisions"}],"wp:featuredmedia":[{"embeddable":true,"href":"https:\/\/nachoescartin.es\/an\/wp-json\/wp\/v2\/media\/747"}],"wp:attachment":[{"href":"https:\/\/nachoescartin.es\/an\/wp-json\/wp\/v2\/media?parent=746"}],"wp:term":[{"taxonomy":"category","embeddable":true,"href":"https:\/\/nachoescartin.es\/an\/wp-json\/wp\/v2\/categories?post=746"},{"taxonomy":"post_tag","embeddable":true,"href":"https:\/\/nachoescartin.es\/an\/wp-json\/wp\/v2\/tags?post=746"}],"curies":[{"name":"wp","href":"https:\/\/api.w.org\/{rel}","templated":true}]}}