{"id":739,"date":"2019-10-05T10:44:13","date_gmt":"2019-10-05T10:44:13","guid":{"rendered":"http:\/\/nachoescartin.es\/?p=739"},"modified":"2019-10-05T10:44:13","modified_gmt":"2019-10-05T10:44:13","slug":"hoy-cumplo-2-anos-como-secretario-general-de-podemos-aragon","status":"publish","type":"post","link":"https:\/\/nachoescartin.es\/an\/hoy-cumplo-2-anos-como-secretario-general-de-podemos-aragon\/","title":{"rendered":"Hoy cumplo 2 a\u00f1os como Secretario General de PODEMOS Arag\u00f3n"},"content":{"rendered":"<p><strong>Hace justo 2 a\u00f1os<\/strong> fui elegido Secretario General de Podemos Arag\u00f3n.<\/p>\n<p>Hasta entonces, nunca hab\u00eda conocido un partido por dentro. Con todo lo que tiene. Llevaba 2 a\u00f1os de diputado en las Cortes de Arag\u00f3n y quer\u00eda estar en primera l\u00ednea, aportar m\u00e1s, aragonesizar Podemos, abrir el espacio del cambio a m\u00e1s gente, incidir en el <strong>trabajo cercano, local, \u00fatil y concreto<\/strong>.<\/p>\n<p>En estos 2 a\u00f1os <strong>nos hemos esforzado mucho<\/strong>. Es una tarea compleja la de Secretario General, toca coordinar mucho y tambi\u00e9n aprender a delegar, repartir juego y tomar decisiones cada d\u00eda. Y nadie te ense\u00f1a. Tienes que improvisar a cada instante, pensar cu\u00e1l es tu rol y qu\u00e9 es lo que el grupo espera de ti y t\u00fa eres capaz de dar al grupo.<\/p>\n<p>Como en la vida, <strong>acierto y me equivoco<\/strong>, en un equilibrio desigual seg\u00fan se mire. He tenido la oportunidad de llevar a Madrid la voz aragonesa, singular, de nuestra realidad pol\u00edtica, social y territorial. En ese sentido, estoy contento. Tambi\u00e9n hemos echado muchas horas y kil\u00f3metros para estar m\u00e1s presentes en nuestros pueblos, por peque\u00f1os que sean. All\u00ed donde vas hay personas implicadas en su ecosistema. Esto ya lo sab\u00eda y ahora lo tengo tatuado: <strong>no somos cuatro gatos, somos muchas personas comprometidas<\/strong>. Pero nos falta mucha <strong>organizaci\u00f3n y autoestima<\/strong> para ser conscientes del enorme poder colectivo que atesoramos. En este Arag\u00f3n nuestro, tan disperso y despoblado, nos queda mucho trabajo por delante para apoyar y empoderar a las buenas gentes que a\u00fan resisten en municipios peque\u00f1os, para conocernos y coordinarnos mejor, para caminar juntos y pelear de la mano.<\/p>\n<p>El desequilibrio aragon\u00e9s hace que <strong>Zaragoza<\/strong> y su \u00e1rea metropolitana sea especialmente compleja. Mucho m\u00e1s <strong>frenes\u00ed, movimiento y estr\u00e9s<\/strong>. Aqu\u00ed nos toca echar mucha m\u00e1s audacia, energ\u00eda y sentido com\u00fan, para reconducir los afectos, las alianzas y los procesos colectivos, para alcanzar metas m\u00e1s ambiciosas, que hagan de la principal ciudad de Arag\u00f3n, un lugar en el que la vivienda, el trabajo, la salud y la educaci\u00f3n est\u00e9n garantizados para todas las personas, como en todas partes, ni m\u00e1s ni menos que en cualquier lugar del mundo.<\/p>\n<p>En estos 2 a\u00f1os <strong>hemos conseguido muchas cosas<\/strong>. No tantas como nos gustar\u00eda. Pero s\u00ed las conseguimos. A veces somos tan cr\u00edticos que no reconocemos los logros, que los hay. No tantos como nos gustar\u00eda. Hemos aprobado leyes importantes, que han dado m\u00e1s derechos a las personas (igualdad, LGTBi, aut\u00f3nomos, venta directa de alimentos\u2026.), hemos garantizado presupuestos para que haya m\u00e1s ayudas a j\u00f3venes agricultores, que no se cierren escuelas rurales, que haya m\u00e1s convocatorias p\u00fablicas para m\u00e9dicos y enfermeros, se ha subido el Salario M\u00ednimo, hemos sacado a Rajoy de la Moncloa, el feminismo y el ecologismo son luchas potent\u00edsimas en las calles (y lo que nos queda)\u2026 y en el Gobierno de Arag\u00f3n vamos a demostrar que se pueden tocar algunas teclas administrativas y pol\u00edticas que mejoran las vidas de muchas personas.<\/p>\n<p>A nivel personal, <strong>estoy aprendiendo mucho, much\u00edsimo<\/strong>. Para m\u00ed est\u00e1 siendo un momento personal y pol\u00edtico muy importante, que requiere de mucha reflexi\u00f3n y an\u00e1lisis. A veces siento que estoy siendo \u00fatil en la responsabilidad que ostento, a ratos pienso que no deber\u00eda estar en este rol o en otros. Con lo que estoy entusiasmado es con mi implicaci\u00f3n pol\u00edtica, mi compromiso y ganas de trabajar y luchar por un mundo mejor. En lo m\u00e1s personal, estoy aprendiendo a trabajar en colectivo a distintos niveles, a ser m\u00e1s flexible, a escuchar, a pactar las decisiones y tambi\u00e9n a ejercer un liderazgo colectivo poli\u00e9drico.<\/p>\n<p>De nuestras experiencias en diversos movimientos sociales, sumamos la apuesta institucional y ahora tambi\u00e9n los intr\u00edngulis del interior de un partido. Con todo ello, con las miserias humanas y tambi\u00e9n las grandes cosas, hemos de mejorar, de construir un mundo nuevo de amor y justicia. Desde el interior de cada quien, con honestidad, para dar al exterior nuestra mejor cara. Estoy seguro de que <strong>vienen d\u00edas mejores<\/strong>. Complejos, s\u00ed, con enormes retos colectivos. Pero m\u00e1s f\u00e9rtiles.<\/p>\n<p>Soy consciente de que no estamos en el mejor momento con el que so\u00f1amos. Y tambi\u00e9n que la historia no es lineal. Que hay que saber leer el momento y <strong>aprovechar las ventanas de oportunidad.<\/strong> Con <strong>paciencia y audacia<\/strong>, cuando toca. Con inteligencia y tes\u00f3n. La <strong>constancia<\/strong> es una cualidad necesaria, las luchas como la vida son una carrera de fondo y, como decimos en Arag\u00f3n, hay que mantenerse en tensi\u00f3n, con rasmia, y <strong>nunca reblar<\/strong>.<\/p>\n<p>Las desigualdades est\u00e1n en nuestras vidas, en nuestros cuerpos, en nuestras casas, en nuestras familias, en nuestros trabajos, en nuestras calles, en nuestros pueblos y ciudades. M\u00e1s all\u00e1 de las injusticias, sabemos que no somos seres iguales. Tenemos diversas cualidades y capacidades. Cada quien debe encontrarse y, con valent\u00eda, actuar cuando toca para evitar sufrimientos y transformar la realidad. Da igual estar de Secretario General que de voluntario en una asociaci\u00f3n, de diputado que de activista en un colectivo, de cooperativista o de consumidor. <strong>Cada quien hace su parte<\/strong> y los roles los intercambiamos seg\u00fan los momentos de cada quien.<\/p>\n<p>Yo hace 2 a\u00f1os fui elegido Secretario General de Podemos Arag\u00f3n y <strong>no me arrepiento<\/strong>. Ahora s\u00e9 que corregir\u00eda algunos errores cometidos, que echar\u00eda m\u00e1s ganas y alegr\u00eda en algunos aspectos que hemos dejado de lado\u2026 por eso hoy, ahora, toca reflexionar en colectivo, analizar el camino andado y, con autocr\u00edtica y cr\u00edtica constructiva, evolucionar. En eso estamos.<\/p>\n<p>Tengo claro que estoy de paso, que <strong>esto es temporal<\/strong>. Sigo llam\u00e1ndome agricultor ecol\u00f3gico, no reniego ni olvido mi proyecto laboral colectivo, porque no olvido mi empleo ni mi forma de vida. La pol\u00edtica \u201cprofesional\u201d es para un rato. Por ahora, sigo de Secretario General y ma\u00f1ana ya veremos. Lo decidiremos entre todas, como hacemos en Podemos. Entre tanto, espero seguir dando lo mejor de m\u00ed mismo, sin descuidar a mi gente que en tantas ocasiones he dejado de lado por entregarme en cuerpo y alma a la pol\u00edtica. Eso tambi\u00e9n lo he aprendido. Y una cosa no quita la otra, si te organizas y sabes sacarle partido a las 24 horas del reloj, con todo lo que tiene la vida: compromiso, esfuerzo, entrega\u2026 y tambi\u00e9n placeres y alegr\u00edas.<\/p>\n<p>Quiero acabar d\u00e1ndoos las gracias a las personas que aport\u00e1is alegr\u00eda y compromiso. Gracias por intentar ser felices. Gracias por implicaros y arrimar el hombro. Gracias por aportar vuestro punto de vista. Gracias por ser, por estar, por hacer. Gracias por no perder la esperanza y la ilusi\u00f3n. Gracias por seguir demostrando que S\u00ed Se Puede.<\/p>\n<p>PD: Me ha salido este texto, de sopet\u00f3n, como podr\u00eda haberme salido otro. Espero haberte trasmitido lo que siento en este momento. Gracias.<\/p>","protected":false},"excerpt":{"rendered":"<p>Hace justo 2 a\u00f1os fui elegido Secretario General de Podemos Arag\u00f3n. Hasta entonces, nunca hab\u00eda conocido un partido por dentro. [&hellip;]<\/p>\n","protected":false},"author":1,"featured_media":740,"comment_status":"open","ping_status":"closed","sticky":false,"template":"","format":"standard","meta":{"site-sidebar-layout":"default","site-content-layout":"","ast-site-content-layout":"default","site-content-style":"default","site-sidebar-style":"default","ast-global-header-display":"","ast-banner-title-visibility":"","ast-main-header-display":"","ast-hfb-above-header-display":"","ast-hfb-below-header-display":"","ast-hfb-mobile-header-display":"","site-post-title":"","ast-breadcrumbs-content":"","ast-featured-img":"","footer-sml-layout":"","ast-disable-related-posts":"","theme-transparent-header-meta":"","adv-header-id-meta":"","stick-header-meta":"","header-above-stick-meta":"","header-main-stick-meta":"","header-below-stick-meta":"","astra-migrate-meta-layouts":"default","ast-page-background-enabled":"default","ast-page-background-meta":{"desktop":{"background-color":"","background-image":"","background-repeat":"repeat","background-position":"center center","background-size":"auto","background-attachment":"scroll","background-type":"","background-media":"","overlay-type":"","overlay-color":"","overlay-opacity":"","overlay-gradient":""},"tablet":{"background-color":"","background-image":"","background-repeat":"repeat","background-position":"center center","background-size":"auto","background-attachment":"scroll","background-type":"","background-media":"","overlay-type":"","overlay-color":"","overlay-opacity":"","overlay-gradient":""},"mobile":{"background-color":"","background-image":"","background-repeat":"repeat","background-position":"center center","background-size":"auto","background-attachment":"scroll","background-type":"","background-media":"","overlay-type":"","overlay-color":"","overlay-opacity":"","overlay-gradient":""}},"ast-content-background-meta":{"desktop":{"background-color":"var(--ast-global-color-5)","background-image":"","background-repeat":"repeat","background-position":"center center","background-size":"auto","background-attachment":"scroll","background-type":"","background-media":"","overlay-type":"","overlay-color":"","overlay-opacity":"","overlay-gradient":""},"tablet":{"background-color":"var(--ast-global-color-5)","background-image":"","background-repeat":"repeat","background-position":"center center","background-size":"auto","background-attachment":"scroll","background-type":"","background-media":"","overlay-type":"","overlay-color":"","overlay-opacity":"","overlay-gradient":""},"mobile":{"background-color":"var(--ast-global-color-5)","background-image":"","background-repeat":"repeat","background-position":"center center","background-size":"auto","background-attachment":"scroll","background-type":"","background-media":"","overlay-type":"","overlay-color":"","overlay-opacity":"","overlay-gradient":""}},"_joinchat":[],"footnotes":""},"categories":[25],"tags":[28,80,49,69,86,112],"class_list":["post-739","post","type-post","status-publish","format-standard","has-post-thumbnail","hentry","category-enredando","tag-aragon","tag-nacho-escartin","tag-podemos","tag-podemos-aragon","tag-politica","tag-si-se-puede"],"_links":{"self":[{"href":"https:\/\/nachoescartin.es\/an\/wp-json\/wp\/v2\/posts\/739","targetHints":{"allow":["GET"]}}],"collection":[{"href":"https:\/\/nachoescartin.es\/an\/wp-json\/wp\/v2\/posts"}],"about":[{"href":"https:\/\/nachoescartin.es\/an\/wp-json\/wp\/v2\/types\/post"}],"author":[{"embeddable":true,"href":"https:\/\/nachoescartin.es\/an\/wp-json\/wp\/v2\/users\/1"}],"replies":[{"embeddable":true,"href":"https:\/\/nachoescartin.es\/an\/wp-json\/wp\/v2\/comments?post=739"}],"version-history":[{"count":0,"href":"https:\/\/nachoescartin.es\/an\/wp-json\/wp\/v2\/posts\/739\/revisions"}],"wp:featuredmedia":[{"embeddable":true,"href":"https:\/\/nachoescartin.es\/an\/wp-json\/wp\/v2\/media\/740"}],"wp:attachment":[{"href":"https:\/\/nachoescartin.es\/an\/wp-json\/wp\/v2\/media?parent=739"}],"wp:term":[{"taxonomy":"category","embeddable":true,"href":"https:\/\/nachoescartin.es\/an\/wp-json\/wp\/v2\/categories?post=739"},{"taxonomy":"post_tag","embeddable":true,"href":"https:\/\/nachoescartin.es\/an\/wp-json\/wp\/v2\/tags?post=739"}],"curies":[{"name":"wp","href":"https:\/\/api.w.org\/{rel}","templated":true}]}}