{"id":732,"date":"2019-09-08T19:20:39","date_gmt":"2019-09-08T19:20:39","guid":{"rendered":"http:\/\/nachoescartin.es\/?p=732"},"modified":"2019-09-08T19:20:39","modified_gmt":"2019-09-08T19:20:39","slug":"para-javier-delgado-echeverria","status":"publish","type":"post","link":"https:\/\/nachoescartin.es\/an\/para-javier-delgado-echeverria\/","title":{"rendered":"Para Javier Delgado Echeverr\u00eda"},"content":{"rendered":"<p>Conoc\u00ed a Javier en 2006 en el Parque Grande de Zaragoza. El alcalde Juan Alberto Belloch propuso el traslado del rastro al Parque y Javier particip\u00f3 en una plataforma vecinal para defender y proteger el parque m\u00e1s completo y complejo de Zaragoza. A ra\u00edz de esa resistencia popular de amor a los espacios verdes se cre\u00f3 la Iniciativa Ciudadana para mejorar el Parque Grande que dinamic\u00e9 como trabajador de Ecolog\u00eda y Desarrollo y, a trav\u00e9s de la cual, durante 1 a\u00f1o dimos a conocer el parque cada semana, proponiendo mejoras para disfrutarlo y conservarlo. Conoc\u00ed a Javier como amante y experto en \u00e1rboles y en arte.<\/p>\n<p>Una d\u00e9cada despu\u00e9s, hace apenas un par de a\u00f1os, conoc\u00ed al Javier m\u00e1s pol\u00edtico. Coincidiendo con mi inmersi\u00f3n en el liderazgo de Podemos en Arag\u00f3n, Javier y yo compartimos una relaci\u00f3n secreta, \u00edntima, virtual. El Telegram, sobre todo, nos comunic\u00f3 para compartir reflexiones pol\u00edticas, visiones y consejos.<\/p>\n<p>Javier ven\u00eda de la militancia activa en el Partido Comunista y de ah\u00ed extra\u00eda referencias de los a\u00f1os 70. Muchas veces me citaba a Vicente Cazcarra, como el dirigente m\u00e1s importante de aquella \u00e9poca, de cuando yo nac\u00ed, del que aprender y tambi\u00e9n comprender los errores y las trampas en la pol\u00edtica (porque se repiten).<br \/>\nJavier siempre me invitaba a surfear las olas con humor y que las miserias de los 80 y los 90 no volvieran hoy.<\/p>\n<p>Javier me dec\u00eda que si tuviera 26 a\u00f1os menos igual se hac\u00eda de Podemos, \u201cpero a los 66 y con la depre y ansiedad que llevo, mejor no\u201d.<\/p>\n<p>Javier me ayud\u00f3 y me sirvi\u00f3 as\u00ed, con total sinceridad y libertad, expres\u00e1ndome lo que pensaba en cada situaci\u00f3n, en la intimidad, mucho m\u00e1s desarrollado y profundo de lo que compart\u00eda en su Facebook o en Heraldo.<\/p>\n<p>Mientras o\u00eda y ve\u00eda pasar las bandadas de grullas hacia el norte desde su terraza o despu\u00e9s de que alg\u00fan amigo le llevara a pasear por una playa o a conversar en una terraza, Javier me escrib\u00eda y trasladaba sus sentires y pesares pol\u00edticos, de la actualidad estatal, aragonesa y zaragozana.<\/p>\n<p>Javier me escrib\u00eda: \u201cAhora mismo un grupo de grullas se ha desorientado, ha perdido la formaci\u00f3n&#8230; si no se orienta pronto ir\u00e1n cayendo grullas de p\u00e1nico y agotamiento. Dependen de que alguna de ellas vuelva a orientarse&#8230;\u201d<\/p>\n<p>Javier me escrib\u00eda tambi\u00e9n que no estuvi\u00e9ramos a la defensiva, que trabajara en lo concreto, que asentara mis posiciones con libertad, que dejara todo lo que no fuera prioritario y determinante en un momento dado (como aprendi\u00f3 de Vicente Cazcarra), que confiara, que los nervios y las malas experiencias no me convirtiesen en un desconfiado cr\u00f3nico. Javier me insist\u00eda en que me dejaba descansar en \u00e9l y estaba disponible de guardia d\u00eda y noche para lo que quisiera.<\/p>\n<p>En su radical libertad, Javier me expresaba parabienes, pero tambi\u00e9n furibunda cr\u00edticas cuando algo no le gustaba.<\/p>\n<p>Este verano me alegr\u00e9 de alegrarle con el acuerdo en el Gobierno de Arag\u00f3n, que aplaudi\u00f3 con entusiasmo. Tu \u00faltimo mensaje, Javier, fue \u201c\u00a1ENHORABUEN\u00cdSIMA! \u00a1VIVA EL NUEVO GOBIERNO DE ARAG\u00d3N!\u201d (Con may\u00fasculas. Ser\u00eda la medicaci\u00f3n, jeje).<\/p>\n<p>A pesar de no estar en activo, a pesar de tantas mierdas, a pesar de caer en barrena en la depresi\u00f3n, mi relaci\u00f3n con Javier fue fraterna y alegre. Y me sirvi\u00f3 mucho.<br \/>\nNecesitamos referentes, personas concretas de las que aprender y con las que compartir. Y Javier ha sido y es para m\u00ed un referente importante, como lo sois Nacho, Luis o Rosa, entre otras. No tantas.<\/p>\n<p>soyesetontoquehoymalvive<br \/>\nladepresi\u00f3nlasansiasdesuicidio<br \/>\nsindejardebuscarlavueltadelascosas<br \/>\nsobretodoladelastortillas<br \/>\nesed\u00edaDiosm\u00edocomodice<br \/>\nlacanci\u00f3nquelospobrescoman<br \/>\npanylosricosmierdamierda<\/p>\n<p>(Poema de Javier Delgado de su libro \u201cAmoramorte\u201d de 2009)<\/p>\n<p>Gracias, Javier, por lo compartido. Y lo que os queda. Los mundos de los \u00e1rboles, el arte y la pol\u00edtica son interminables. Y nuestra relaci\u00f3n seguir\u00e1, serena y alegre, para analizar, evolucionar y mejorar. Gracias, Javier, y gracias Ana, Celia, y a todas las personas que hoy os acompa\u00f1amos.<\/p>","protected":false},"excerpt":{"rendered":"<p>Conoc\u00ed a Javier en 2006 en el Parque Grande de Zaragoza. El alcalde Juan Alberto Belloch propuso el traslado del [&hellip;]<\/p>\n","protected":false},"author":1,"featured_media":733,"comment_status":"open","ping_status":"closed","sticky":false,"template":"","format":"standard","meta":{"site-sidebar-layout":"default","site-content-layout":"","ast-site-content-layout":"default","site-content-style":"default","site-sidebar-style":"default","ast-global-header-display":"","ast-banner-title-visibility":"","ast-main-header-display":"","ast-hfb-above-header-display":"","ast-hfb-below-header-display":"","ast-hfb-mobile-header-display":"","site-post-title":"","ast-breadcrumbs-content":"","ast-featured-img":"","footer-sml-layout":"","ast-disable-related-posts":"","theme-transparent-header-meta":"","adv-header-id-meta":"","stick-header-meta":"","header-above-stick-meta":"","header-main-stick-meta":"","header-below-stick-meta":"","astra-migrate-meta-layouts":"default","ast-page-background-enabled":"default","ast-page-background-meta":{"desktop":{"background-color":"","background-image":"","background-repeat":"repeat","background-position":"center center","background-size":"auto","background-attachment":"scroll","background-type":"","background-media":"","overlay-type":"","overlay-color":"","overlay-opacity":"","overlay-gradient":""},"tablet":{"background-color":"","background-image":"","background-repeat":"repeat","background-position":"center center","background-size":"auto","background-attachment":"scroll","background-type":"","background-media":"","overlay-type":"","overlay-color":"","overlay-opacity":"","overlay-gradient":""},"mobile":{"background-color":"","background-image":"","background-repeat":"repeat","background-position":"center center","background-size":"auto","background-attachment":"scroll","background-type":"","background-media":"","overlay-type":"","overlay-color":"","overlay-opacity":"","overlay-gradient":""}},"ast-content-background-meta":{"desktop":{"background-color":"var(--ast-global-color-5)","background-image":"","background-repeat":"repeat","background-position":"center center","background-size":"auto","background-attachment":"scroll","background-type":"","background-media":"","overlay-type":"","overlay-color":"","overlay-opacity":"","overlay-gradient":""},"tablet":{"background-color":"var(--ast-global-color-5)","background-image":"","background-repeat":"repeat","background-position":"center center","background-size":"auto","background-attachment":"scroll","background-type":"","background-media":"","overlay-type":"","overlay-color":"","overlay-opacity":"","overlay-gradient":""},"mobile":{"background-color":"var(--ast-global-color-5)","background-image":"","background-repeat":"repeat","background-position":"center center","background-size":"auto","background-attachment":"scroll","background-type":"","background-media":"","overlay-type":"","overlay-color":"","overlay-opacity":"","overlay-gradient":""}},"_joinchat":[],"footnotes":""},"categories":[23],"tags":[177,178,179,180,49,181,38],"class_list":["post-732","post","type-post","status-publish","format-standard","has-post-thumbnail","hentry","category-sembrando","tag-dep","tag-jardin","tag-javier-delgado","tag-partido-comunista","tag-podemos","tag-poesia","tag-zaragoza"],"_links":{"self":[{"href":"https:\/\/nachoescartin.es\/an\/wp-json\/wp\/v2\/posts\/732","targetHints":{"allow":["GET"]}}],"collection":[{"href":"https:\/\/nachoescartin.es\/an\/wp-json\/wp\/v2\/posts"}],"about":[{"href":"https:\/\/nachoescartin.es\/an\/wp-json\/wp\/v2\/types\/post"}],"author":[{"embeddable":true,"href":"https:\/\/nachoescartin.es\/an\/wp-json\/wp\/v2\/users\/1"}],"replies":[{"embeddable":true,"href":"https:\/\/nachoescartin.es\/an\/wp-json\/wp\/v2\/comments?post=732"}],"version-history":[{"count":0,"href":"https:\/\/nachoescartin.es\/an\/wp-json\/wp\/v2\/posts\/732\/revisions"}],"wp:featuredmedia":[{"embeddable":true,"href":"https:\/\/nachoescartin.es\/an\/wp-json\/wp\/v2\/media\/733"}],"wp:attachment":[{"href":"https:\/\/nachoescartin.es\/an\/wp-json\/wp\/v2\/media?parent=732"}],"wp:term":[{"taxonomy":"category","embeddable":true,"href":"https:\/\/nachoescartin.es\/an\/wp-json\/wp\/v2\/categories?post=732"},{"taxonomy":"post_tag","embeddable":true,"href":"https:\/\/nachoescartin.es\/an\/wp-json\/wp\/v2\/tags?post=732"}],"curies":[{"name":"wp","href":"https:\/\/api.w.org\/{rel}","templated":true}]}}