{"id":727,"date":"2019-08-17T18:38:37","date_gmt":"2019-08-17T18:38:37","guid":{"rendered":"http:\/\/nachoescartin.es\/?p=727"},"modified":"2019-08-17T18:38:37","modified_gmt":"2019-08-17T18:38:37","slug":"la-hora-violeta-de-sergio-del-molino","status":"publish","type":"post","link":"https:\/\/nachoescartin.es\/an\/la-hora-violeta-de-sergio-del-molino\/","title":{"rendered":"\u201cLa hora violeta\u201d de Sergio del Molino"},"content":{"rendered":"<p>Cuando me regal\u00f3 mi amiga Paula este libro en mi 40 cumplea\u00f1os sab\u00eda que me constar\u00eda encontrar el momento para leerlo. Hoy ha sido el d\u00eda, casi un a\u00f1o despu\u00e9s. Junto al mar, rodeado de familia y amigos.<\/p>\n<p>\u201cLa hora violeta\u201d es el libro de amor de Sergio del Molino a su hijo Pablo, un ni\u00f1o que muri\u00f3 por la leucemia. Sergio nos cuenta todo lo que sinti\u00f3 junto a Cristina, la mam\u00e1 de Pablo, cuando sus vacaciones terminaron con un diagn\u00f3stico dur\u00edsimo, hasta que un a\u00f1o despu\u00e9s y tras un periplo hospitalario tremendo, la enfermedad le quit\u00f3 la vida.<\/p>\n<p>He le\u00eddo sus p\u00e1ginas con el coraz\u00f3n estremecido, desde los primeros instantes cuando recibieron semejante noticia y hasta lleg\u00f3 el desenlace. El libro es tambi\u00e9n un agradecimiento sincero a las excelentes profesionales de oncopediatr\u00eda de la sanidad p\u00fablica, casi todas mujeres, y a los grandes amigos y familiares que supieron estar, acompa\u00f1ar y vivir esos meses tan duros.<\/p>\n<p>Yo doy las gracias a Sergio, y tambi\u00e9n a Cristina, por compartirnos su historia, la de Pablo. Por legar su memoria a su hijo y a todos nosotros, lectores. Como Sergio escribe, estas p\u00e1ginas fueron terapia para seguir caminando. Y tambi\u00e9n son reflexi\u00f3n sobre lo importante, los placeres cotidianos de la vida, que en el caso de Sergio pasan por el rock de Le\u00f1o, por el periodismo y la literatura, por las conversaciones regadas con un buen vino y, por supuesto, por los juegos y travesuras con sus hijos.<\/p>\n<p>\u201cY a\u00fan as\u00ed, a pesar de todo, nos sentimos afortunados. Porque le tuvimos con nosotros. Porque Le quisimos y nos quiso. Y porque ahora sabemos que no hay logro en la vida m\u00e1s importante que el de ser buenos padres\u201d. Escribi\u00f3 Cristina Delgado el d\u00eda en el que Pablo habr\u00eda cumplido dos a\u00f1os.<\/p>\n<p>M\u00e1s all\u00e1 del dolor, m\u00e1s all\u00e1 de las met\u00e1foras, m\u00e1s all\u00e1 del realismo m\u00e1gico, se trata de vivir. Que lo urgente deje tiempo para lo importante. Acabo esta peque\u00f1a cr\u00f3nica, no sin antes escribir que os recomiendo leer el libro, y a continuaci\u00f3n me entrego en cuerpo y alma a disfrutar de mi hija y mis seres queridos.<\/p>","protected":false},"excerpt":{"rendered":"<p>Cuando me regal\u00f3 mi amiga Paula este libro en mi 40 cumplea\u00f1os sab\u00eda que me constar\u00eda encontrar el momento para [&hellip;]<\/p>\n","protected":false},"author":1,"featured_media":728,"comment_status":"open","ping_status":"closed","sticky":false,"template":"","format":"standard","meta":{"site-sidebar-layout":"default","site-content-layout":"","ast-site-content-layout":"default","site-content-style":"default","site-sidebar-style":"default","ast-global-header-display":"","ast-banner-title-visibility":"","ast-main-header-display":"","ast-hfb-above-header-display":"","ast-hfb-below-header-display":"","ast-hfb-mobile-header-display":"","site-post-title":"","ast-breadcrumbs-content":"","ast-featured-img":"","footer-sml-layout":"","ast-disable-related-posts":"","theme-transparent-header-meta":"","adv-header-id-meta":"","stick-header-meta":"","header-above-stick-meta":"","header-main-stick-meta":"","header-below-stick-meta":"","astra-migrate-meta-layouts":"default","ast-page-background-enabled":"default","ast-page-background-meta":{"desktop":{"background-color":"","background-image":"","background-repeat":"repeat","background-position":"center center","background-size":"auto","background-attachment":"scroll","background-type":"","background-media":"","overlay-type":"","overlay-color":"","overlay-opacity":"","overlay-gradient":""},"tablet":{"background-color":"","background-image":"","background-repeat":"repeat","background-position":"center center","background-size":"auto","background-attachment":"scroll","background-type":"","background-media":"","overlay-type":"","overlay-color":"","overlay-opacity":"","overlay-gradient":""},"mobile":{"background-color":"","background-image":"","background-repeat":"repeat","background-position":"center center","background-size":"auto","background-attachment":"scroll","background-type":"","background-media":"","overlay-type":"","overlay-color":"","overlay-opacity":"","overlay-gradient":""}},"ast-content-background-meta":{"desktop":{"background-color":"var(--ast-global-color-5)","background-image":"","background-repeat":"repeat","background-position":"center center","background-size":"auto","background-attachment":"scroll","background-type":"","background-media":"","overlay-type":"","overlay-color":"","overlay-opacity":"","overlay-gradient":""},"tablet":{"background-color":"var(--ast-global-color-5)","background-image":"","background-repeat":"repeat","background-position":"center center","background-size":"auto","background-attachment":"scroll","background-type":"","background-media":"","overlay-type":"","overlay-color":"","overlay-opacity":"","overlay-gradient":""},"mobile":{"background-color":"var(--ast-global-color-5)","background-image":"","background-repeat":"repeat","background-position":"center center","background-size":"auto","background-attachment":"scroll","background-type":"","background-media":"","overlay-type":"","overlay-color":"","overlay-opacity":"","overlay-gradient":""}},"_joinchat":[],"footnotes":""},"categories":[26],"tags":[131,39,172,173,174,40,175,176],"class_list":["post-727","post","type-post","status-publish","format-standard","has-post-thumbnail","hentry","category-cultivando","tag-cancer","tag-cultura","tag-familia","tag-hijo","tag-leucemia","tag-libros","tag-padre","tag-sergio-del-molino"],"_links":{"self":[{"href":"https:\/\/nachoescartin.es\/an\/wp-json\/wp\/v2\/posts\/727","targetHints":{"allow":["GET"]}}],"collection":[{"href":"https:\/\/nachoescartin.es\/an\/wp-json\/wp\/v2\/posts"}],"about":[{"href":"https:\/\/nachoescartin.es\/an\/wp-json\/wp\/v2\/types\/post"}],"author":[{"embeddable":true,"href":"https:\/\/nachoescartin.es\/an\/wp-json\/wp\/v2\/users\/1"}],"replies":[{"embeddable":true,"href":"https:\/\/nachoescartin.es\/an\/wp-json\/wp\/v2\/comments?post=727"}],"version-history":[{"count":0,"href":"https:\/\/nachoescartin.es\/an\/wp-json\/wp\/v2\/posts\/727\/revisions"}],"wp:featuredmedia":[{"embeddable":true,"href":"https:\/\/nachoescartin.es\/an\/wp-json\/wp\/v2\/media\/728"}],"wp:attachment":[{"href":"https:\/\/nachoescartin.es\/an\/wp-json\/wp\/v2\/media?parent=727"}],"wp:term":[{"taxonomy":"category","embeddable":true,"href":"https:\/\/nachoescartin.es\/an\/wp-json\/wp\/v2\/categories?post=727"},{"taxonomy":"post_tag","embeddable":true,"href":"https:\/\/nachoescartin.es\/an\/wp-json\/wp\/v2\/tags?post=727"}],"curies":[{"name":"wp","href":"https:\/\/api.w.org\/{rel}","templated":true}]}}