{"id":719,"date":"2019-08-11T18:25:50","date_gmt":"2019-08-11T18:25:50","guid":{"rendered":"http:\/\/nachoescartin.es\/?p=719"},"modified":"2019-08-11T18:25:50","modified_gmt":"2019-08-11T18:25:50","slug":"bailando-entre-las-ruinas-de-la-ronda-de-boltana","status":"publish","type":"post","link":"https:\/\/nachoescartin.es\/an\/bailando-entre-las-ruinas-de-la-ronda-de-boltana\/","title":{"rendered":"\u201cBailando entre las ruinas\u201d de La Ronda de Bolta\u00f1a"},"content":{"rendered":"<p>El sexto disco de La Ronda de Bolta\u00f1a es el grito del Arag\u00f3n Vaciado, es el canto de amor y rasmia de la Espa\u00f1a Vaciada, la cr\u00f3nica musical del sentimiento de la ruralidad y la dignidad de nuestros pueblos.<\/p>\n<p>17 canciones cantadas, agridulces como la vida misma. Con sus alegr\u00edas y sus penas. Con sus orgullos y sus reivindicaciones. La Ronda de Bolta\u00f1a tiene memoria y ra\u00edces, pero tambi\u00e9n semillas de futuro y mirada larga.<\/p>\n<p>El Arag\u00f3n rural que representa La Ronda de Bolta\u00f1a expresa la amargura frente a quienes vienen hoy a imponer una visi\u00f3n uniformizada y autoritaria de su realidad, la que hace d\u00e9cadas vaci\u00f3 nuestros pueblos y se enriqueci\u00f3 con un sistema que oblig\u00f3 a emigrar a las grandes ciudades. El Arag\u00f3n rural que canta La Ronda nace en Sobrarbe, pero recorre todo el Pirineo, Arag\u00f3n, Soria, Guadalajara o Zamora: el mundo rural, diverso y vivo. El Arag\u00f3n rural que acerca La Ronda trae la memoria de aquellos almog\u00e1vares que llevaron la cuatribarrada allende los mares, esos campesinos que protagonizaron la revuelta frente a la casta del siglo XVI, nuestros yayos que volvieron tullidos de Cuba o los muertos que a\u00fan hoy est\u00e1n en las cunetas. El Arag\u00f3n rural que baila La Ronda sonr\u00ede, enciende las chamineras y despierta amor\u00edos y puentes de solidaridad y futuro.<\/p>\n<p>Musicalmente, La Ronda no defrauda: hay aut\u00e9nticos himnos como \u201cAqu\u00ed, la Marcha de los que no marchan\u201d (que abre el disco y ya hemos cantado a cientos de miles de voces en Madrid). Hay pasodobles, habanera, valses, coplas y, prou que si, melod\u00edas para cantar y bailar en las rondas, que es de lo que se trata.<\/p>\n<p>No faltan las canciones divertidas, como \u201c\u00bfOtra ronda?\u201d, \u201cTras la brecha digital\u201d, \u201cRonda del \u00bfqu\u00e9 ser\u00e1?\u201d, \u201cA fuego lento\u201d o la gamberra \u201cFinale con tutti!\u201d, en las que siguen extendiendo su \u201ccarpe diem a lo rural\u201d, la esencia de La Ronda: la fraternidad, la vecindad, el compartir y vivir juntos.<\/p>\n<p>Hay temas que recuerdan los d\u00edas de escuela a la \u201cHora de Salir\u201d y esta lengua nuestra, el aragon\u00e9s, en \u201cIn Vino Veritas\u201d (y unas estrofas en catal\u00e1n en otro tema). Y destacan piezas estremecedoras como el \u201cRetablo del prendimiento\u201d y \u201cCoplas de la amargura\u201d, todo un c\u00e1ntico contra los fascistas de hoy.<\/p>\n<p>Muy buen disco, con po\u00e9ticas letras de Manuel Dom\u00ednguez (y una de Francho Sarrablo), la mayor\u00eda de las m\u00fasicas de Mart\u00edn Dom\u00ednguez y, c\u00f3mo no, maravillosa la voz de Antonio Melendo junto a los grandes m\u00fasicos de La Ronda a los curdiones, gaitas, guitarras, trompas, bandurrias, la\u00fades, clarinete y coros, prou que s\u00ed, con colaboraciones hermosas como La Caja de M\u00fasica de Sabi\u00f1\u00e1nigo y grabado como siempre en Estudios Kiko de Zaragoza. A destacar tambi\u00e9n las bonitas ilustraciones de Jes\u00fas Cisneros en portada y libreto.<\/p>\n<p>Puedes comprar el disco en la librer\u00eda C\u00e1lamo, La Botiga de Ligallo de Fablans o la FNAC de Zaragoza y tambi\u00e9n en sus conciertos y rondas.<\/p>\n<p>La Ronda de Bolta\u00f1a suma ya 27 a\u00f1os y m\u00e1s de 1.000 rondas por los pueblos de Arag\u00f3n. Los bailes interminables, los porrones de mano en mano, las puertas abiertas y las bandejas de pastas les han sentado fet\u00e9n. Este disco me emociona, me representa y me motiva a seguir luchando junto a quienes queremos vivir en nuestro lugar, ni m\u00e1s ni menos, con derechos y oportunidades como queremos para todos los seres del planeta.<\/p>","protected":false},"excerpt":{"rendered":"<p>El sexto disco de La Ronda de Bolta\u00f1a es el grito del Arag\u00f3n Vaciado, es el canto de amor y [&hellip;]<\/p>\n","protected":false},"author":1,"featured_media":720,"comment_status":"open","ping_status":"closed","sticky":false,"template":"","format":"standard","meta":{"site-sidebar-layout":"default","site-content-layout":"","ast-site-content-layout":"default","site-content-style":"default","site-sidebar-style":"default","ast-global-header-display":"","ast-banner-title-visibility":"","ast-main-header-display":"","ast-hfb-above-header-display":"","ast-hfb-below-header-display":"","ast-hfb-mobile-header-display":"","site-post-title":"","ast-breadcrumbs-content":"","ast-featured-img":"","footer-sml-layout":"","ast-disable-related-posts":"","theme-transparent-header-meta":"","adv-header-id-meta":"","stick-header-meta":"","header-above-stick-meta":"","header-main-stick-meta":"","header-below-stick-meta":"","astra-migrate-meta-layouts":"default","ast-page-background-enabled":"default","ast-page-background-meta":{"desktop":{"background-color":"","background-image":"","background-repeat":"repeat","background-position":"center center","background-size":"auto","background-attachment":"scroll","background-type":"","background-media":"","overlay-type":"","overlay-color":"","overlay-opacity":"","overlay-gradient":""},"tablet":{"background-color":"","background-image":"","background-repeat":"repeat","background-position":"center center","background-size":"auto","background-attachment":"scroll","background-type":"","background-media":"","overlay-type":"","overlay-color":"","overlay-opacity":"","overlay-gradient":""},"mobile":{"background-color":"","background-image":"","background-repeat":"repeat","background-position":"center center","background-size":"auto","background-attachment":"scroll","background-type":"","background-media":"","overlay-type":"","overlay-color":"","overlay-opacity":"","overlay-gradient":""}},"ast-content-background-meta":{"desktop":{"background-color":"var(--ast-global-color-5)","background-image":"","background-repeat":"repeat","background-position":"center center","background-size":"auto","background-attachment":"scroll","background-type":"","background-media":"","overlay-type":"","overlay-color":"","overlay-opacity":"","overlay-gradient":""},"tablet":{"background-color":"var(--ast-global-color-5)","background-image":"","background-repeat":"repeat","background-position":"center center","background-size":"auto","background-attachment":"scroll","background-type":"","background-media":"","overlay-type":"","overlay-color":"","overlay-opacity":"","overlay-gradient":""},"mobile":{"background-color":"var(--ast-global-color-5)","background-image":"","background-repeat":"repeat","background-position":"center center","background-size":"auto","background-attachment":"scroll","background-type":"","background-media":"","overlay-type":"","overlay-color":"","overlay-opacity":"","overlay-gradient":""}},"_joinchat":[],"footnotes":""},"categories":[26],"tags":[28,164,165,39,94,111,166,167,58,101,168,169],"class_list":["post-719","post","type-post","status-publish","format-standard","has-post-thumbnail","hentry","category-cultivando","tag-aragon","tag-aragon-vaciado","tag-bailando-entre-las-ruinas","tag-cultura","tag-despoblacion","tag-espana-vaciada","tag-la-ronda-de-boltana","tag-mundo-rural","tag-musica","tag-pirineo","tag-pueblos","tag-sobrarbe"],"_links":{"self":[{"href":"https:\/\/nachoescartin.es\/an\/wp-json\/wp\/v2\/posts\/719","targetHints":{"allow":["GET"]}}],"collection":[{"href":"https:\/\/nachoescartin.es\/an\/wp-json\/wp\/v2\/posts"}],"about":[{"href":"https:\/\/nachoescartin.es\/an\/wp-json\/wp\/v2\/types\/post"}],"author":[{"embeddable":true,"href":"https:\/\/nachoescartin.es\/an\/wp-json\/wp\/v2\/users\/1"}],"replies":[{"embeddable":true,"href":"https:\/\/nachoescartin.es\/an\/wp-json\/wp\/v2\/comments?post=719"}],"version-history":[{"count":0,"href":"https:\/\/nachoescartin.es\/an\/wp-json\/wp\/v2\/posts\/719\/revisions"}],"wp:featuredmedia":[{"embeddable":true,"href":"https:\/\/nachoescartin.es\/an\/wp-json\/wp\/v2\/media\/720"}],"wp:attachment":[{"href":"https:\/\/nachoescartin.es\/an\/wp-json\/wp\/v2\/media?parent=719"}],"wp:term":[{"taxonomy":"category","embeddable":true,"href":"https:\/\/nachoescartin.es\/an\/wp-json\/wp\/v2\/categories?post=719"},{"taxonomy":"post_tag","embeddable":true,"href":"https:\/\/nachoescartin.es\/an\/wp-json\/wp\/v2\/tags?post=719"}],"curies":[{"name":"wp","href":"https:\/\/api.w.org\/{rel}","templated":true}]}}