{"id":714,"date":"2019-08-09T18:50:01","date_gmt":"2019-08-09T18:50:01","guid":{"rendered":"http:\/\/nachoescartin.es\/?p=714"},"modified":"2019-08-09T18:50:01","modified_gmt":"2019-08-09T18:50:01","slug":"historia-de-espana-contada-a-las-ninas-de-maria-bastaros","status":"publish","type":"post","link":"https:\/\/nachoescartin.es\/an\/historia-de-espana-contada-a-las-ninas-de-maria-bastaros\/","title":{"rendered":"\u201cHistoria de Espa\u00f1a contada a las ni\u00f1as\u201d de Mar\u00eda Bastar\u00f3s"},"content":{"rendered":"<p>Mar\u00eda Bastar\u00f3s recibi\u00f3 el premio \u201cOtra Mirada 2018\u201d de la Librer\u00eda C\u00e1lamo. Un reconocimiento de peso, que ya de por si merece que compres y leas este apasionante libro, que me le\u00ed \u201cde una sentada\u201d. Os lo recomiendo con entusiasmo.<\/p>\n<p>Lo que hace Mar\u00eda no es contar la historia de Espa\u00f1a para ni\u00f1as. Al menos no la historia oficial. Lo que hace Mar\u00eda es relatar algunos pedazos de historias cotidianas de personas muy curiosas, experimentales, castigadas por la vida. Casi todas, mujeres.<\/p>\n<p>Esencias de panfleto, blog, libro de relatos, collage punk y novela, esta \u201cHistoria de Espa\u00f1a contada a las ni\u00f1as\u201d es una lectura fresca, sugerente, original. Tiene algo de cr\u00f3nica y tambi\u00e9n de experimento. Conforme avanzas en sus p\u00e1ginas, necesitas seguir leyendo para profundizar en los enigmas, las aventuras, los cruces de caminos entre las diversas personas que aparecen.<\/p>\n<p>En el libro hay recortes de hemeroteca y mensajes en internet, ovnis y drogas, veganismo y secuestros. Hay dureza y tambi\u00e9n ternura. Hay ruralidad y arte urbano. Hay violencia machista y matriarcado. Hay viajes on\u00edricos y paisajes pr\u00f3ximos. Hay profundidad y tambi\u00e9n levedad.<\/p>\n<p>Me ha gustado much\u00edsimo este libro. Y, por tanto, os lo recomiendo.<\/p>","protected":false},"excerpt":{"rendered":"<p>Mar\u00eda Bastar\u00f3s recibi\u00f3 el premio \u201cOtra Mirada 2018\u201d de la Librer\u00eda C\u00e1lamo. Un reconocimiento de peso, que ya de por [&hellip;]<\/p>\n","protected":false},"author":1,"featured_media":716,"comment_status":"open","ping_status":"closed","sticky":false,"template":"","format":"standard","meta":{"site-sidebar-layout":"default","site-content-layout":"","ast-site-content-layout":"default","site-content-style":"default","site-sidebar-style":"default","ast-global-header-display":"","ast-banner-title-visibility":"","ast-main-header-display":"","ast-hfb-above-header-display":"","ast-hfb-below-header-display":"","ast-hfb-mobile-header-display":"","site-post-title":"","ast-breadcrumbs-content":"","ast-featured-img":"","footer-sml-layout":"","ast-disable-related-posts":"","theme-transparent-header-meta":"","adv-header-id-meta":"","stick-header-meta":"","header-above-stick-meta":"","header-main-stick-meta":"","header-below-stick-meta":"","astra-migrate-meta-layouts":"default","ast-page-background-enabled":"default","ast-page-background-meta":{"desktop":{"background-color":"","background-image":"","background-repeat":"repeat","background-position":"center center","background-size":"auto","background-attachment":"scroll","background-type":"","background-media":"","overlay-type":"","overlay-color":"","overlay-opacity":"","overlay-gradient":""},"tablet":{"background-color":"","background-image":"","background-repeat":"repeat","background-position":"center center","background-size":"auto","background-attachment":"scroll","background-type":"","background-media":"","overlay-type":"","overlay-color":"","overlay-opacity":"","overlay-gradient":""},"mobile":{"background-color":"","background-image":"","background-repeat":"repeat","background-position":"center center","background-size":"auto","background-attachment":"scroll","background-type":"","background-media":"","overlay-type":"","overlay-color":"","overlay-opacity":"","overlay-gradient":""}},"ast-content-background-meta":{"desktop":{"background-color":"var(--ast-global-color-5)","background-image":"","background-repeat":"repeat","background-position":"center center","background-size":"auto","background-attachment":"scroll","background-type":"","background-media":"","overlay-type":"","overlay-color":"","overlay-opacity":"","overlay-gradient":""},"tablet":{"background-color":"var(--ast-global-color-5)","background-image":"","background-repeat":"repeat","background-position":"center center","background-size":"auto","background-attachment":"scroll","background-type":"","background-media":"","overlay-type":"","overlay-color":"","overlay-opacity":"","overlay-gradient":""},"mobile":{"background-color":"var(--ast-global-color-5)","background-image":"","background-repeat":"repeat","background-position":"center center","background-size":"auto","background-attachment":"scroll","background-type":"","background-media":"","overlay-type":"","overlay-color":"","overlay-opacity":"","overlay-gradient":""}},"_joinchat":[],"footnotes":""},"categories":[26],"tags":[159,39,129,160,130,133,161,162,163],"class_list":["post-714","post","type-post","status-publish","format-standard","has-post-thumbnail","hentry","category-cultivando","tag-calamo","tag-cultura","tag-espana","tag-feminismo","tag-historia","tag-libro","tag-literatura","tag-maria-bastaros","tag-mujeres"],"_links":{"self":[{"href":"https:\/\/nachoescartin.es\/an\/wp-json\/wp\/v2\/posts\/714","targetHints":{"allow":["GET"]}}],"collection":[{"href":"https:\/\/nachoescartin.es\/an\/wp-json\/wp\/v2\/posts"}],"about":[{"href":"https:\/\/nachoescartin.es\/an\/wp-json\/wp\/v2\/types\/post"}],"author":[{"embeddable":true,"href":"https:\/\/nachoescartin.es\/an\/wp-json\/wp\/v2\/users\/1"}],"replies":[{"embeddable":true,"href":"https:\/\/nachoescartin.es\/an\/wp-json\/wp\/v2\/comments?post=714"}],"version-history":[{"count":0,"href":"https:\/\/nachoescartin.es\/an\/wp-json\/wp\/v2\/posts\/714\/revisions"}],"wp:featuredmedia":[{"embeddable":true,"href":"https:\/\/nachoescartin.es\/an\/wp-json\/wp\/v2\/media\/716"}],"wp:attachment":[{"href":"https:\/\/nachoescartin.es\/an\/wp-json\/wp\/v2\/media?parent=714"}],"wp:term":[{"taxonomy":"category","embeddable":true,"href":"https:\/\/nachoescartin.es\/an\/wp-json\/wp\/v2\/categories?post=714"},{"taxonomy":"post_tag","embeddable":true,"href":"https:\/\/nachoescartin.es\/an\/wp-json\/wp\/v2\/tags?post=714"}],"curies":[{"name":"wp","href":"https:\/\/api.w.org\/{rel}","templated":true}]}}