{"id":710,"date":"2019-08-08T06:45:31","date_gmt":"2019-08-08T06:45:31","guid":{"rendered":"http:\/\/nachoescartin.es\/?p=710"},"modified":"2019-08-08T06:45:31","modified_gmt":"2019-08-08T06:45:31","slug":"breve-historia-de-espana-en-el-siglo-xx-de-casanova-y-gil-andres","status":"publish","type":"post","link":"https:\/\/nachoescartin.es\/an\/breve-historia-de-espana-en-el-siglo-xx-de-casanova-y-gil-andres\/","title":{"rendered":"\u201cBreve historia de Espa\u00f1a en el siglo XX\u201d de Casanova y Gil Andr\u00e9s"},"content":{"rendered":"<p>El catedr\u00e1tico de Historia Contempor\u00e1nea Juli\u00e1n Casanovas y el profesor de ense\u00f1anza secundaria Carlos Gil Andr\u00e9s nos ofrecen un volumen concentrado, de poco m\u00e1s de 200 p\u00e1ginas, con una enorme utilidad y rigor, para comprender los \u00faltimos 100 a\u00f1os de nuestra historia.<\/p>\n<p>\u00bfSab\u00edas que Alianza Popular, lo que hoy es el PP, vot\u00f3 en contra de la Constituci\u00f3n Espa\u00f1ola?<\/p>\n<p>\u00bfSab\u00edas que el mito econ\u00f3mico de la dictadura, lo de que \u201ccon Franco se viv\u00eda mejor\u201d es pura propaganda, solamente propiciada por los capitales extranjeros que llegaron a Espa\u00f1a en las \u00faltimas d\u00e9cadas del franquismo?<\/p>\n<p>\u00bfSab\u00edas que estraperlo es un neologismo que se extendi\u00f3 en 1936 y que combinaba el apellido de dos de los protagonistas (Strauss y Perle) de una de las primeras grandes tramas de corrupci\u00f3n, con sobornos y casinos mediante?<\/p>\n<p>\u00bfSab\u00edas que el caciquismo es una pr\u00e1ctica parasitaria basada en \u201cal amigo el favor, al enemigo la ley\u201d que recorre nuestra historia reciente, y en la Restauraci\u00f3n despert\u00f3 las cr\u00edticas de personas como Joaqu\u00edn Costa?<\/p>\n<p>He se\u00f1alado tan solo 4 ejemplos de las muchos episodios de un libro que sabe condensar un siglo de grandes avances y tambi\u00e9n de enormes tragedias, de conquistas sociales y extensi\u00f3n del terror como pr\u00e1ctica pol\u00edtica. Un siglo fundamental para entender d\u00f3nde estamos hoy y hacia d\u00f3nde podemos caminar. Porque la historia la escribimos hoy, t\u00fa y yo, todos nosotros y nosotras.<\/p>","protected":false},"excerpt":{"rendered":"<p>El catedr\u00e1tico de Historia Contempor\u00e1nea Juli\u00e1n Casanovas y el profesor de ense\u00f1anza secundaria Carlos Gil Andr\u00e9s nos ofrecen un volumen [&hellip;]<\/p>\n","protected":false},"author":1,"featured_media":711,"comment_status":"open","ping_status":"closed","sticky":false,"template":"","format":"standard","meta":{"site-sidebar-layout":"default","site-content-layout":"","ast-site-content-layout":"default","site-content-style":"default","site-sidebar-style":"default","ast-global-header-display":"","ast-banner-title-visibility":"","ast-main-header-display":"","ast-hfb-above-header-display":"","ast-hfb-below-header-display":"","ast-hfb-mobile-header-display":"","site-post-title":"","ast-breadcrumbs-content":"","ast-featured-img":"","footer-sml-layout":"","ast-disable-related-posts":"","theme-transparent-header-meta":"","adv-header-id-meta":"","stick-header-meta":"","header-above-stick-meta":"","header-main-stick-meta":"","header-below-stick-meta":"","astra-migrate-meta-layouts":"default","ast-page-background-enabled":"default","ast-page-background-meta":{"desktop":{"background-color":"","background-image":"","background-repeat":"repeat","background-position":"center center","background-size":"auto","background-attachment":"scroll","background-type":"","background-media":"","overlay-type":"","overlay-color":"","overlay-opacity":"","overlay-gradient":""},"tablet":{"background-color":"","background-image":"","background-repeat":"repeat","background-position":"center center","background-size":"auto","background-attachment":"scroll","background-type":"","background-media":"","overlay-type":"","overlay-color":"","overlay-opacity":"","overlay-gradient":""},"mobile":{"background-color":"","background-image":"","background-repeat":"repeat","background-position":"center center","background-size":"auto","background-attachment":"scroll","background-type":"","background-media":"","overlay-type":"","overlay-color":"","overlay-opacity":"","overlay-gradient":""}},"ast-content-background-meta":{"desktop":{"background-color":"var(--ast-global-color-5)","background-image":"","background-repeat":"repeat","background-position":"center center","background-size":"auto","background-attachment":"scroll","background-type":"","background-media":"","overlay-type":"","overlay-color":"","overlay-opacity":"","overlay-gradient":""},"tablet":{"background-color":"var(--ast-global-color-5)","background-image":"","background-repeat":"repeat","background-position":"center center","background-size":"auto","background-attachment":"scroll","background-type":"","background-media":"","overlay-type":"","overlay-color":"","overlay-opacity":"","overlay-gradient":""},"mobile":{"background-color":"var(--ast-global-color-5)","background-image":"","background-repeat":"repeat","background-position":"center center","background-size":"auto","background-attachment":"scroll","background-type":"","background-media":"","overlay-type":"","overlay-color":"","overlay-opacity":"","overlay-gradient":""}},"_joinchat":[],"footnotes":""},"categories":[26],"tags":[39,129,130,158,40],"class_list":["post-710","post","type-post","status-publish","format-standard","has-post-thumbnail","hentry","category-cultivando","tag-cultura","tag-espana","tag-historia","tag-julian-casanova","tag-libros"],"_links":{"self":[{"href":"https:\/\/nachoescartin.es\/an\/wp-json\/wp\/v2\/posts\/710","targetHints":{"allow":["GET"]}}],"collection":[{"href":"https:\/\/nachoescartin.es\/an\/wp-json\/wp\/v2\/posts"}],"about":[{"href":"https:\/\/nachoescartin.es\/an\/wp-json\/wp\/v2\/types\/post"}],"author":[{"embeddable":true,"href":"https:\/\/nachoescartin.es\/an\/wp-json\/wp\/v2\/users\/1"}],"replies":[{"embeddable":true,"href":"https:\/\/nachoescartin.es\/an\/wp-json\/wp\/v2\/comments?post=710"}],"version-history":[{"count":0,"href":"https:\/\/nachoescartin.es\/an\/wp-json\/wp\/v2\/posts\/710\/revisions"}],"wp:featuredmedia":[{"embeddable":true,"href":"https:\/\/nachoescartin.es\/an\/wp-json\/wp\/v2\/media\/711"}],"wp:attachment":[{"href":"https:\/\/nachoescartin.es\/an\/wp-json\/wp\/v2\/media?parent=710"}],"wp:term":[{"taxonomy":"category","embeddable":true,"href":"https:\/\/nachoescartin.es\/an\/wp-json\/wp\/v2\/categories?post=710"},{"taxonomy":"post_tag","embeddable":true,"href":"https:\/\/nachoescartin.es\/an\/wp-json\/wp\/v2\/tags?post=710"}],"curies":[{"name":"wp","href":"https:\/\/api.w.org\/{rel}","templated":true}]}}