{"id":705,"date":"2019-08-06T08:04:12","date_gmt":"2019-08-06T08:04:12","guid":{"rendered":"http:\/\/nachoescartin.es\/?p=705"},"modified":"2019-08-06T08:04:12","modified_gmt":"2019-08-06T08:04:12","slug":"canciones-ligeras-de-miguel-mena","status":"publish","type":"post","link":"https:\/\/nachoescartin.es\/an\/canciones-ligeras-de-miguel-mena\/","title":{"rendered":"\u00abCanciones ligeras\u00bb de Miguel Mena"},"content":{"rendered":"<p>He disfrutado con esta novela de Miguel Mena. Cuenta la historia de Irene, mujer que vive en los \u00faltimos a\u00f1os de la dictadura de Franco, en los que desarrolla su carrera art\u00edstica. Un periplo que le lleva a cantar por los pueblos y ciudades de Arag\u00f3n, de Espa\u00f1a y de Oriente Pr\u00f3ximo, con las vicisitudes propias de aquella \u00e9poca y el \u00e9xito de una mujer que se abre camino en un mundo en el que el cotarro lo sol\u00edan conducir los hombres.<\/p>\n<p>En este libro encontramos la propia de una joven con sue\u00f1os art\u00edsticos, las miserias e injusticias de un franquismo que aniquila libertades sociales, pol\u00edticas y sexuales. Tambi\u00e9n hay muchas referencias a muchos conjuntos musicales de esos a\u00f1os, que son los que animaban los eventos de las \u00e9lites del mundo pero tambi\u00e9n las fiestas de los pueblos y barrios.<\/p>\n<p>Estos artistas son la inspiraci\u00f3n de la novela. Grupos reales, canciones ligeras que existieron, se cantaron, se bailaron y estoy seguro que a\u00fan hoy se seguir\u00e1n disfrutando en tocadiscos, festejos y recuerdos. El autor no solo refleja con rigor el contexto de estos m\u00fasicos. Refleja con la intensidad que merecen algunos hechos cotidianos que podr\u00eda vivir cualquier persona: la relaci\u00f3n madre e hija, los amor\u00edos, las amistades de toda la vida, las injusticias de todos los d\u00edas, las frustraciones o los retos laborales. Todos abordados con emoci\u00f3n.<\/p>\n<p>Recomiendo esta novela y espero leer m\u00e1s publicaciones de Miguel Mena.<\/p>","protected":false},"excerpt":{"rendered":"<p>He disfrutado con esta novela de Miguel Mena. Cuenta la historia de Irene, mujer que vive en los \u00faltimos a\u00f1os [&hellip;]<\/p>\n","protected":false},"author":1,"featured_media":706,"comment_status":"open","ping_status":"closed","sticky":false,"template":"","format":"standard","meta":{"site-sidebar-layout":"default","site-content-layout":"","ast-site-content-layout":"default","site-content-style":"default","site-sidebar-style":"default","ast-global-header-display":"","ast-banner-title-visibility":"","ast-main-header-display":"","ast-hfb-above-header-display":"","ast-hfb-below-header-display":"","ast-hfb-mobile-header-display":"","site-post-title":"","ast-breadcrumbs-content":"","ast-featured-img":"","footer-sml-layout":"","ast-disable-related-posts":"","theme-transparent-header-meta":"","adv-header-id-meta":"","stick-header-meta":"","header-above-stick-meta":"","header-main-stick-meta":"","header-below-stick-meta":"","astra-migrate-meta-layouts":"default","ast-page-background-enabled":"default","ast-page-background-meta":{"desktop":{"background-color":"","background-image":"","background-repeat":"repeat","background-position":"center center","background-size":"auto","background-attachment":"scroll","background-type":"","background-media":"","overlay-type":"","overlay-color":"","overlay-opacity":"","overlay-gradient":""},"tablet":{"background-color":"","background-image":"","background-repeat":"repeat","background-position":"center center","background-size":"auto","background-attachment":"scroll","background-type":"","background-media":"","overlay-type":"","overlay-color":"","overlay-opacity":"","overlay-gradient":""},"mobile":{"background-color":"","background-image":"","background-repeat":"repeat","background-position":"center center","background-size":"auto","background-attachment":"scroll","background-type":"","background-media":"","overlay-type":"","overlay-color":"","overlay-opacity":"","overlay-gradient":""}},"ast-content-background-meta":{"desktop":{"background-color":"var(--ast-global-color-5)","background-image":"","background-repeat":"repeat","background-position":"center center","background-size":"auto","background-attachment":"scroll","background-type":"","background-media":"","overlay-type":"","overlay-color":"","overlay-opacity":"","overlay-gradient":""},"tablet":{"background-color":"var(--ast-global-color-5)","background-image":"","background-repeat":"repeat","background-position":"center center","background-size":"auto","background-attachment":"scroll","background-type":"","background-media":"","overlay-type":"","overlay-color":"","overlay-opacity":"","overlay-gradient":""},"mobile":{"background-color":"var(--ast-global-color-5)","background-image":"","background-repeat":"repeat","background-position":"center center","background-size":"auto","background-attachment":"scroll","background-type":"","background-media":"","overlay-type":"","overlay-color":"","overlay-opacity":"","overlay-gradient":""}},"_joinchat":[],"footnotes":""},"categories":[26],"tags":[156,39,129,130,40,157,58],"class_list":["post-705","post","type-post","status-publish","format-standard","has-post-thumbnail","hentry","category-cultivando","tag-canciones-ligeras","tag-cultura","tag-espana","tag-historia","tag-libros","tag-miguel-mena","tag-musica"],"_links":{"self":[{"href":"https:\/\/nachoescartin.es\/an\/wp-json\/wp\/v2\/posts\/705","targetHints":{"allow":["GET"]}}],"collection":[{"href":"https:\/\/nachoescartin.es\/an\/wp-json\/wp\/v2\/posts"}],"about":[{"href":"https:\/\/nachoescartin.es\/an\/wp-json\/wp\/v2\/types\/post"}],"author":[{"embeddable":true,"href":"https:\/\/nachoescartin.es\/an\/wp-json\/wp\/v2\/users\/1"}],"replies":[{"embeddable":true,"href":"https:\/\/nachoescartin.es\/an\/wp-json\/wp\/v2\/comments?post=705"}],"version-history":[{"count":0,"href":"https:\/\/nachoescartin.es\/an\/wp-json\/wp\/v2\/posts\/705\/revisions"}],"wp:featuredmedia":[{"embeddable":true,"href":"https:\/\/nachoescartin.es\/an\/wp-json\/wp\/v2\/media\/706"}],"wp:attachment":[{"href":"https:\/\/nachoescartin.es\/an\/wp-json\/wp\/v2\/media?parent=705"}],"wp:term":[{"taxonomy":"category","embeddable":true,"href":"https:\/\/nachoescartin.es\/an\/wp-json\/wp\/v2\/categories?post=705"},{"taxonomy":"post_tag","embeddable":true,"href":"https:\/\/nachoescartin.es\/an\/wp-json\/wp\/v2\/tags?post=705"}],"curies":[{"name":"wp","href":"https:\/\/api.w.org\/{rel}","templated":true}]}}