{"id":701,"date":"2019-07-30T15:50:59","date_gmt":"2019-07-30T15:50:59","guid":{"rendered":"http:\/\/nachoescartin.es\/?p=701"},"modified":"2019-07-30T15:50:59","modified_gmt":"2019-07-30T15:50:59","slug":"historia-minima-de-espana-de-juan-pablo-fusi","status":"publish","type":"post","link":"https:\/\/nachoescartin.es\/an\/historia-minima-de-espana-de-juan-pablo-fusi\/","title":{"rendered":"Historia m\u00ednima de Espa\u00f1a de Juan Pablo Fusi"},"content":{"rendered":"<p>\u201cSolo se puede saber lo que somos si se determina c\u00f3mo hemos llegado a ser lo que somos\u201d. Con esta cita de Max Weber comienza este libro de historia. Un libro cortico, de 300 p\u00e1ginas, que sintetiza \u201clas claves, los hechos, los personajes y los hitos fundamentales para entender la Espa\u00f1a del pasado y del futuro\u201d.<\/p>\n<p>El historiador vasco Juan Pablo Fusi, formado en Oxford con Raymond Carr y catedr\u00e1tico en la Universidad Complutense de Madrid, ofrece 20 mapas originales, una cronolog\u00eda exhaustiva y bibliograf\u00eda recomendada de un per\u00edodo enorme de tiempo, de unos 800.000 a\u00f1os, desde Altamira al siglo XXI, que ordena en 6 cap\u00edtulos: La formaci\u00f3n de Hispania; la Espa\u00f1a medieval; la Espa\u00f1a imperial; El XVIII espa\u00f1ol: el fin del Antiguo R\u00e9gimen; Espa\u00f1a 1808-1939: la debilidad del estado nacional; y De la dictadura a la democracia.<\/p>\n<p>\u201cLa historia espa\u00f1ola no es -quede claro- ni una historia \u00fanica ni una historia excepcional. Como la historia de cualquier otro pa\u00eds, la historia espa\u00f1ola es, sencillamente, una historia muy interesante, cuyo conocimiento \u2013 una obligaci\u00f3n pol\u00edtica y moral para hablar apropiadamente de Espa\u00f1a \u2013 plantea un amplio repertorio de cuestiones esenciales\u201d.<\/p>\n<p>Entre ellas, los dilemas morales y religiosos, la econom\u00eda y las formas de vida, los sistemas pol\u00edticos y sus delicados equilibrios, los afanes personalistas e imperialistas, las desigualdades intr\u00ednsecas a un sistema desigual de distribuci\u00f3n de la riqueza, la evoluci\u00f3n cultural y comunicativa, el complejo encaje territorial, las diversas identidades y los nuevos retos colectivos por delante, entre otros.<\/p>\n<p>Como siempre digo, recomiendo leer distintos libros de historia para ganar puntos de vista y referencias. Este lo recomiendo, aunque lo recomendara tambi\u00e9n Casado a Iglesias. En este sentido, agradezco recomendaciones, prou que s\u00ed.<\/p>","protected":false},"excerpt":{"rendered":"<p>\u201cSolo se puede saber lo que somos si se determina c\u00f3mo hemos llegado a ser lo que somos\u201d. Con esta [&hellip;]<\/p>\n","protected":false},"author":1,"featured_media":704,"comment_status":"open","ping_status":"closed","sticky":false,"template":"","format":"standard","meta":{"site-sidebar-layout":"default","site-content-layout":"","ast-site-content-layout":"default","site-content-style":"default","site-sidebar-style":"default","ast-global-header-display":"","ast-banner-title-visibility":"","ast-main-header-display":"","ast-hfb-above-header-display":"","ast-hfb-below-header-display":"","ast-hfb-mobile-header-display":"","site-post-title":"","ast-breadcrumbs-content":"","ast-featured-img":"","footer-sml-layout":"","ast-disable-related-posts":"","theme-transparent-header-meta":"","adv-header-id-meta":"","stick-header-meta":"","header-above-stick-meta":"","header-main-stick-meta":"","header-below-stick-meta":"","astra-migrate-meta-layouts":"default","ast-page-background-enabled":"default","ast-page-background-meta":{"desktop":{"background-color":"","background-image":"","background-repeat":"repeat","background-position":"center center","background-size":"auto","background-attachment":"scroll","background-type":"","background-media":"","overlay-type":"","overlay-color":"","overlay-opacity":"","overlay-gradient":""},"tablet":{"background-color":"","background-image":"","background-repeat":"repeat","background-position":"center center","background-size":"auto","background-attachment":"scroll","background-type":"","background-media":"","overlay-type":"","overlay-color":"","overlay-opacity":"","overlay-gradient":""},"mobile":{"background-color":"","background-image":"","background-repeat":"repeat","background-position":"center center","background-size":"auto","background-attachment":"scroll","background-type":"","background-media":"","overlay-type":"","overlay-color":"","overlay-opacity":"","overlay-gradient":""}},"ast-content-background-meta":{"desktop":{"background-color":"var(--ast-global-color-5)","background-image":"","background-repeat":"repeat","background-position":"center center","background-size":"auto","background-attachment":"scroll","background-type":"","background-media":"","overlay-type":"","overlay-color":"","overlay-opacity":"","overlay-gradient":""},"tablet":{"background-color":"var(--ast-global-color-5)","background-image":"","background-repeat":"repeat","background-position":"center center","background-size":"auto","background-attachment":"scroll","background-type":"","background-media":"","overlay-type":"","overlay-color":"","overlay-opacity":"","overlay-gradient":""},"mobile":{"background-color":"var(--ast-global-color-5)","background-image":"","background-repeat":"repeat","background-position":"center center","background-size":"auto","background-attachment":"scroll","background-type":"","background-media":"","overlay-type":"","overlay-color":"","overlay-opacity":"","overlay-gradient":""}},"_joinchat":[],"footnotes":""},"categories":[26],"tags":[39,130,40],"class_list":["post-701","post","type-post","status-publish","format-standard","has-post-thumbnail","hentry","category-cultivando","tag-cultura","tag-historia","tag-libros"],"_links":{"self":[{"href":"https:\/\/nachoescartin.es\/an\/wp-json\/wp\/v2\/posts\/701","targetHints":{"allow":["GET"]}}],"collection":[{"href":"https:\/\/nachoescartin.es\/an\/wp-json\/wp\/v2\/posts"}],"about":[{"href":"https:\/\/nachoescartin.es\/an\/wp-json\/wp\/v2\/types\/post"}],"author":[{"embeddable":true,"href":"https:\/\/nachoescartin.es\/an\/wp-json\/wp\/v2\/users\/1"}],"replies":[{"embeddable":true,"href":"https:\/\/nachoescartin.es\/an\/wp-json\/wp\/v2\/comments?post=701"}],"version-history":[{"count":0,"href":"https:\/\/nachoescartin.es\/an\/wp-json\/wp\/v2\/posts\/701\/revisions"}],"wp:featuredmedia":[{"embeddable":true,"href":"https:\/\/nachoescartin.es\/an\/wp-json\/wp\/v2\/media\/704"}],"wp:attachment":[{"href":"https:\/\/nachoescartin.es\/an\/wp-json\/wp\/v2\/media?parent=701"}],"wp:term":[{"taxonomy":"category","embeddable":true,"href":"https:\/\/nachoescartin.es\/an\/wp-json\/wp\/v2\/categories?post=701"},{"taxonomy":"post_tag","embeddable":true,"href":"https:\/\/nachoescartin.es\/an\/wp-json\/wp\/v2\/tags?post=701"}],"curies":[{"name":"wp","href":"https:\/\/api.w.org\/{rel}","templated":true}]}}