{"id":695,"date":"2019-07-07T18:24:28","date_gmt":"2019-07-07T18:24:28","guid":{"rendered":"http:\/\/nachoescartin.es\/?p=695"},"modified":"2019-07-07T18:24:28","modified_gmt":"2019-07-07T18:24:28","slug":"maldito-seas-franco-diccionario-del-franquismo-de-manuel-vazquez-montalban","status":"publish","type":"post","link":"https:\/\/nachoescartin.es\/an\/maldito-seas-franco-diccionario-del-franquismo-de-manuel-vazquez-montalban\/","title":{"rendered":"\u00a1Maldito seas, Franco! \u201cDiccionario del Franquismo\u201d de Manuel V\u00e1zquez Montalb\u00e1n"},"content":{"rendered":"<p>\u201cMaldito seas\u201d. Solo dejamos decir estas palabras a Lola, nuestra hija de 4 a\u00f1os, cuando ve la portada de este libro. El dibujante Miguel Brieva ilustra este \u201cDiccionario del Franquismo\u201d que 40 a\u00f1os despu\u00e9s ha reeditado Anagrama y el Ayuntamiento de Barcelona.<\/p>\n<p>En 1977 Manuel V\u00e1zquez Montalb\u00e1n recopil\u00f3 este glosario de nombres propios e instituciones creadas por Franco, toda una estructura institucional en torno al dictador. Un proyecto pol\u00edtico que, m\u00e1s all\u00e1 de la represi\u00f3n, el asesinato y la censura, buscaba perpetuar una dictadura por mucho tiempo. Y a la muerte del caudillo, dejarlo todo \u201catado y bien atado\u201d tras sus pantanos megal\u00f3manos, bombas nucleares y Valle de los Ca\u00eddos.<\/p>\n<p>El \u201cCaudillo de Espa\u00f1a por la gracia de Dios, General\u00edsimo de los Ej\u00e9rcitos, Centinela de Occidente, Soldado Invicto, la Espada m\u00e1s limpia de Occidente\u201d, como cita Josep Ramoneda en el pr\u00f3logo del libro, consigui\u00f3 imponer en torno a \u00e9l, durante casi 40 a\u00f1os, un entramado pol\u00edtico, sindical, medi\u00e1tico, social e ideol\u00f3gico, en el que el dictador Franco asfixi\u00f3 a la sociedad espa\u00f1ola con su indigencia cultural y su mentalidad totalitaria.<\/p>\n<p>Gracias a este conciso diccionario no olvidaremos el ideario del Franquismo y sus personalidades m\u00e1s destacadas: Mu\u00f1oz Grandes, Carrero Blanco, Nieto Ant\u00fanez, Manuel Fraga, etc.<\/p>\n<p>Miguel Brieva aporta unas ilustraciones geniales, como siempre, que aportan una edici\u00f3n atractiva, mordaz y muy recomendable.<\/p>\n<p>Maldito seas, Franco, y los que a\u00fan hoy, en pleno 2019, alzan tu nombre para hablar de progreso o paz. \u00a1Malditos se\u00e1is!<\/p>","protected":false},"excerpt":{"rendered":"<p>\u201cMaldito seas\u201d. Solo dejamos decir estas palabras a Lola, nuestra hija de 4 a\u00f1os, cuando ve la portada de este [&hellip;]<\/p>\n","protected":false},"author":1,"featured_media":696,"comment_status":"open","ping_status":"closed","sticky":false,"template":"","format":"standard","meta":{"site-sidebar-layout":"default","site-content-layout":"","ast-site-content-layout":"default","site-content-style":"default","site-sidebar-style":"default","ast-global-header-display":"","ast-banner-title-visibility":"","ast-main-header-display":"","ast-hfb-above-header-display":"","ast-hfb-below-header-display":"","ast-hfb-mobile-header-display":"","site-post-title":"","ast-breadcrumbs-content":"","ast-featured-img":"","footer-sml-layout":"","ast-disable-related-posts":"","theme-transparent-header-meta":"","adv-header-id-meta":"","stick-header-meta":"","header-above-stick-meta":"","header-main-stick-meta":"","header-below-stick-meta":"","astra-migrate-meta-layouts":"default","ast-page-background-enabled":"default","ast-page-background-meta":{"desktop":{"background-color":"","background-image":"","background-repeat":"repeat","background-position":"center center","background-size":"auto","background-attachment":"scroll","background-type":"","background-media":"","overlay-type":"","overlay-color":"","overlay-opacity":"","overlay-gradient":""},"tablet":{"background-color":"","background-image":"","background-repeat":"repeat","background-position":"center center","background-size":"auto","background-attachment":"scroll","background-type":"","background-media":"","overlay-type":"","overlay-color":"","overlay-opacity":"","overlay-gradient":""},"mobile":{"background-color":"","background-image":"","background-repeat":"repeat","background-position":"center center","background-size":"auto","background-attachment":"scroll","background-type":"","background-media":"","overlay-type":"","overlay-color":"","overlay-opacity":"","overlay-gradient":""}},"ast-content-background-meta":{"desktop":{"background-color":"var(--ast-global-color-5)","background-image":"","background-repeat":"repeat","background-position":"center center","background-size":"auto","background-attachment":"scroll","background-type":"","background-media":"","overlay-type":"","overlay-color":"","overlay-opacity":"","overlay-gradient":""},"tablet":{"background-color":"var(--ast-global-color-5)","background-image":"","background-repeat":"repeat","background-position":"center center","background-size":"auto","background-attachment":"scroll","background-type":"","background-media":"","overlay-type":"","overlay-color":"","overlay-opacity":"","overlay-gradient":""},"mobile":{"background-color":"var(--ast-global-color-5)","background-image":"","background-repeat":"repeat","background-position":"center center","background-size":"auto","background-attachment":"scroll","background-type":"","background-media":"","overlay-type":"","overlay-color":"","overlay-opacity":"","overlay-gradient":""}},"_joinchat":[],"footnotes":""},"categories":[26],"tags":[39,129,154,155,130,40],"class_list":["post-695","post","type-post","status-publish","format-standard","has-post-thumbnail","hentry","category-cultivando","tag-cultura","tag-espana","tag-franco","tag-franquismo","tag-historia","tag-libros"],"_links":{"self":[{"href":"https:\/\/nachoescartin.es\/an\/wp-json\/wp\/v2\/posts\/695","targetHints":{"allow":["GET"]}}],"collection":[{"href":"https:\/\/nachoescartin.es\/an\/wp-json\/wp\/v2\/posts"}],"about":[{"href":"https:\/\/nachoescartin.es\/an\/wp-json\/wp\/v2\/types\/post"}],"author":[{"embeddable":true,"href":"https:\/\/nachoescartin.es\/an\/wp-json\/wp\/v2\/users\/1"}],"replies":[{"embeddable":true,"href":"https:\/\/nachoescartin.es\/an\/wp-json\/wp\/v2\/comments?post=695"}],"version-history":[{"count":0,"href":"https:\/\/nachoescartin.es\/an\/wp-json\/wp\/v2\/posts\/695\/revisions"}],"wp:featuredmedia":[{"embeddable":true,"href":"https:\/\/nachoescartin.es\/an\/wp-json\/wp\/v2\/media\/696"}],"wp:attachment":[{"href":"https:\/\/nachoescartin.es\/an\/wp-json\/wp\/v2\/media?parent=695"}],"wp:term":[{"taxonomy":"category","embeddable":true,"href":"https:\/\/nachoescartin.es\/an\/wp-json\/wp\/v2\/categories?post=695"},{"taxonomy":"post_tag","embeddable":true,"href":"https:\/\/nachoescartin.es\/an\/wp-json\/wp\/v2\/tags?post=695"}],"curies":[{"name":"wp","href":"https:\/\/api.w.org\/{rel}","templated":true}]}}