{"id":69,"date":"2018-03-08T13:43:45","date_gmt":"2018-03-08T13:43:45","guid":{"rendered":"https:\/\/nachoescartin.wordpress.com\/?p=69"},"modified":"2018-03-08T13:43:45","modified_gmt":"2018-03-08T13:43:45","slug":"gracias-feministas","status":"publish","type":"post","link":"https:\/\/nachoescartin.es\/an\/gracias-feministas\/","title":{"rendered":"\u00a1Gracias, feministas!"},"content":{"rendered":"<p>\u00a1GRACIAS, FEMINISTAS!<\/p>\n<p>No sent\u00eda una energ\u00eda como la de este 8M desde aquel 15M. Entonces fue el despertar del pueblo en las plazas. Hoy ha sido la culminaci\u00f3n de muchas personas unidas en la igualdad, la libertad y la justicia social. Gracias, mujeres j\u00f3venes y mayores, gracias personas feministas, por este soplo de esperanza, que anuncia una primavera todav\u00eda mas feliz. Gracias por poner en el centro del debate pol\u00edtico cuestiones tan esenciales como los cuidados, la precariedad, las violencias machistas o las libertades sexuales. Y gracias por las movilizaciones de hoy, desde Benasque a Albarrac\u00edn, de Ejea a Fraga, manifestaciones feministas multitudinarias por todo Arag\u00f3n.<\/p>\n<p>Disfrutar de una huelga con 3 generaciones de mujeres de mi familia, reflexionar con pareja y amigas sobre los cuidados y las tareas cotidianas, suspender sin discusi\u00f3nn el entrenamiento de baloncesto para ir todos los chicos a la mani, llorar de emoci\u00f3n viendo el telediario&#8230; la respuesta atropellada de algunos voceros del poder&#8230; ver en la manifestaci\u00f3n de Zaragoza a pol\u00edticos del PP, de Ciudadanos o del PAR&#8230;. en una marcha de cientos de miles de personas, con marcado car\u00e1cter anticapitalista y repleta de mensajes contra un sistema atravesado por un insoportable machismo y patriarcado&#8230; evidencia que hoy el feminismo ha revolucionado nuestra realidad. \u00a1Entalto, feministas!<\/p>","protected":false},"excerpt":{"rendered":"<p>\u00a1GRACIAS, FEMINISTAS! No sent\u00eda una energ\u00eda como la de este 8M desde aquel 15M. Entonces fue el despertar del pueblo [&hellip;]<\/p>\n","protected":false},"author":1,"featured_media":70,"comment_status":"open","ping_status":"closed","sticky":false,"template":"","format":"standard","meta":{"site-sidebar-layout":"default","site-content-layout":"","ast-site-content-layout":"default","site-content-style":"default","site-sidebar-style":"default","ast-global-header-display":"","ast-banner-title-visibility":"","ast-main-header-display":"","ast-hfb-above-header-display":"","ast-hfb-below-header-display":"","ast-hfb-mobile-header-display":"","site-post-title":"","ast-breadcrumbs-content":"","ast-featured-img":"","footer-sml-layout":"","ast-disable-related-posts":"","theme-transparent-header-meta":"","adv-header-id-meta":"","stick-header-meta":"","header-above-stick-meta":"","header-main-stick-meta":"","header-below-stick-meta":"","astra-migrate-meta-layouts":"default","ast-page-background-enabled":"default","ast-page-background-meta":{"desktop":{"background-color":"","background-image":"","background-repeat":"repeat","background-position":"center center","background-size":"auto","background-attachment":"scroll","background-type":"","background-media":"","overlay-type":"","overlay-color":"","overlay-opacity":"","overlay-gradient":""},"tablet":{"background-color":"","background-image":"","background-repeat":"repeat","background-position":"center center","background-size":"auto","background-attachment":"scroll","background-type":"","background-media":"","overlay-type":"","overlay-color":"","overlay-opacity":"","overlay-gradient":""},"mobile":{"background-color":"","background-image":"","background-repeat":"repeat","background-position":"center center","background-size":"auto","background-attachment":"scroll","background-type":"","background-media":"","overlay-type":"","overlay-color":"","overlay-opacity":"","overlay-gradient":""}},"ast-content-background-meta":{"desktop":{"background-color":"var(--ast-global-color-5)","background-image":"","background-repeat":"repeat","background-position":"center center","background-size":"auto","background-attachment":"scroll","background-type":"","background-media":"","overlay-type":"","overlay-color":"","overlay-opacity":"","overlay-gradient":""},"tablet":{"background-color":"var(--ast-global-color-5)","background-image":"","background-repeat":"repeat","background-position":"center center","background-size":"auto","background-attachment":"scroll","background-type":"","background-media":"","overlay-type":"","overlay-color":"","overlay-opacity":"","overlay-gradient":""},"mobile":{"background-color":"var(--ast-global-color-5)","background-image":"","background-repeat":"repeat","background-position":"center center","background-size":"auto","background-attachment":"scroll","background-type":"","background-media":"","overlay-type":"","overlay-color":"","overlay-opacity":"","overlay-gradient":""}},"_joinchat":[],"footnotes":""},"categories":[25,23],"tags":[],"class_list":["post-69","post","type-post","status-publish","format-standard","has-post-thumbnail","hentry","category-enredando","category-sembrando"],"_links":{"self":[{"href":"https:\/\/nachoescartin.es\/an\/wp-json\/wp\/v2\/posts\/69","targetHints":{"allow":["GET"]}}],"collection":[{"href":"https:\/\/nachoescartin.es\/an\/wp-json\/wp\/v2\/posts"}],"about":[{"href":"https:\/\/nachoescartin.es\/an\/wp-json\/wp\/v2\/types\/post"}],"author":[{"embeddable":true,"href":"https:\/\/nachoescartin.es\/an\/wp-json\/wp\/v2\/users\/1"}],"replies":[{"embeddable":true,"href":"https:\/\/nachoescartin.es\/an\/wp-json\/wp\/v2\/comments?post=69"}],"version-history":[{"count":0,"href":"https:\/\/nachoescartin.es\/an\/wp-json\/wp\/v2\/posts\/69\/revisions"}],"wp:featuredmedia":[{"embeddable":true,"href":"https:\/\/nachoescartin.es\/an\/wp-json\/wp\/v2\/media\/70"}],"wp:attachment":[{"href":"https:\/\/nachoescartin.es\/an\/wp-json\/wp\/v2\/media?parent=69"}],"wp:term":[{"taxonomy":"category","embeddable":true,"href":"https:\/\/nachoescartin.es\/an\/wp-json\/wp\/v2\/categories?post=69"},{"taxonomy":"post_tag","embeddable":true,"href":"https:\/\/nachoescartin.es\/an\/wp-json\/wp\/v2\/tags?post=69"}],"curies":[{"name":"wp","href":"https:\/\/api.w.org\/{rel}","templated":true}]}}