{"id":687,"date":"2019-05-27T11:30:33","date_gmt":"2019-05-27T11:30:33","guid":{"rendered":"http:\/\/nachoescartin.es\/?p=687"},"modified":"2019-05-27T11:30:33","modified_gmt":"2019-05-27T11:30:33","slug":"tras-el-tortazo-electoral-toca-corregir-evolucionar-y-seguir-luchando","status":"publish","type":"post","link":"https:\/\/nachoescartin.es\/an\/tras-el-tortazo-electoral-toca-corregir-evolucionar-y-seguir-luchando\/","title":{"rendered":"Tras el tortazo electoral, toca corregir, evolucionar y seguir luchando"},"content":{"rendered":"<div>1) <strong>Gracias<\/strong> a todas las personas que han formado parte de candidaturas de PODEMOS-EQUO en Arag\u00f3n, a las que han trabajado en estos 5 a\u00f1os de andadura, a las que apoyan y acompa\u00f1an, a las que organizan y comunican, a las que cuidan y suman, a las que tejen redes, a las que dan la cara, a las del trabajo invisible, a las que financian nuestras campa\u00f1as con microcr\u00e9ditos (y nos permiten seguir sin deudas con bancos o poderes varios), a las que luchan y tienden puentes, a las que m\u00e1s all\u00e1 de los obst\u00e1culos, nunca reblan y siguen adelante. Para m\u00ed lo m\u00e1s relevante hoy es cuidarnos, cuidar lo m\u00e1s precioso que tenemos: nosotros mismos.<\/div>\n<div><\/div>\n<div><\/div>\n<div>2) Gracias a los<strong> 53.500 aragoneses que nos han votado<\/strong>, a quienes decimos con claridad que vamos a defender nuestras propuestas y programa. Vamos a seguir defendiendo los derechos adquiridos y los que nos quedan por conquistar, la educaci\u00f3n y la sanidad p\u00fablica, la justicia social, las inversiones y oportunidades que Arag\u00f3n merece. Vamos a seguir trabajando por Arag\u00f3n.<\/div>\n<div><\/div>\n<div><\/div>\n<div>3) Los resultados en Arag\u00f3n han sido malos. Ha sido un <strong>tortazo electoral.<\/strong> \u00daltimamente presum\u00eda de acertar bastante en las porras y este resultado me ha pillado a contrapi\u00e9. Conscientes de que PODEMOS y los espacios del cambio \u00edbamos a perder apoyos, cre\u00eda que \u00edbamos a sacar un resultado bueno, que permitiera mayor\u00edas progresistas, de justicia y futuro para Arag\u00f3n. No ha sido as\u00ed. Ni en las Cortes de Arag\u00f3n, ni en los Ayuntamientos.<\/div>\n<div><\/div>\n<div><\/div>\n<div>4) <strong>La tendencia estatal es muy mala<\/strong>. No nos libramos. Aunque en Arag\u00f3n no nos damos un batacazo tan grande como en otras Comunidades Aut\u00f3nomas el panorama es desolador. Y el \u201cmal de mucho, consuelo de tontos\u201d no nos vale. Las derechas suman en muchas partes y la posibilidad de pactos globales desde Madrid entre PSOE y Ciudadanos son hoy una realidad muy posible. El efecto Sanchez trae un:\u00a0<strong>Con Rivera, de entrada no, pero s\u00ed<\/strong>.<\/div>\n<div><\/div>\n<div><\/div>\n<div>5) Durante la <strong>campa\u00f1a<\/strong> nos hemos esforzado para enraizar nuestras propuestas, recorriendo Arag\u00f3n y compartiendo medidas concretas, soluciones a nuestros problemas, dentro de un programa en positivo, hacia el Arag\u00f3n feminista, ecologista, con servicios p\u00fablicos de calidad, empleos y viviendas dignas, justicia social\u2026 que necesitamos y por el que hoy seguimos luchando. Que nadie dude que no vamos a reblar y vamos a seguir peleando, pensando y so\u00f1ando un Arag\u00f3n mejor.<\/div>\n<div><\/div>\n<div><\/div>\n<div>6) Toca analizar el resultado m\u00e1s all\u00e1 de la tristeza y la rabia. Hacer <strong>autocr\u00edtica y balance<\/strong> de estos a\u00f1os. Pensar en todo lo que hemos recorrido, en qu\u00e9 nos hemos equivocado y qu\u00e9 necesitamos para ser mejores, m\u00e1s eficaces y que la transformaci\u00f3n social que necesitamos llegue con fuerza cuanto antes. Lo que tengo claro es que la apuesta institucional en la que nos estamos dejando la piel hace 5 a\u00f1os merece la pena.<\/div>\n<div><\/div>\n<div><\/div>\n<div>7) Sab\u00edamos que los resultados en Arag\u00f3n iban a ser muy ajustados y as\u00ed ha sido. <strong>Por un pu\u00f1ado de votos<\/strong> no hay mayor\u00eda \u201cprogresista\u201d en Arag\u00f3n ni en el Ayuntamiento de Zaragoza. 100.000 aragoneses que votaron el 28 de abril se han quedado en casa el 26 de mayo. Y hay que saber por qu\u00e9, qu\u00e9 ha pasado para que no hayamos ganado a las derechas en Arag\u00f3n. Hay muchas variables que analizar: desde la met\u00e1fora del \u201cRey desnudo\u201d, a las luchas internas, el ninguneo y desprecio de Madrid con los territorios, las ocurrencias como lo de Amancio Ortega, el \u201cfuego amigo\u201d constante, las dos candidaturas en Zaragoza y, por supuesto, todas las decisiones que en Arag\u00f3n hemos errado y debemos corregir y enmendar.<\/div>\n<div><\/div>\n<div><\/div>\n<div>8) Sabemos que <strong>nos va mejor cuando cooperamos<\/strong> y comunicamos en positivo, pero no siempre la suma multiplica ni tampoco la diferencia ampl\u00eda el espacio. Ni una ni otra afirmaci\u00f3n son ciencia, depende mucho de los momentos y lugares, como podemos constatar en los diversos ayuntamientos y Comunidades Aut\u00f3nomas donde Podemos con IU y sin IU, con Equo y sin Equo, solos o todos juntos, en todos los casos, perdemos apoyos. Con la excepci\u00f3n del Ayuntamiento de C\u00e1diz y de M\u00e1s Madrid. Pensemos por qu\u00e9, siendo candidaturas tan distintas.<\/div>\n<div><\/div>\n<div><\/div>\n<div>9) Desde esta ma\u00f1ana he empezado a <strong>coser afectos<\/strong> con compa\u00f1eras del cambio de ZeC, IU, CHA\u2026 con quienes debemos entendernos, escucharnos y charrarnos. Sabemos que nos va mejor cuando cooperamos que cuando competimos o nos enzarzamos en el Juego de Tronos.<\/div>\n<div><\/div>\n<div><\/div>\n<div>Hace 5 a\u00f1os muchas personas nos implicamos por primera vez en la <strong>apuesta institucional<\/strong>. Y con somardoner\u00eda muchas veces digo que no sab\u00edamos ni d\u00f3nde estaba la Aljafer\u00eda ni qu\u00e9 se hac\u00eda en un Ayuntamiento. Y ahora s\u00ed lo sabemos. Sabemos gestionar y qu\u00e9 herramientas tenemos a nuestro alcance. Sabemos c\u00f3mo se lucha en las calles y qu\u00e9 podemos hacer en las instituciones. Y lo que hoy sabemos y hace 5 a\u00f1os no sab\u00edamos, es que podemos ganar, que ya lo hemos hecho y lo volveremos a hacer. Toca reinventarnos, levantar la cabeza, mirar adelante y construir. <strong>Aqu\u00ed no reblamos y no nos rendimos<\/strong>. Nadie dijo que fuera f\u00e1cil y seguimos en las luchas.<\/div>\n<div><\/div>\n<p>&nbsp;<\/p>\n<div>10) Por mi parte, en lo m\u00e1s personal, soy uno de los 5 diputados de PODEMOS-EQUO en las Cortes de Arag\u00f3n y sigo al frente de la Secretar\u00eda General de Podemos Arag\u00f3n, responsabilidad que por supuesto est\u00e1 a disposici\u00f3n de la Asamblea Ciudadana. Creo que ahora es mi deber participar en el an\u00e1lisis profundo en PODEMOS y en Podemos Arag\u00f3n, hacer autocr\u00edtica y dejar atr\u00e1s la ceguera pol\u00edtica. Hay que <strong>afrontar la realidad y atreverse a evolucionar<\/strong>. En Arag\u00f3n ya mismo comenzamos a analizar y discurrir en el Consejo Ciudadano c\u00f3mo afrontamos esta nueva fase. Mi responsabilidad queda a la decisi\u00f3n de la Asamblea Ciudadana, para definir d\u00f3nde puedo ser m\u00e1s \u00fatil. Tengo claro que estoy de paso en la pol\u00edtica profesional, para un rato, y mientras est\u00e9 me voy a dejar la piel en el trabajo pol\u00edtico. Ni voy a abandonar el barco cuando m\u00e1s agua pierde ni me voy a aferrar al tim\u00f3n pa cutio. Estoy y estar\u00e9 donde entendamos que soy m\u00e1s \u00fatil y me siento m\u00e1s a gusto. Hoy y de momento, analizando y haciendo autocr\u00edtica.<\/div>","protected":false},"excerpt":{"rendered":"<p>1) Gracias a todas las personas que han formado parte de candidaturas de PODEMOS-EQUO en Arag\u00f3n, a las que han [&hellip;]<\/p>\n","protected":false},"author":1,"featured_media":688,"comment_status":"open","ping_status":"closed","sticky":false,"template":"","format":"standard","meta":{"site-sidebar-layout":"default","site-content-layout":"","ast-site-content-layout":"default","site-content-style":"default","site-sidebar-style":"default","ast-global-header-display":"","ast-banner-title-visibility":"","ast-main-header-display":"","ast-hfb-above-header-display":"","ast-hfb-below-header-display":"","ast-hfb-mobile-header-display":"","site-post-title":"","ast-breadcrumbs-content":"","ast-featured-img":"","footer-sml-layout":"","ast-disable-related-posts":"","theme-transparent-header-meta":"","adv-header-id-meta":"","stick-header-meta":"","header-above-stick-meta":"","header-main-stick-meta":"","header-below-stick-meta":"","astra-migrate-meta-layouts":"default","ast-page-background-enabled":"default","ast-page-background-meta":{"desktop":{"background-color":"","background-image":"","background-repeat":"repeat","background-position":"center center","background-size":"auto","background-attachment":"scroll","background-type":"","background-media":"","overlay-type":"","overlay-color":"","overlay-opacity":"","overlay-gradient":""},"tablet":{"background-color":"","background-image":"","background-repeat":"repeat","background-position":"center center","background-size":"auto","background-attachment":"scroll","background-type":"","background-media":"","overlay-type":"","overlay-color":"","overlay-opacity":"","overlay-gradient":""},"mobile":{"background-color":"","background-image":"","background-repeat":"repeat","background-position":"center center","background-size":"auto","background-attachment":"scroll","background-type":"","background-media":"","overlay-type":"","overlay-color":"","overlay-opacity":"","overlay-gradient":""}},"ast-content-background-meta":{"desktop":{"background-color":"var(--ast-global-color-5)","background-image":"","background-repeat":"repeat","background-position":"center center","background-size":"auto","background-attachment":"scroll","background-type":"","background-media":"","overlay-type":"","overlay-color":"","overlay-opacity":"","overlay-gradient":""},"tablet":{"background-color":"var(--ast-global-color-5)","background-image":"","background-repeat":"repeat","background-position":"center center","background-size":"auto","background-attachment":"scroll","background-type":"","background-media":"","overlay-type":"","overlay-color":"","overlay-opacity":"","overlay-gradient":""},"mobile":{"background-color":"var(--ast-global-color-5)","background-image":"","background-repeat":"repeat","background-position":"center center","background-size":"auto","background-attachment":"scroll","background-type":"","background-media":"","overlay-type":"","overlay-color":"","overlay-opacity":"","overlay-gradient":""}},"_joinchat":[],"footnotes":""},"categories":[23],"tags":[28,75,120,49,69,152,55],"class_list":["post-687","post","type-post","status-publish","format-standard","has-post-thumbnail","hentry","category-sembrando","tag-aragon","tag-elecciones","tag-elecciones-2019","tag-podemos","tag-podemos-aragon","tag-resultado","tag-unidas-podemos"],"_links":{"self":[{"href":"https:\/\/nachoescartin.es\/an\/wp-json\/wp\/v2\/posts\/687","targetHints":{"allow":["GET"]}}],"collection":[{"href":"https:\/\/nachoescartin.es\/an\/wp-json\/wp\/v2\/posts"}],"about":[{"href":"https:\/\/nachoescartin.es\/an\/wp-json\/wp\/v2\/types\/post"}],"author":[{"embeddable":true,"href":"https:\/\/nachoescartin.es\/an\/wp-json\/wp\/v2\/users\/1"}],"replies":[{"embeddable":true,"href":"https:\/\/nachoescartin.es\/an\/wp-json\/wp\/v2\/comments?post=687"}],"version-history":[{"count":0,"href":"https:\/\/nachoescartin.es\/an\/wp-json\/wp\/v2\/posts\/687\/revisions"}],"wp:featuredmedia":[{"embeddable":true,"href":"https:\/\/nachoescartin.es\/an\/wp-json\/wp\/v2\/media\/688"}],"wp:attachment":[{"href":"https:\/\/nachoescartin.es\/an\/wp-json\/wp\/v2\/media?parent=687"}],"wp:term":[{"taxonomy":"category","embeddable":true,"href":"https:\/\/nachoescartin.es\/an\/wp-json\/wp\/v2\/categories?post=687"},{"taxonomy":"post_tag","embeddable":true,"href":"https:\/\/nachoescartin.es\/an\/wp-json\/wp\/v2\/tags?post=687"}],"curies":[{"name":"wp","href":"https:\/\/api.w.org\/{rel}","templated":true}]}}