{"id":669,"date":"2019-04-30T09:01:22","date_gmt":"2019-04-30T09:01:22","guid":{"rendered":"http:\/\/nachoescartin.es\/?p=669"},"modified":"2019-04-30T09:01:22","modified_gmt":"2019-04-30T09:01:22","slug":"el-trio-de-colon-pierde-la-vuelta-la-jugamos-en-casa-en-aragon-contigo","status":"publish","type":"post","link":"https:\/\/nachoescartin.es\/an\/el-trio-de-colon-pierde-la-vuelta-la-jugamos-en-casa-en-aragon-contigo\/","title":{"rendered":"El tr\u00edo de Col\u00f3n pierde. La vuelta, la jugamos en casa. En Arag\u00f3n, contigo"},"content":{"rendered":"<p style=\"text-align: justify;\">1. La jornada electoral ha sido un <strong>\u00e9xito de participaci\u00f3n<\/strong> y de celebraci\u00f3n derecho al voto, que con tanto esfuerzo se logr\u00f3. Nuestra sociedad ha mostrado una vez m\u00e1s en las urnas su pluralidad en democracia.<\/p>\n<p style=\"text-align: justify;\">\n<p style=\"text-align: justify;\">2. El resultado ha dado mayor\u00eda a esa <strong>Espa\u00f1a progresista y diversa<\/strong>, de pueblos hermanos, frente a esa Espa\u00f1a gritona y faltona, en blanco y negro, machista, racista y clasista. Millones de personas hemos votado para frenar una ola reaccionaria que asola Europa y otros lugares del mundo. El Tr\u00edo de Col\u00f3n ha agitado a mucha gente para votar desde las entra\u00f1as, con el conflicto catal\u00e1n y la unidad de Espa\u00f1a como principales preocupaciones. Ha aumentado la participaci\u00f3n en 2 millones personas que han votado y eso ha decantado la mayor\u00eda hacia aquellos que ponemos por delante la justicia social, los derechos, servicios p\u00fablicos, la igualdad y la fraternidad de los pueblos.<\/p>\n<p style=\"text-align: justify;\">\n<p style=\"text-align: justify;\">3.\u00a0<strong>El tr\u00edo de Col\u00f3n pierde<\/strong>. Ciudadanos y Vox han recogido los votos que pierde el PP, que queda muy mal parado. Se dec\u00eda que con menos de 70 diputados, el partido m\u00e1s corrupto de Europa tendr\u00eda que desmantelar hasta su sede en G\u00e9nova. Y han sacado 66. Veremos. Ciudadanos ha mejorado resultados, hasta 57 y Vox entra con fuerza en el Congreso, con 24, pero les posiciona en una situaci\u00f3n irrelevante y sin capacidad para determinar el gobierno. Seguramente escucharemos en el Congreso discursos machistas, antifeministas, de mano dura contra las autonom\u00edas, de represi\u00f3n, muros y ataques a los derechos humanos m\u00e1s b\u00e1sicos. Como hac\u00eda Blas Pi\u00f1ar hace 40 a\u00f1os. Pero no van a pasar de ah\u00ed y sus votos no han servido para nada de lo que pretend\u00edan, lo que muchas personas hemos celebrado con cierto alivio.<\/p>\n<p style=\"text-align: justify;\">\n<p style=\"text-align: justify;\">4.\u00a0<strong>Sigue la pugna para liderar la derecha espa\u00f1ola<\/strong>. Capitaneados por Aznar y asesorados por Steve Bannon (el ide\u00f3logo de Trump), veremos si siguen con su estilo burdo, agresivo y mentiroso, vendiendo un patriotismo de pulserita, pero sumiso a los dictados del libre mercado, servil a los intereses geoestrat\u00e9gicos de USA y sustentados por los poderes f\u00e1cticos de las \u00e9lites multinacionales.<\/p>\n<p style=\"text-align: justify;\">\n<p style=\"text-align: justify;\">5. La campa\u00f1a electoral ha pivotado sobre los ejes cl\u00e1sicos \u201cizquierda y derecha\u201d, que se han movilizado y han mostrado la <strong>mayor\u00eda progresista en Espa\u00f1a<\/strong>. El PSOE ha ganado con 123 diputados, interpelando a ese \u201ccentro progresista\u201d tan manido desde la Transici\u00f3n, agitando el miedo a ese \u201ctrifachito\u201d. Se ha beneficiado, una vez m\u00e1s del \u201cvoto \u00fatil\u201d. Pedro S\u00e1nchez ha sabido hacer campa\u00f1a desde la Moncloa, ha acertado adelantando las elecciones y ha jugado bien entre el discurso izquierdoso y la ocupaci\u00f3n de esa \u201ccentralidad\u201d del tablero que tanto les gusta a los barones del PSOE y que es \u201cla nada\u201d.<\/p>\n<p style=\"text-align: justify;\">\n<p style=\"text-align: justify;\">6.\u00a0<strong>Unidas Podemos<\/strong> ha tenido un mal resultado, 42 diputados, pero hay cierta sensaci\u00f3n de \u201cremontada\u201d durante la campa\u00f1a. El esc\u00e1ndalo de las cloacas del estado contra Podemos, los debates televisivos con un Pablo Iglesias sereno y propositivo, y la disposici\u00f3n a acuerdos, ha dado aire a una candidatura que part\u00eda mal, demasiado pensada hacia adentro. La anodina campa\u00f1a con una Semana Santa de por medio, el poco arraigo en la Espa\u00f1a Vaciada y los fallos propios que analizaremos en el seno de nuestra organizaci\u00f3n, han limitado las posibilidades de un resultado mejor. Hemos perdido representaci\u00f3n en el Senado, en Cantabria, en La Rioja, en Castilla y Le\u00f3n, en Castilla La Mancha y en Extremadura, mientras que en Canarias y Baleares somos segunda fuerza, y en la Comunidad Valenciana se reeditar\u00e1 el Pacto del Bot\u00e1nico de PSOE, Comprom\u00eds y Podemos, una buena noticia.<\/p>\n<p style=\"text-align: justify;\">\n<p style=\"text-align: justify;\">7. Menci\u00f3n aparte para <strong>Catalu\u00f1a y Pa\u00eds Vasco<\/strong>, donde la movilizaci\u00f3n del voto ha sido tremenda. En ambos lugares, UP aguanta mejor que en otros sitios. En Euskadi, PP, Ciudadanos y Vox han sumado&#8230; \u00a1cero diputados! Y en Catalunya, los distintos partidos independentistas han mejorado resultados. Con el juicio del Proc\u00e9s y el conflicto enquistado, con la convicci\u00f3n de que \u201ccuanto peor no es mejor\u201d, toca hacer pol\u00edtica, bajar el nivel de crispaci\u00f3n y empezar a hablar para desanudar la cuesti\u00f3n nacional y territorial.<\/p>\n<p style=\"text-align: justify;\">\n<p style=\"text-align: justify;\">8. En <strong>Arag\u00f3n<\/strong> el resultado da la victoria al PSOE, que sabemos que es un voto prestado de mucha gente que votar\u00e1 a Podemos-Equo en las auton\u00f3micas. Unidas Podemos ha perdido el diputado por Huesca y ha revalidado el de Zaragoza. Ciudadanos ha superado al PP (como en alguna otra Comunidad Aut\u00f3noma) y se presenta ya como la referencia de la derecha en Arag\u00f3n, lo que obliga al PSOE de Lamb\u00e1n a definir si quiere seguir allanando el camino para futuros pactos con la derecha o reconoce de una vez que con quien puede sumar es con Podemos-Equo. Menci\u00f3n aparte para el diputado que ha sacado Vox, que nunca ha vivido en Arag\u00f3n ni nos va a representar, sino que es uno m\u00e1s regalado a Madrid.<\/p>\n<p style=\"text-align: justify;\">\n<p style=\"text-align: justify;\">9.\u00a0\u201c<strong>\u00a1Con Rivera, no! \u00a1Con Rivera, no!<\/strong>\u201d. La misma noche del domingo, las bases del PSOE gritaban claro en Ferraz. La respuesta de S\u00e1nchez (Lo he escuchado\u201d y \u201cNo pondr\u00e9 cordones sanitarios\u201d) deja claro que el PSOE quiere ganar tiempo, al menos hasta las elecciones auton\u00f3micas, para definir sus pactos. Como tantas veces en la historia reciente, el PSOE deber\u00e1 demostrar si cumple o traiciona, si de verdad quiere defender el estado del bienestar y tender la mano a Unidas Podemos o, tal y como desean las \u00e9lites espa\u00f1olas, se echa a los brazos de Rivera y Ciudadanos, que repite hasta el aburrimiento que no pactar\u00e1 con S\u00e1nchez. El PSOE quiere gobernar en minor\u00eda y en solitario, pero est\u00e1 obligado a pactar porque est\u00e1 a m\u00e1s de 50 esca\u00f1os de la mayor\u00eda absoluta. El PSOE no puede pretender gobernar como durante el bipartidismo muerto y deber\u00e1 buscar acuerdos para forjar mayor\u00edas. \u00bfCon qui\u00e9nes? S\u00e1nchez sabe que su triunfo es el de la movilizaci\u00f3n de la izquierda, que la ha prestado su voto.<\/p>\n<p style=\"text-align: justify;\">\n<p style=\"text-align: justify;\">10.\u00a0<strong>La vuelta se juega en casa<\/strong>. Estas elecciones han evidenciado una mayor\u00eda progresista en Espa\u00f1a. Y ahora nos toca, en menos de un mes, rematar en las auton\u00f3micas y municipales. Es la hora de demostrar que en Arag\u00f3n somos mayor\u00eda las personas que votaremos para seguir mejorando los servicios p\u00fablicos y trabajando por la igualdad, la justicia social y la fraternidad. Sabemos que Lamb\u00e1n no es S\u00e1nchez, que la campa\u00f1a auton\u00f3mica no es igual que la de las generales. Toca charrar de Arag\u00f3n y de los problemas de nuestras gentes, de nuestro territorio, del d\u00eda a d\u00eda de nuestros pueblos y ciudades. Y aqu\u00ed estamos esperanzados e ilusionados, porque tenemos much\u00edsimas propuestas para mejorar nuestras vidas, para seguir empujando para mejorar los servicios p\u00fablicos, repartir la riqueza y alcanzar la igualdad a todos los niveles. El 26 de mayo definiremos si queremos un gobierno de derechas en Arag\u00f3n, con P\u00e9rez Calvo de presidente o vicepresidente, o un gobierno progresista. Para ello, hay que votar a Podemos-Equo, que es la \u00fanica posibilidad para evitar un gobierno con VOX o un liderazgo en nuestros Ayuntamientos y Gobierno de Arag\u00f3n de los de Rivera. En Arag\u00f3n sabemos que tambi\u00e9n somos mayor\u00eda. Y hoy mismo seguimos trabajando con rasmia y alegr\u00eda para demostrarlo en los Ayuntamientos, en los Gobiernos auton\u00f3micos y en el Parlamento europeo. En Arag\u00f3n salimos a ganar, para afrontar los retos feministas, el cambio clim\u00e1tico, las desigualdades, el Arag\u00f3n vaciado, los derechos, oportunidades, el Arag\u00f3n del futuro. Vamos a demostrar con nuestros votos la mayor\u00eda progresista aragonesa, de justicia y futuro, que merecemos. Contigo.<\/p>","protected":false},"excerpt":{"rendered":"<p>1. La jornada electoral ha sido un \u00e9xito de participaci\u00f3n y de celebraci\u00f3n derecho al voto, que con tanto esfuerzo [&hellip;]<\/p>\n","protected":false},"author":1,"featured_media":671,"comment_status":"open","ping_status":"closed","sticky":false,"template":"","format":"standard","meta":{"site-sidebar-layout":"default","site-content-layout":"","ast-site-content-layout":"default","site-content-style":"default","site-sidebar-style":"default","ast-global-header-display":"","ast-banner-title-visibility":"","ast-main-header-display":"","ast-hfb-above-header-display":"","ast-hfb-below-header-display":"","ast-hfb-mobile-header-display":"","site-post-title":"","ast-breadcrumbs-content":"","ast-featured-img":"","footer-sml-layout":"","ast-disable-related-posts":"","theme-transparent-header-meta":"","adv-header-id-meta":"","stick-header-meta":"","header-above-stick-meta":"","header-main-stick-meta":"","header-below-stick-meta":"","astra-migrate-meta-layouts":"default","ast-page-background-enabled":"default","ast-page-background-meta":{"desktop":{"background-color":"","background-image":"","background-repeat":"repeat","background-position":"center center","background-size":"auto","background-attachment":"scroll","background-type":"","background-media":"","overlay-type":"","overlay-color":"","overlay-opacity":"","overlay-gradient":""},"tablet":{"background-color":"","background-image":"","background-repeat":"repeat","background-position":"center center","background-size":"auto","background-attachment":"scroll","background-type":"","background-media":"","overlay-type":"","overlay-color":"","overlay-opacity":"","overlay-gradient":""},"mobile":{"background-color":"","background-image":"","background-repeat":"repeat","background-position":"center center","background-size":"auto","background-attachment":"scroll","background-type":"","background-media":"","overlay-type":"","overlay-color":"","overlay-opacity":"","overlay-gradient":""}},"ast-content-background-meta":{"desktop":{"background-color":"var(--ast-global-color-5)","background-image":"","background-repeat":"repeat","background-position":"center center","background-size":"auto","background-attachment":"scroll","background-type":"","background-media":"","overlay-type":"","overlay-color":"","overlay-opacity":"","overlay-gradient":""},"tablet":{"background-color":"var(--ast-global-color-5)","background-image":"","background-repeat":"repeat","background-position":"center center","background-size":"auto","background-attachment":"scroll","background-type":"","background-media":"","overlay-type":"","overlay-color":"","overlay-opacity":"","overlay-gradient":""},"mobile":{"background-color":"var(--ast-global-color-5)","background-image":"","background-repeat":"repeat","background-position":"center center","background-size":"auto","background-attachment":"scroll","background-type":"","background-media":"","overlay-type":"","overlay-color":"","overlay-opacity":"","overlay-gradient":""}},"_joinchat":[],"footnotes":""},"categories":[24,23],"tags":[28,63,120,68,76,52,49,69,112,67,38],"class_list":["post-669","post","type-post","status-publish","format-standard","has-post-thumbnail","hentry","category-desbrozando","category-sembrando","tag-aragon","tag-ciudadanos","tag-elecciones-2019","tag-gobierno-de-aragon","tag-listas-para-ganar-aragon","tag-pedro-sanchez","tag-podemos","tag-podemos-aragon","tag-si-se-puede","tag-vox","tag-zaragoza"],"_links":{"self":[{"href":"https:\/\/nachoescartin.es\/an\/wp-json\/wp\/v2\/posts\/669","targetHints":{"allow":["GET"]}}],"collection":[{"href":"https:\/\/nachoescartin.es\/an\/wp-json\/wp\/v2\/posts"}],"about":[{"href":"https:\/\/nachoescartin.es\/an\/wp-json\/wp\/v2\/types\/post"}],"author":[{"embeddable":true,"href":"https:\/\/nachoescartin.es\/an\/wp-json\/wp\/v2\/users\/1"}],"replies":[{"embeddable":true,"href":"https:\/\/nachoescartin.es\/an\/wp-json\/wp\/v2\/comments?post=669"}],"version-history":[{"count":0,"href":"https:\/\/nachoescartin.es\/an\/wp-json\/wp\/v2\/posts\/669\/revisions"}],"wp:featuredmedia":[{"embeddable":true,"href":"https:\/\/nachoescartin.es\/an\/wp-json\/wp\/v2\/media\/671"}],"wp:attachment":[{"href":"https:\/\/nachoescartin.es\/an\/wp-json\/wp\/v2\/media?parent=669"}],"wp:term":[{"taxonomy":"category","embeddable":true,"href":"https:\/\/nachoescartin.es\/an\/wp-json\/wp\/v2\/categories?post=669"},{"taxonomy":"post_tag","embeddable":true,"href":"https:\/\/nachoescartin.es\/an\/wp-json\/wp\/v2\/tags?post=669"}],"curies":[{"name":"wp","href":"https:\/\/api.w.org\/{rel}","templated":true}]}}