{"id":661,"date":"2019-04-03T14:45:11","date_gmt":"2019-04-03T14:45:11","guid":{"rendered":"http:\/\/nachoescartin.es\/?p=661"},"modified":"2019-04-03T14:45:11","modified_gmt":"2019-04-03T14:45:11","slug":"memorias-de-un-diputadico-en-las-cortes-de-aragon","status":"publish","type":"post","link":"https:\/\/nachoescartin.es\/an\/memorias-de-un-diputadico-en-las-cortes-de-aragon\/","title":{"rendered":"Memorias de un diputadico en las Cortes de Arag\u00f3n"},"content":{"rendered":"<p style=\"text-align: justify;\"><span style=\"font-weight: 400;\">El 7 de julio de 2014 escrib\u00eda en mi cuaderno: <\/span><\/p>\n<p style=\"text-align: justify;\"><span style=\"font-weight: 400;\">\u201cLlevo varias semanas reflexionando, trabajando y conspirando para ganarlo todo. Queremos pasar a la ofensiva y, con la mirada puesta en las pr\u00f3ximas elecciones, lanzar una apuesta institucional para ganar Zaragoza, Arag\u00f3n, el mundo\u201d. \u00a0<\/span><\/p>\n<p style=\"text-align: justify;\"><span style=\"font-weight: 400;\">Desde que soy peque\u00f1o, me gusta dibujar y escribir en cuadernos. En ellos plasmo mis vivencias, reflexiones, poemas, monigotes y ocurrencias. De esos raticos de sosiego e introspecci\u00f3n han nacido algunas de las mejores cosas que he hecho en mi vida. <\/span><\/p>\n<p style=\"text-align: justify;\"><span style=\"font-weight: 400;\">En aquel verano de 2014, me entr\u00f3 el \u201crun run\u201d de que mi experiencia en colectivos sociales evolucionara hacia apuestas pol\u00edticas para ganar Zaragoza, Arag\u00f3n y el mundo. <\/span><\/p>\n<p style=\"text-align: justify;\"><span style=\"font-weight: 400;\">Como muchas personas sab\u00e9is, yo fui una de las que impuls\u00f3 lo que llamamos \u201cGanemos Zaragoza\u201d. Desde los inicios, mi labor fue la de \u201cenredar\u201d, facilitar y aportar en la definici\u00f3n del proceso mediante la suma de cada vez m\u00e1s personas diversas, con alegr\u00eda y rebeld\u00eda. <\/span><\/p>\n<p style=\"text-align: justify;\"><span style=\"font-weight: 400;\">En ese f\u00e9rtil proceso colectivo, que nos llev\u00f3 al gobierno del principal Ayuntamiento de Arag\u00f3n, el de Zaragoza, <\/span><b>hemos aprendido much\u00edsimo del complejo arte de la pol\u00edtica<\/b><span style=\"font-weight: 400;\">: \u201cdebates, zancadillas, reflexi\u00f3n y di\u00e1logo permanente entre nosotros\u201d (<\/span><i><span style=\"font-weight: 400;\">entrecomillo lo que escrib\u00eda por entonces<\/span><\/i><span style=\"font-weight: 400;\">).<\/span><\/p>\n<p style=\"text-align: justify;\"><span style=\"font-weight: 400;\">El 16 de noviembre de 2014 escrib\u00eda: \u201c<\/span><b>Nacimos para ganar<\/b><span style=\"font-weight: 400;\"> y creo que ser\u00e1 as\u00ed, pero el d\u00eda a d\u00eda es tosco en lo colaborativo. Llevamos una mochila enorme de egos, individualismo y mala leche, y eso se nota en los procesos colectivos\u201d. Ya por entonces sufr\u00eda con nuestras miserias. <\/span><\/p>\n<p style=\"text-align: justify;\"><span style=\"font-weight: 400;\">A finales de ese a\u00f1o, decid\u00ed que mi apuesta personal iba a ser Podemos Arag\u00f3n y ah\u00ed me impliqu\u00e9 \u201c<\/span><b>con ganas de hacer mi parte<\/b><span style=\"font-weight: 400;\">\u201d. En aquella primavera me animaron a dar un paso m\u00e1s y en abril fui votado para ser el n\u00famero 3 de la lista de Podemos a las Cortes de Arag\u00f3n. Para quien ven\u00eda de \u201ctrabajar en la huerta, llevar nuestra propia empresa, cuidar a una hija reci\u00e9n nacida, hacer un programa semanal de radio y participar en unos cuantos movimientos, la campa\u00f1a fue algo m\u00e1s\u201d. <\/span><\/p>\n<p style=\"text-align: justify;\"><span style=\"font-weight: 400;\">Quienes me conoc\u00e9is, sab\u00e9is que soy persona entusiasta, que lo da todo. Y eso he hecho estos 4 a\u00f1os,<\/span><b> trabajar con intensidad, dar lo mejor de mi mismo<\/b><span style=\"font-weight: 400;\">. <\/span><\/p>\n<p style=\"text-align: justify;\"><span style=\"font-weight: 400;\">El 24 de mayo de 2015, 135.554 aragoneses votamos a Podemos Arag\u00f3n. Fue el mejor resultado de Podemos. Alcanzamos 14 diputados y nos quedamos a poco m\u00e1s de 5.000 votos de superar al PSOE y liderar el Gobierno de Arag\u00f3n. Aunque en el contexto global es algo menor, me hizo especial ilusi\u00f3n que en mi pueblo, Nuez de Ebro, fu\u00e9semos los m\u00e1s votados. <\/span><\/p>\n<p style=\"text-align: justify;\"><span style=\"font-weight: 400;\">En junio de 2015 entramos por primera vez en las Cortes de Arag\u00f3n, sede del poder legislativo aragon\u00e9s, emplazado en un lugar maravilloso, el Palacio de la Aljafer\u00eda, \u201cel castillo\u201d que dice mi hija Lola. Entramos con \u00a0alegr\u00eda y rebeld\u00eda, con la frescura de la gente corriente que, <\/span><b>de la mano de personas de colectivos y movimientos sociales, est\u00e1bamos convencidas de que \u201cS\u00ed Se Puede\u201d <\/b><span style=\"font-weight: 400;\">mejorar nuestra sociedad, en las calles y en las instituciones. <\/span><\/p>\n<p style=\"text-align: justify;\"><span style=\"font-weight: 400;\">Est\u00e1bamos convencidas y 4 a\u00f1os despu\u00e9s, estoy convencido. En las instituciones tambi\u00e9n se cambian cosas, se tocan teclas que transforman algunas realidades. En nuestra mano, aun en la oposici\u00f3n, hemos tenido al alcance las herramientas administrativas que han salvaguardado y mejorado la educaci\u00f3n y sanidad p\u00fablica, hemos ayudado a quienes peor lo pasan tras la \u00faltima crisis-estafa, hemos impulsado propuestas valientes, innovadoras en algunos casos, y hemos afrontado con responsabilidad algunos retos colectivos de compleja soluci\u00f3n, como es la despoblaci\u00f3n, la igualdad a todos los niveles, la precariedad o el cambio clim\u00e1tico. <\/span><\/p>\n<p style=\"text-align: justify;\"><span style=\"font-weight: 400;\">En los primeros Plenos \u201cme puse nervioso, rabioso, pero ya voy canalizando. En la Aljafer\u00eda nos tratan bien\u201d. China chana, fuimos conociendo las herramientas pol\u00edticas, legislativas, de control e impulso al Gobierno, para trabajar a fondo, meter ca\u00f1a. Muchas personas me preguntabais y a\u00fan hoy me pregunt\u00e1is si estoy contento en el trabajo. Y lo estoy. En seguida encontr\u00e9 mi lugar y me sent\u00ed \u201ccontento y orgulloso, trabajando duro, con intensidad y a veces fren\u00e9tico\u201d. La labor del diputado me ha gustado: \u201cAprendo, investigo, consulto, leo. Escribo, preparo intervenciones, hablo, difundo. Es como La enredadera, pero en el parlamento. Llevo temas de pueblo, agricultura, medio ambiente, econom\u00eda, vertebraci\u00f3n, movilidad\u201d. Tiempo despu\u00e9s, desde octubre de 2017, ya como Secretario General de Podemos Arag\u00f3n, me toc\u00f3 afrontar los cara a cara con el Presidente de Arag\u00f3n y otros l\u00edderes pol\u00edticos. <\/span><\/p>\n<p style=\"text-align: justify;\"><b>Nadie dijo que fuera f\u00e1cil<\/b><span style=\"font-weight: 400;\">. Y no lo es. Las cosas de palacio van despacio, para aprobar una ley hay que sudar y esforzarse para alcanzar mayor\u00edas y que tus propuestas queden registradas en el Bolet\u00edn Oficial. En este sentido, estamos moderadamente satisfechos del trabajo realizado. <\/span><\/p>\n<p style=\"text-align: justify;\"><b>Podemos Arag\u00f3n hemos sido el grupo que m\u00e1s leyes propias hemos presentado<\/b><span style=\"font-weight: 400;\">: contra la Pobreza Energ\u00e9tica, la Emergencia Social, las Cuentas Abiertas, la Prevenci\u00f3n y Extinci\u00f3n de Incendios, el Trabajo Aut\u00f3nomo y Emprendimiento, la C\u00e1mara de Cuentas, de Cambio Clim\u00e1tico y Transici\u00f3n Energ\u00e9tica, algunas de ellas aprobadas y otras rechazadas por PP, Ciudadanos, PAR\u2026 Y PSOE, que desgraciadamente ha buscado a veces a las derechas para rechazar propuestas sensatas de Podemos. <\/span><\/p>\n<p style=\"text-align: justify;\"><span style=\"font-weight: 400;\">Afortunadamente, han sido m\u00e1s los acuerdos entre Podemos, PSOE, CHA e IU que han permitido la aprobaci\u00f3n y puesta en marcha de proyectos importantes. En todas estas leyes, presupuestos y proyectos, Podemos Arag\u00f3n hemos logrado introducir muchas mejoras propias y propuestas que emanan de nuestro programa electoral, es decir, de las experiencias y voluntades de personas y colectivos aragoneses que trabajan por la igualdad, la justicia social y un futuro mejor en Arag\u00f3n y en todo el mundo. <\/span><\/p>\n<p style=\"text-align: justify;\"><span style=\"font-weight: 400;\">As\u00ed, <\/span><b>hemos aprobado leyes important\u00edsimas<\/b><span style=\"font-weight: 400;\">: Igualdad, Venta Directa, Integridad y \u00c9tica P\u00fablica, Discapacidad, Derechos LGTB, Memoria Democr\u00e1tica, Capitalidad o Actividad F\u00edsica y el Deporte, entre otras, y pactos por la Ciencia, la Infancia, la Educaci\u00f3n o una propuesta aragonesa para la reforma de la futura Pol\u00edtica Agraria Com\u00fan. <\/span><\/p>\n<p style=\"text-align: justify;\"><span style=\"font-weight: 400;\">En menos de dos meses <\/span><b>nos enfrentemos a las elecciones auton\u00f3micas, en las que Podemos Arag\u00f3n se plantea como objetivo fundamental liderar el futuro Gobierno de Arag\u00f3n<\/b><span style=\"font-weight: 400;\">. Y nada m\u00e1s entrar al Pignatelli, al poder ejecutivo aragon\u00e9s, debemos poner en marcha lo que no ha sido posible acordar en estos 4 a\u00f1os: la Ley de Vivienda, de Cambio Clim\u00e1tico y Transici\u00f3n Energ\u00e9tica, la reforma profunda del ICA y una Renta B\u00e1sica Universal, entre otras muchas propuestas que plasmamos en el programa que ya estamos rematando de la mano de personas y colectivos expertas en las \u00e1reas que competen a la Comunidad Aut\u00f3noma, materias tan relevantes del autogobierno hoy amenazado por formaciones que nos quieren volver a un Arag\u00f3n en blanco y negro, de recortes, privilegios y centralismo. <\/span><\/p>\n<p style=\"text-align: justify;\"><span style=\"font-weight: 400;\">Como pueblo con identidades propias queremos defender lo nuestro, que es de todos, nuestro territorio y derechos, nuestros pueblos y ciudades. Ahora m\u00e1s que nunca, frente a quienes quieren trasvasar el Ebro y robarnos nuestros derechos conseguidos tras muchos a\u00f1os de esfuerzos y luchas. Ahora toca avanzar, mejorar, nunca retroceder, nunca reblar. <\/span><\/p>\n<p style=\"text-align: justify;\"><b>Hoy Arag\u00f3n es un lugar mejor y esta apuesta institucional ha merecido y merece la pena<\/b><span style=\"font-weight: 400;\">. A diferencia de otros, <\/span><b>nuestra oposici\u00f3n ha sido constructiva<\/b><span style=\"font-weight: 400;\">. Hemos controlado y criticado cuando hemos visto cosas que no nos han gustado, pero sobre todo, hemos aportado ideas, soluciones y propuestas concretas para llevar Arag\u00f3n al siglo XXI. Mientras en el Ayuntamiento de Zaragoza, PP, Ciudadanos y PSOE se han dedicado a bloquear, paralizar y torpedear, Podemos en las Cortes de Arag\u00f3n nos hemos esmerado para presentar las mejores leyes, enmiendas, iniciativas que se han convertido en leyes, presupuestos y proyectos concretos. <\/span><\/p>\n<p style=\"text-align: justify;\"><span style=\"font-weight: 400;\">Hemos aprendido que <\/span><b>para gobernar hay que cabalgar contradicciones y mancharse las manos<\/b><span style=\"font-weight: 400;\">. Tal vez si Podemos Arag\u00f3n hubiese entrado en el Gobierno de Arag\u00f3n habr\u00edamos conseguido m\u00e1s cambios y mejoras para la mayor\u00eda de los aragoneses. Hemos aprendido y nuestro empe\u00f1o es que el 26 de mayo de 2019 muchos aragoneses revalid\u00e9is vuestra confianza en nosotros y en nuestro proyecto colectivo. <\/span><\/p>\n<p style=\"text-align: justify;\"><span style=\"font-weight: 400;\">Estamos convencidas de que, con nuestros aciertos y errores, valor\u00e1is el esfuerzo y las capacidades, la valent\u00eda y la rasmia para mejorar Arag\u00f3n. Por eso digo sin rubor que creo que la pr\u00f3xima presidenta de Arag\u00f3n va a ser Maru D\u00edaz y que Podemos va a conseguir liderar un Gobierno en el que las personas est\u00e9n en el centro de todas las pol\u00edticas p\u00fablicas.<\/span><\/p>\n<p style=\"text-align: justify;\"><span style=\"font-weight: 400;\">La verdad es que <\/span><b>sigo entusiasmado, con ilusi\u00f3n y energ\u00eda, con alegr\u00eda y sentido del humor, con esperanza y fuerza para seguir luchando por la justicia social<\/b><span style=\"font-weight: 400;\">.<\/span><\/p>","protected":false},"excerpt":{"rendered":"<p>El 7 de julio de 2014 escrib\u00eda en mi cuaderno: \u201cLlevo varias semanas reflexionando, trabajando y conspirando para ganarlo todo. [&hellip;]<\/p>\n","protected":false},"author":1,"featured_media":664,"comment_status":"open","ping_status":"closed","sticky":false,"template":"","format":"standard","meta":{"site-sidebar-layout":"default","site-content-layout":"","ast-site-content-layout":"default","site-content-style":"default","site-sidebar-style":"default","ast-global-header-display":"","ast-banner-title-visibility":"","ast-main-header-display":"","ast-hfb-above-header-display":"","ast-hfb-below-header-display":"","ast-hfb-mobile-header-display":"","site-post-title":"","ast-breadcrumbs-content":"","ast-featured-img":"","footer-sml-layout":"","ast-disable-related-posts":"","theme-transparent-header-meta":"","adv-header-id-meta":"","stick-header-meta":"","header-above-stick-meta":"","header-main-stick-meta":"","header-below-stick-meta":"","astra-migrate-meta-layouts":"default","ast-page-background-enabled":"default","ast-page-background-meta":{"desktop":{"background-color":"","background-image":"","background-repeat":"repeat","background-position":"center center","background-size":"auto","background-attachment":"scroll","background-type":"","background-media":"","overlay-type":"","overlay-color":"","overlay-opacity":"","overlay-gradient":""},"tablet":{"background-color":"","background-image":"","background-repeat":"repeat","background-position":"center center","background-size":"auto","background-attachment":"scroll","background-type":"","background-media":"","overlay-type":"","overlay-color":"","overlay-opacity":"","overlay-gradient":""},"mobile":{"background-color":"","background-image":"","background-repeat":"repeat","background-position":"center center","background-size":"auto","background-attachment":"scroll","background-type":"","background-media":"","overlay-type":"","overlay-color":"","overlay-opacity":"","overlay-gradient":""}},"ast-content-background-meta":{"desktop":{"background-color":"var(--ast-global-color-5)","background-image":"","background-repeat":"repeat","background-position":"center center","background-size":"auto","background-attachment":"scroll","background-type":"","background-media":"","overlay-type":"","overlay-color":"","overlay-opacity":"","overlay-gradient":""},"tablet":{"background-color":"var(--ast-global-color-5)","background-image":"","background-repeat":"repeat","background-position":"center center","background-size":"auto","background-attachment":"scroll","background-type":"","background-media":"","overlay-type":"","overlay-color":"","overlay-opacity":"","overlay-gradient":""},"mobile":{"background-color":"var(--ast-global-color-5)","background-image":"","background-repeat":"repeat","background-position":"center center","background-size":"auto","background-attachment":"scroll","background-type":"","background-media":"","overlay-type":"","overlay-color":"","overlay-opacity":"","overlay-gradient":""}},"_joinchat":[],"footnotes":""},"categories":[25,23],"tags":[28,120,68,76,80,49,69,53,74,112],"class_list":["post-661","post","type-post","status-publish","format-standard","has-post-thumbnail","hentry","category-enredando","category-sembrando","tag-aragon","tag-elecciones-2019","tag-gobierno-de-aragon","tag-listas-para-ganar-aragon","tag-nacho-escartin","tag-podemos","tag-podemos-aragon","tag-politica-aragonesa","tag-propuestas","tag-si-se-puede"],"_links":{"self":[{"href":"https:\/\/nachoescartin.es\/an\/wp-json\/wp\/v2\/posts\/661","targetHints":{"allow":["GET"]}}],"collection":[{"href":"https:\/\/nachoescartin.es\/an\/wp-json\/wp\/v2\/posts"}],"about":[{"href":"https:\/\/nachoescartin.es\/an\/wp-json\/wp\/v2\/types\/post"}],"author":[{"embeddable":true,"href":"https:\/\/nachoescartin.es\/an\/wp-json\/wp\/v2\/users\/1"}],"replies":[{"embeddable":true,"href":"https:\/\/nachoescartin.es\/an\/wp-json\/wp\/v2\/comments?post=661"}],"version-history":[{"count":0,"href":"https:\/\/nachoescartin.es\/an\/wp-json\/wp\/v2\/posts\/661\/revisions"}],"wp:featuredmedia":[{"embeddable":true,"href":"https:\/\/nachoescartin.es\/an\/wp-json\/wp\/v2\/media\/664"}],"wp:attachment":[{"href":"https:\/\/nachoescartin.es\/an\/wp-json\/wp\/v2\/media?parent=661"}],"wp:term":[{"taxonomy":"category","embeddable":true,"href":"https:\/\/nachoescartin.es\/an\/wp-json\/wp\/v2\/categories?post=661"},{"taxonomy":"post_tag","embeddable":true,"href":"https:\/\/nachoescartin.es\/an\/wp-json\/wp\/v2\/tags?post=661"}],"curies":[{"name":"wp","href":"https:\/\/api.w.org\/{rel}","templated":true}]}}