{"id":654,"date":"2019-03-17T10:37:53","date_gmt":"2019-03-17T10:37:53","guid":{"rendered":"http:\/\/nachoescartin.es\/?p=654"},"modified":"2019-03-17T10:37:53","modified_gmt":"2019-03-17T10:37:53","slug":"el-silencio-de-otros-recordar-para-no-repetir","status":"publish","type":"post","link":"https:\/\/nachoescartin.es\/an\/el-silencio-de-otros-recordar-para-no-repetir\/","title":{"rendered":"\u00abEl Silencio de Otros\u00bb: Recordar para no repetir"},"content":{"rendered":"<p>El pasado fin de semana proyectamos en la sala del Cine Venecia \u201cEl Silencio de Otros\u201d, en sesiones de ma\u00f1ana y tarde con muy buena asistencia. Nos acompa\u00f1\u00f3 Chato Galante, una de las v\u00edctimas de la tortura de \u201cBilly el Ni\u00f1o\u201d e impulsor de la querella criminal y del documental.<\/p>\n<p>Tras su visionado, todas las personas presentes coincid\u00edamos en que esta pel\u00edcula deber\u00eda verse en cuantas m\u00e1s escuelas, institutos, universidades y asociaciones posibles. Y, por supuesto, en la Televisi\u00f3n p\u00fablica espa\u00f1ola. Sobre esto, Chato nos anunci\u00f3 que, a lo largo de este 2019, la p\u00e1gina web de RTVE deber\u00eda ofrecer el documental, porque sus directores, Almudena Carracedo y Robert Bahar han cedido generosamente sus derechos.<\/p>\n<p>\u201cEl Silencio de Otros\u201d narra nuestra historia reciente. Desde el golpe militar de Franco contra el gobierno democr\u00e1tico, pasando por la Guerra y la dictadura, la Transici\u00f3n \u201cdemoliberal\u201d hasta nuestros d\u00edas, cuando cada vez m\u00e1s personas y asociaciones de todo el planeta reivindican memoria, justicia y reparaci\u00f3n.<\/p>\n<p>Nuestra historia no puede reducirse a un cuento almibarado tras el que se condecora a franquistas y torturadores, mientras se condena al olvido en las cunetas a decenas de miles de personas asesinadas. Ninguna democracia puede permitirse semejante vileza e ignominia.<\/p>\n<p>Este documental sigue la evoluci\u00f3n de la querella interpuesta en Argentina en 2010, para juzgar unos hechos deleznables, de ni\u00f1os robados, personas fusiladas, familias deshechas y torturas horrorosas, perpetradas por algunos que hoy siguen viviendo con impunidad y blindaje por parte de los poderes del Estado.<\/p>\n<p>Desde su estreno, \u201cEl Silencio de Otros\u201d ha recibido numerosos premios internacionales, como el Goya a la mejor pel\u00edcula documental. Ahora nuestro deber es que se vea, que conozcamos nuestra historia, que aprendamos de ella y no repitamos errores doloros\u00edsimos.<\/p>\n<p><img fetchpriority=\"high\" decoding=\"async\" class=\"aligncenter size-medium wp-image-656\" src=\"https:\/\/nachoescartin.es\/wp-content\/uploads\/2019\/03\/IMG_20190317_112959-300x225.jpg\" alt=\"\" width=\"300\" height=\"225\" srcset=\"https:\/\/nachoescartin.es\/wp-content\/uploads\/2019\/03\/IMG_20190317_112959-300x225.jpg 300w, https:\/\/nachoescartin.es\/wp-content\/uploads\/2019\/03\/IMG_20190317_112959-1024x768.jpg 1024w, https:\/\/nachoescartin.es\/wp-content\/uploads\/2019\/03\/IMG_20190317_112959-768x576.jpg 768w, https:\/\/nachoescartin.es\/wp-content\/uploads\/2019\/03\/IMG_20190317_112959-1536x1152.jpg 1536w, https:\/\/nachoescartin.es\/wp-content\/uploads\/2019\/03\/IMG_20190317_112959.jpg 2048w\" sizes=\"(max-width: 300px) 100vw, 300px\" \/><img decoding=\"async\" class=\"aligncenter size-full wp-image-657\" src=\"https:\/\/nachoescartin.es\/wp-content\/uploads\/2019\/03\/5948865.jpg-c_215_290_x-f_jpg-q_x-xxyxx.jpg\" alt=\"\" width=\"215\" height=\"290\" \/><img decoding=\"async\" class=\"aligncenter size-medium wp-image-658\" src=\"https:\/\/nachoescartin.es\/wp-content\/uploads\/2019\/03\/58-300x170.jpg\" alt=\"\" width=\"300\" height=\"170\" srcset=\"https:\/\/nachoescartin.es\/wp-content\/uploads\/2019\/03\/58-300x170.jpg 300w, https:\/\/nachoescartin.es\/wp-content\/uploads\/2019\/03\/58-768x435.jpg 768w, https:\/\/nachoescartin.es\/wp-content\/uploads\/2019\/03\/58.jpg 1000w\" sizes=\"(max-width: 300px) 100vw, 300px\" \/><\/p>","protected":false},"excerpt":{"rendered":"<p>El pasado fin de semana proyectamos en la sala del Cine Venecia \u201cEl Silencio de Otros\u201d, en sesiones de ma\u00f1ana [&hellip;]<\/p>\n","protected":false},"author":1,"featured_media":655,"comment_status":"open","ping_status":"closed","sticky":false,"template":"","format":"standard","meta":{"site-sidebar-layout":"default","site-content-layout":"","ast-site-content-layout":"default","site-content-style":"default","site-sidebar-style":"default","ast-global-header-display":"","ast-banner-title-visibility":"","ast-main-header-display":"","ast-hfb-above-header-display":"","ast-hfb-below-header-display":"","ast-hfb-mobile-header-display":"","site-post-title":"","ast-breadcrumbs-content":"","ast-featured-img":"","footer-sml-layout":"","ast-disable-related-posts":"","theme-transparent-header-meta":"","adv-header-id-meta":"","stick-header-meta":"","header-above-stick-meta":"","header-main-stick-meta":"","header-below-stick-meta":"","astra-migrate-meta-layouts":"default","ast-page-background-enabled":"default","ast-page-background-meta":{"desktop":{"background-color":"","background-image":"","background-repeat":"repeat","background-position":"center center","background-size":"auto","background-attachment":"scroll","background-type":"","background-media":"","overlay-type":"","overlay-color":"","overlay-opacity":"","overlay-gradient":""},"tablet":{"background-color":"","background-image":"","background-repeat":"repeat","background-position":"center center","background-size":"auto","background-attachment":"scroll","background-type":"","background-media":"","overlay-type":"","overlay-color":"","overlay-opacity":"","overlay-gradient":""},"mobile":{"background-color":"","background-image":"","background-repeat":"repeat","background-position":"center center","background-size":"auto","background-attachment":"scroll","background-type":"","background-media":"","overlay-type":"","overlay-color":"","overlay-opacity":"","overlay-gradient":""}},"ast-content-background-meta":{"desktop":{"background-color":"var(--ast-global-color-5)","background-image":"","background-repeat":"repeat","background-position":"center center","background-size":"auto","background-attachment":"scroll","background-type":"","background-media":"","overlay-type":"","overlay-color":"","overlay-opacity":"","overlay-gradient":""},"tablet":{"background-color":"var(--ast-global-color-5)","background-image":"","background-repeat":"repeat","background-position":"center center","background-size":"auto","background-attachment":"scroll","background-type":"","background-media":"","overlay-type":"","overlay-color":"","overlay-opacity":"","overlay-gradient":""},"mobile":{"background-color":"var(--ast-global-color-5)","background-image":"","background-repeat":"repeat","background-position":"center center","background-size":"auto","background-attachment":"scroll","background-type":"","background-media":"","overlay-type":"","overlay-color":"","overlay-opacity":"","overlay-gradient":""}},"_joinchat":[],"footnotes":""},"categories":[26],"tags":[127,39,128,129,130,41],"class_list":["post-654","post","type-post","status-publish","format-standard","has-post-thumbnail","hentry","category-cultivando","tag-cine","tag-cultura","tag-documental","tag-espana","tag-historia","tag-memoria-historica"],"_links":{"self":[{"href":"https:\/\/nachoescartin.es\/an\/wp-json\/wp\/v2\/posts\/654","targetHints":{"allow":["GET"]}}],"collection":[{"href":"https:\/\/nachoescartin.es\/an\/wp-json\/wp\/v2\/posts"}],"about":[{"href":"https:\/\/nachoescartin.es\/an\/wp-json\/wp\/v2\/types\/post"}],"author":[{"embeddable":true,"href":"https:\/\/nachoescartin.es\/an\/wp-json\/wp\/v2\/users\/1"}],"replies":[{"embeddable":true,"href":"https:\/\/nachoescartin.es\/an\/wp-json\/wp\/v2\/comments?post=654"}],"version-history":[{"count":0,"href":"https:\/\/nachoescartin.es\/an\/wp-json\/wp\/v2\/posts\/654\/revisions"}],"wp:featuredmedia":[{"embeddable":true,"href":"https:\/\/nachoescartin.es\/an\/wp-json\/wp\/v2\/media\/655"}],"wp:attachment":[{"href":"https:\/\/nachoescartin.es\/an\/wp-json\/wp\/v2\/media?parent=654"}],"wp:term":[{"taxonomy":"category","embeddable":true,"href":"https:\/\/nachoescartin.es\/an\/wp-json\/wp\/v2\/categories?post=654"},{"taxonomy":"post_tag","embeddable":true,"href":"https:\/\/nachoescartin.es\/an\/wp-json\/wp\/v2\/tags?post=654"}],"curies":[{"name":"wp","href":"https:\/\/api.w.org\/{rel}","templated":true}]}}