{"id":645,"date":"2019-03-07T13:58:38","date_gmt":"2019-03-07T13:58:38","guid":{"rendered":"http:\/\/nachoescartin.es\/?p=645"},"modified":"2019-03-07T13:58:38","modified_gmt":"2019-03-07T13:58:38","slug":"645-2","status":"publish","type":"post","link":"https:\/\/nachoescartin.es\/an\/645-2\/","title":{"rendered":"Carta a las personas de Podemos Arag\u00f3n y de los espacios del cambio"},"content":{"rendered":"<p style=\"text-align: justify;\"><span style=\"font-weight: 400;\">Estimadas amigas y amigos de Podemos y de los espacios del cambio en Arag\u00f3n,<\/span><\/p>\n<p style=\"text-align: justify;\"><span style=\"font-weight: 400;\">Siento que es mi obligaci\u00f3n escribiros esta carta en la que voy a tratar de contaros c\u00f3mo veo la situaci\u00f3n pol\u00edtica y nuestra capacidad de cambiar las cosas desde Arag\u00f3n. <\/span><\/p>\n<p style=\"text-align: justify;\"><span style=\"font-weight: 400;\">En primer lugar, debo incidir en que, m\u00e1s all\u00e1 de nuestros errores y desaciertos, no podemos caer en el \u201cpesimismo de nosotros mismos\u201d, sino que <\/span><b>debemos ser audaces y dar lo mejor de cada persona<\/b><span style=\"font-weight: 400;\"> para alcanzar el mejor de los resultados colectivos. <\/span><\/p>\n<p style=\"text-align: justify;\"><span style=\"font-weight: 400;\">En el plano electoral, nos enfrentamos a dos domingos de elecciones: generales el 28 de abril y municipales, auton\u00f3micas y europeas el 26 de mayo. Todas las instituciones aragonesas (Ayuntamientos, comarcas, diputaciones, Cortes y Gobierno de Arag\u00f3n) van a cambiar en los pr\u00f3ximos meses. <\/span><\/p>\n<p style=\"text-align: justify;\"><span style=\"font-weight: 400;\">La situaci\u00f3n interna &nbsp;de Podemos no es todo lo buena que podr\u00eda ser. En este a\u00f1o y medio desde que soy Secretario General de Podemos Arag\u00f3n he sufrido el excesivo centralismo de nuestra organizaci\u00f3n, la cantidad de errores cometidos y la incapacidad de evolucionar hacia una herramienta m\u00e1s poli\u00e9drica, diversa y participada. Esto lo critico hacia Madrid, pero tambi\u00e9n lo <\/span><b>autocritico<\/b><span style=\"font-weight: 400;\"> en Arag\u00f3n. Nuestras dificultades para vivir con diferencias, los roces y desafectos que generamos en nuestros procesos internos, la falta de cultura del debate y el acuerdo, son algunas de las razones por las que perdemos confianza, inteligencia colectiva y unidad (no uniformidad). Yo es la primera vez que participo en un partido y no veo miserias que no hubiera conocido antes en mi experiencia en colectivos diversos, pero s\u00ed las he visto magnificadas, hasta puntos que no me imaginaba. <\/span><\/p>\n<p style=\"text-align: justify;\"><span style=\"font-weight: 400;\">La negociaci\u00f3n con IU y Equo para la candidatura conjunta al Congreso y Senado ha sido en el \u00e1mbito estatal, sin contar con las necesidades o ideas que podr\u00edamos aportar desde los \u00f3rganos auton\u00f3micos de Podemos. El Consejo Ciudadano de Podemos Arag\u00f3n no ha recibido ni una informaci\u00f3n de c\u00f3mo se estaban desarrollando estas conversaciones, hasta conocer la pasada semana el acuerdo con IU, pero no con Equo. Desconozco c\u00f3mo fue el encaje en 2015, para lograr que Jorge Luis saliera elegido diputado por Huesca y Pedro Arrojo por Zaragoza, resultado que vamos a intentar repetir y mejorar. <\/span><\/p>\n<p style=\"text-align: justify;\"><span style=\"font-weight: 400;\">Aqu\u00ed en Arag\u00f3n, tras la consulta a las personas de Podemos, Equo e IU, que en todo Arag\u00f3n expresamos que quer\u00edamos ir en <\/span><b>confluencia<\/b><span style=\"font-weight: 400;\">, nos pusimos a trabajar en ella hace casi 1 a\u00f1o. Tanta era nuestra voluntad, que lo primero que hicimos fue visibilizar la predisposici\u00f3n al acuerdo en Muel, con una foto en la que nos mostramos Unidas y con \u00e1nimo confluyente. <\/span><\/p>\n<p style=\"text-align: justify;\"><span style=\"font-weight: 400;\">Desde verano, se han sucedido los actos conjuntos, fraternidad en distintos espacios de luchas y encuentro, y las negociaciones entre IU y Podemos, por una parte, Podemos y Equo, por otra, y en el seno de Zaragoza en Com\u00fan, la plataforma con la que en 2015 alcanzamos el Ayuntamiento de Zaragoza, pero en la que Podemos no entr\u00f3 formalmente. <\/span><\/p>\n<p style=\"text-align: justify;\"><span style=\"font-weight: 400;\">Llegados a este punto, es preciso recordar que Podemos decidi\u00f3 no presentarse a la elecciones municipales en 2015, solo a las generales y auton\u00f3micas. <\/span><b>En Arag\u00f3n, alcanzamos el mejor resultado que ha logrado Podemos en ninguna elecci\u00f3n<\/b><span style=\"font-weight: 400;\">, llegando hasta casi el 21% de los votos. Apenas 5.000 votos nos dejaron detr\u00e1s del PSOE de Lamb\u00e1n, que finalmente ha gobernado Arag\u00f3n en esta legislatura, junto a CHA, pero sin Podemos. Otra decisi\u00f3n, la de no entrar en el Gobierno de Arag\u00f3n, que en distintas ocasiones nos hemos cuestionado y reflexionado. <\/span><\/p>\n<p style=\"text-align: justify;\"><span style=\"font-weight: 400;\">No presentarnos a las municipales hizo que algunas personas, de Podemos, buscaran otras maneras de presentar candidaturas a sus Ayuntamientos. As\u00ed, en Teruel se constituyo la marca \u00abGanar\u00bb capitaneada por IU y el partido fantasma Los Verdes, y en el que participaron a t\u00edtulo individual miembros de Podemos como es el caso de Teruel y Alca\u00f1iz, y algunas independientes. En Huesca, IU mont\u00f3 Cambiar, en donde Podemos particip\u00f3 poco, con excepciones como Bin\u00e9far, donde se alcanz\u00f3 el gobierno pactado con el PSOE. En la ciudad de Huesca, personas de Podemos se organizaron bajo la marca Arag\u00f3n S\u00ed Puede, que fue el partido con el que se presentaron otras candidaturas en Fraga, Jaca, Alag\u00f3n, Pedrola y otros pocos municipios. <\/span><\/p>\n<p style=\"text-align: justify;\"><span style=\"font-weight: 400;\">En Zaragoza conozco mucho mejor la situaci\u00f3n, porque estuve en el origen de Ganemos Zaragoza, luego Zaragoza en Com\u00fan. En 2014, tras el nacimiento de Podemos y su irrupci\u00f3n en las Europeas, a algunas personas nos entr\u00f3 \u201cel runr\u00fan\u201d municipalista por primera vez en nuestras vidas. Convocamos a nuestras amigas, a compa\u00f1eros de luchas, a conocidos y, finalmente, lanzamos citas abiertas que tuvieron un gran \u00e9xito desde sus inicios. En pocos meses, se construy\u00f3 una estructura en la que personas a t\u00edtulo individual, grupos diversos y partidos decidieron que iban a aunar fuerzas en una misma papeleta. La no presencia de Podemos, ni en lo formal ni en la implicaci\u00f3n de muchas personas en ZeC, propici\u00f3 que Izquierda Unida consiguiera un peso grande en los \u00f3rganos de decisi\u00f3n y representantes p\u00fablicos, situaci\u00f3n que se replic\u00f3 en las otras dos provincias. <\/span><\/p>\n<p style=\"text-align: justify;\"><span style=\"font-weight: 400;\">Durante esta legislatura, en los diversos espacios, gobiernos y oposici\u00f3n, ayuntamientos, comarcas, diputaciones y Cortes de Arag\u00f3n, un buen n\u00famero de personas, en primera l\u00ednea o en C\u00edrculos, grupos de trabajo, reuniones, etc. hemos aprendido much\u00edsimo para conocer las reglas del juego, las herramientas democr\u00e1ticas que tenemos a nuestro alcance, plenos, ponencias, leyes, presupuestos, convocatorias de ayudas, etc. Este legado, esta experiencia, es un capital pol\u00edtico y humano imprescindible. <\/span><\/p>\n<p style=\"text-align: justify;\"><span style=\"font-weight: 400;\">Vuelvo a las reuniones con IU y Equo. Cada quince d\u00edas, m\u00e1s o menos, un grupo de personas de Podemos Arag\u00f3n y otros de IU Arag\u00f3n, se han reunido para alcanzar acuerdos en el \u00e1mbito auton\u00f3mico. Es decir, responder al deseo de nuestra gente de concurrir juntos a las elecciones. Durante varios meses de arduo trabajo, se han explorado distintos escenarios de campa\u00f1a, posibles resultados, recursos, gobernabilidad\u2026. Tal y como se\u00f1alaba el Protocolo abierto para el acuerdo con IU y Equo. <\/span><\/p>\n<p style=\"text-align: justify;\"><span style=\"font-weight: 400;\">Mientras el plano auton\u00f3mico no avanzaba, en Zaragoza la <\/span><b>Ponencia organizativa de Zaragoza en Com\u00fan<\/b><span style=\"font-weight: 400;\">, elegida para ser el espacio de b\u00fasqueda de acuerdos, celebraba sus reuniones. En esta Ponencia participaban personas de IU, de Podemos, de \u201clos Comunes\u201d (el grupo organizado en el que se encuadran Pedro Santisteve, Luisa Broto o Elena Giner) y personas independientes. En ese espacio, Podemos ha encontrado dificultades para permear sus propuestas. En algunos casos por fallos propios (problemas en el Consejo Ciudadano Municipal y Equipo T\u00e9cnico, diferencias internas en el seno de Podemos\u2026) y otros por la oposici\u00f3n de los otros agentes pol\u00edticos representados. <\/span><\/p>\n<p style=\"text-align: justify;\"><span style=\"font-weight: 400;\">El acuerdo auton\u00f3mico no llegaba y el municipal avanzaba sin que Podemos lograra cerrar acuerdos generosos y razonables. <\/span><\/p>\n<p style=\"text-align: justify;\"><span style=\"font-weight: 400;\">As\u00ed, en el Consejo Ciudadano de Podemos Arag\u00f3n de febrero (que celebramos todos los primeros s\u00e1bados de cada mes), el equipo negociador expresa detalles de por d\u00f3nde van las propuestas y conversaciones con IU. Una <\/span><b>propuesta<\/b><span style=\"font-weight: 400;\"> en la ofrec\u00edamos para IU Arag\u00f3n el n\u00famero 2 de Teruel, el 4 y 8 de Zaragoza y el 4 de Huesca. Es decir, que de los 14 diputados que hoy tiene Podemos, 4 se los ceder\u00edamos a IU (que hoy tiene una). En esa reuni\u00f3n del m\u00e1ximo \u00f3rgano de direcci\u00f3n de Podemos Arag\u00f3n y responsable de las confluencias en Arag\u00f3n, se valora nuestra propuesta como generosa y ser\u00edan inasumibles m\u00e1s cesiones por parte de Podemos Arag\u00f3n, y as\u00ed es ratificado en votaci\u00f3n en el Consejo Ciudadano. As\u00ed se trasmite acto seguido a IU Arag\u00f3n, que rechaza dicho acuerdo, tal y como ha expresado en medios y en una carta a su militancia. <\/span><\/p>\n<p style=\"text-align: justify;\"><span style=\"font-weight: 400;\">Por detallar lo que planteaba IU Arag\u00f3n quer\u00eda tener puestos en todos los escenarios post electorales posibles. IU Arag\u00f3n tuvo en 2015 poco m\u00e1s de un 4% de votos y alcanz\u00f3 una diputada, Podemos casi un 21% y 14 diputados. Con este escenario solicitaban los puestos n\u00famero 2 de todas las provincias, as\u00ed como el 4 y 6 por la provincia de Zaragoza. El 50% de los puestos en las Diputaciones y para todos ellos propon\u00edan a hombres, algo que desde organizaciones feministas es dif\u00edcil de asumir. Este escenario hac\u00eda que si tuvi\u00e9ramos un resultado similar en 2019, IU asegurar\u00eda 4 diputados, por 10 de Podemos. Dicho de otro modo, si alcanz\u00e1bamos los mismos resultados de 2015, Podemos perd\u00eda 4 diputados e IU ganaba 3. Y en un escenario negativo de 10 diputados, es decir, 4 menos para Podemos, IU conseguir\u00eda 2, duplicar\u00eda lo que tiene hoy. <\/span><\/p>\n<p style=\"text-align: justify;\"><b>La propuesta de Podemos en Arag\u00f3n asegura diputados para IU en las Cortes de Arag\u00f3n y es mucho m\u00e1s generosa que el acuerdo que Unidas Podemos ha anunciado para el Congreso y el Senado<\/b><span style=\"font-weight: 400;\">, en el que IU va a tener muy dif\u00edcil tener representantes aragoneses en el Congreso, dado que los actuales, el 1 por Huesca y el 1 por Zaragoza est\u00e1n reservados en ese acuerdo para Podemos. <\/span><\/p>\n<p style=\"text-align: justify;\"><span style=\"font-weight: 400;\">A nivel econ\u00f3mico, el acuerdo es muy similar y razonable para ambas partes. <\/span><\/p>\n<p style=\"text-align: justify;\"><span style=\"font-weight: 400;\">Por supuesto que IU ten\u00eda asegurada sus siglas en la papeleta, al mismo nivel que Podemos y Equo, su participaci\u00f3n activa en la campa\u00f1a y programa\u2026. En definitiva, no entendemos por qu\u00e9 IU Arag\u00f3n llama a votar S\u00cd al acuerdo de Unidas Podemos a las generales, pero rechaza la propuesta de Podemos Arag\u00f3n. <\/span><\/p>\n<p style=\"text-align: justify;\"><span style=\"font-weight: 400;\">Con Equo, afortunadamente, ha sido m\u00e1s f\u00e1cil alcanzar un acuerdo. Equo tiene concejales en Huesca y Sabi\u00f1\u00e1nigo, presencia en Huesca y Zaragoza, en alg\u00fan pueblo m\u00e1s del Alto Arag\u00f3n y la provincia de Zaragoza, y a Jorge Luis como diputado en el Congreso. El <\/span><b>pre-acuerdo con Equo se aprob\u00f3<\/b><span style=\"font-weight: 400;\"> en el Consejo Ciudadano de Podemos Arag\u00f3n en febrero y en pr\u00f3ximos d\u00edas se anunciar\u00e1 con todo detalle. &nbsp;Con Equo Arag\u00f3n hemos alcanzado acuerdos pol\u00edticos en temas tan importantes como el embalse de Biscarru\u00e9s, la elevaci\u00f3n de aguas del Ebro o el recrecimiento de Yesa; &nbsp;personas de Equo en listas auton\u00f3micas y municipales y un acuerdo econ\u00f3mico.<\/span><\/p>\n<p style=\"text-align: justify;\"><span style=\"font-weight: 400;\">Tambi\u00e9n aprobamos que los acuerdos de confluencia en Arag\u00f3n deben ser globales, es decir, los mismos en el plano auton\u00f3mico y el municipal, con el fin de reforzar los municipios que con tantas dificultades han trabajado estos cuatro a\u00f1os, y que los acuerdos, papeletas y actores sean equivalentes en las auton\u00f3micas y en las municipales. &nbsp;&nbsp;&nbsp;&nbsp;&nbsp;&nbsp;&nbsp;&nbsp;&nbsp;&nbsp;&nbsp;&nbsp;&nbsp;&nbsp;&nbsp;&nbsp;&nbsp;&nbsp;&nbsp;&nbsp;&nbsp;&nbsp;&nbsp;&nbsp;&nbsp;&nbsp;&nbsp;&nbsp;&nbsp;&nbsp;&nbsp;&nbsp;&nbsp;&nbsp;&nbsp;&nbsp;&nbsp;&nbsp;&nbsp;&nbsp;&nbsp;<\/span><\/p>\n<p style=\"text-align: justify;\"><span style=\"font-weight: 400;\">Desde que trasladamos la oferta a IU Arag\u00f3n hasta el Consejo Ciudadano de marzo pas\u00f3 m\u00e1s de un mes, un mes en el que las posiciones de IU Arag\u00f3n no solo no se acercaron a las nuestras, sino que mantuvieron una posici\u00f3n en la que sus pretensiones eran totalmente inasumibles e inaceptables por Podemos Arag\u00f3n.<\/span><\/p>\n<p style=\"text-align: justify;\"><span style=\"font-weight: 400;\">Entre tanto, la <\/span><b>Ponencia de Zaragoza en Com\u00fan<\/b><span style=\"font-weight: 400;\"> lleg\u00f3 a su final, con la constataci\u00f3n de que <\/span><b>las propuestas de Podemos Arag\u00f3n no hab\u00edan sido aceptadas<\/b><span style=\"font-weight: 400;\">. En un Plenario celebrado a finales de febrero, varias personas de Podemos defendimos las enmiendas que presentamos junto a Equo, sobre cuestiones como que el censo de Podemos pudiera votar en la Primarias de ZeC (algo perfectamente legal y posible a nivel t\u00e9cnico), que la forma de Primarias separara al cabeza de lista del cuerpo (con el \u00e1nimo de salvaguardar la candidatura del actual alcalde Pedro Santisteve), que el reparto de porcentaje en la confluencia incluyese a Equo, que los recursos econ\u00f3micos de la DPZ se guardaran para el apoyo a los Ayuntamientos de la provincia, que se limitaran los sueldos de cargos p\u00fablicos y que ZeC cobrara \u00edntegramente la subvenci\u00f3n municipal para nutrirse como organizaci\u00f3n y grupo municipal, etc. En dicho Plenario se constat\u00f3 lo que ya sab\u00edamos, que IU tiene mayor\u00eda en el espacio de toma de decisiones y que el sector de Comunes tambi\u00e9n rechazaba nuestras propuestas. As\u00ed, de las 170 personas presentes, 120 votaron NO a todas las enmiendas del Grupo de Barrios y a las enmiendas de Podemos y Equo, que fueron rechazadas con aplausos. <\/span><\/p>\n<p style=\"text-align: justify;\"><span style=\"font-weight: 400;\">Tras ello, Podemos Arag\u00f3n analizamos que <\/span><b>lo aprobado en ZeC no era compatible con los documentos, c\u00f3digos \u00e9ticos y tablas salariales de Podemos y en el Consejo Ciudadano de marzo decidimos que en esas condiciones Podemos no pod\u00eda concurrir a las primarias de ZeC. <\/b><\/p>\n<p style=\"text-align: justify;\"><span style=\"font-weight: 400;\">El anuncio de esa decisi\u00f3n, junto a la del acuerdo de confluencia con Equo en Arag\u00f3n, pero no con IU, l\u00f3gicamente despert\u00f3 las reacciones de personas que ve\u00edan frustrada su voluntad de \u201cunidad de la izquierda\u201d. Durante estos d\u00edas hay voces de gentes diversas que piden entendimiento y buscan las posibilidades de un acuerdo, aunque sea in extremis. <\/span><\/p>\n<p style=\"text-align: justify;\"><span style=\"font-weight: 400;\">Esa misma tarde, a trav\u00e9s de una nota enviada a Heraldo de Arag\u00f3n, nos enteramos del anuncio de que \u201cPodemos en Com\u00fan\u201d, la candidatura que perdi\u00f3 las primarias de Podemos en Zaragoza con un 30% de los votos, iba a incumplir los acuerdos adoptados y se iba a presentar a las Primarias de ZeC. Y, adem\u00e1s, denunciaba en Garant\u00edas de Podemos a la direcci\u00f3n auton\u00f3mica, algo que a d\u00eda de hoy desconocemos si se ha hecho formalmente, pero toda la informaci\u00f3n la he dirigido a Pablo Echenique, Secretario de Organizaci\u00f3n de Podemos, para su conocimiento en el \u00e1mbito de sus competencias. <\/span><\/p>\n<p style=\"text-align: justify;\"><span style=\"font-weight: 400;\">Entre tanto, en otras latitudes aragonesas, Ganar (la plataforma de IU en Teruel) ya ha convocado sus Primarias sin contar con Podemos. Y se ha presentado \u201c<\/span><b>Con Huesca<\/b><span style=\"font-weight: 400;\">\u201d, plataforma oscense de personas independientes de Huesca a la que hemos mostrado apoyo y en la que ya estamos trabajando y sumando personas y colectivos para el Ayuntamiento de Huesca. Adem\u00e1s, en muchas localidades aragonesas est\u00e1n listos ya equipos para presentarse a las elecciones municipales.<\/span><\/p>\n<p style=\"text-align: justify;\"><span style=\"font-weight: 400;\">Como no puede ser de otra manera, estos d\u00edas <\/span><b>se han sucedido las conversaciones<\/b><span style=\"font-weight: 400;\"> con much\u00edsimas personas. La semana pasada, me reun\u00ed con Pedro Santisteve y Luisa Broto, con quienes constat\u00e9 la voluntad de acuerdo con Podemos. Sin embargo, desde la Coordinadora y el Plenario de ZeC, que han celebrado reuniones posteriores al Plenario en el que se rechazaron las propuestas de Podemos y Equo, no se ha emitido propuesta alguna para reconducir la situaci\u00f3n. <\/span><\/p>\n<p style=\"text-align: justify;\"><span style=\"font-weight: 400;\">Por parte de IU Arag\u00f3n, tampoco. No ha habido movimiento alguno. <\/span><\/p>\n<p style=\"text-align: justify;\"><b>A partir de aqu\u00ed, \u00bfqu\u00e9 hacemos?<\/b><\/p>\n<p style=\"text-align: justify;\"><b>\u00bfC\u00f3mo lo vamos a hacer?<\/b><\/p>\n<p style=\"text-align: justify;\"><span style=\"font-weight: 400;\">A d\u00eda de hoy, si IU Arag\u00f3n verdaderamente apuesta por conformar candidaturas unitarias con Podemos Arag\u00f3n, <\/span><b>mantenemos nuestra oferta razonable y generosa<\/b><span style=\"font-weight: 400;\"> y seguimos abiertos al di\u00e1logo. Aunque el Consejo Ciudadano de Podemos Arag\u00f3n ya asume que vamos sin IU, seguimos dispuestos a trabajar la confluencia si IU acepta nuestra propuesta. A d\u00eda de hoy, seguimos trabajando para conseguir confluencias, y en esa l\u00ednea Podemos Arag\u00f3n y Equo Arag\u00f3n tenemos un preacuerdo para configurar equipos conjuntos y concurrir juntos al Gobierno de Arag\u00f3n y a los diferentes ayuntamientos. &nbsp;<\/span><\/p>\n<p style=\"text-align: justify;\"><span style=\"font-weight: 400;\">En el caso de ZeC, lo mismo. Si <\/span><b>el Plenario integra las propuestas que planteamos Podemos y Equo<\/b><span style=\"font-weight: 400;\">, estamos convencidas de que todas saldremos reforzadas. Respetamos las decisiones de un \u00f3rgano soberano como es el Plenario de ZeC, que &nbsp;tom\u00f3 formalmente una decisi\u00f3n. No tengo ninguna duda de la buena voluntad de todas las organizaciones para escuchar las demandas de la ciudadan\u00eda, pero han de ser los \u00f3rganos democr\u00e1ticamente elegidos los que deber\u00e1n dar los pasos para encontrarnos en el camino, con <\/span><b>generosidad y altura de miras<\/b><span style=\"font-weight: 400;\">, como nos pide el momento actual. <\/span><\/p>\n<p style=\"text-align: justify;\"><span style=\"font-weight: 400;\">El Consejo Ciudadano de Podemos Arag\u00f3n decidi\u00f3 dejar abierta a cualquier propuesta que nos llegue. El propio Pablo Iglesias me expres\u00f3 que el acuerdo pasa hoy por hoy por <\/span><b>qu\u00e9 otros actores cedan en sus pretensiones, porque nuestras propuestas son generosas. <\/b><\/p>\n<p style=\"text-align: justify;\"><span style=\"font-weight: 400;\">Estamos a dos meses de unas elecciones generales y a tres meses de unas auton\u00f3micas, municipales y europeas. Los plazos legales aprietan, pero sobre todo, lo que m\u00e1s nos urge es que transmitamos con claridad a todos los aragoneses cu\u00e1les son las propuestas, el programa, las soluciones que defendemos, con qu\u00e9 marca y de qu\u00e9 manera. Por eso ya estamos trabajando a fondo en la campa\u00f1a auton\u00f3mica y en las municipales, en cada lugar de Arag\u00f3n. Podemos ya hemos celebrado primarias abiertas, transparentes y participativas en decenas de municipios, tambi\u00e9n en Zaragoza, y en las pr\u00f3ximas semanas concretaremos m\u00e1s listas. <\/span><\/p>\n<p style=\"text-align: justify;\"><span style=\"font-weight: 400;\">Ya tenemos muy avanzado el <\/span><b>programa<\/b><span style=\"font-weight: 400;\">, que emana de la participaci\u00f3n de muchas personas y organizaciones en las distintas \u00e1reas donde tenemos competencias municipales y auton\u00f3micas. Tambi\u00e9n estamos dise\u00f1ando una campa\u00f1a de t\u00fa a t\u00fa, muy cercana a la gente, para dialogar, compartir y afrontar cara a cara nuestras reivindicaciones y propuestas. <\/span><\/p>\n<p style=\"text-align: justify;\"><b>Estamos ilusionadas, tenemos ganas y una organizaci\u00f3n fortalecida con personas muy valiosas<\/b><span style=\"font-weight: 400;\">. Tenemos candidatas muy preparadas, que conocen su municipio y conocen Arag\u00f3n, que van a liderar muchos ayuntamientos. Tenemos una candidata magn\u00edfica para liderar el Gobierno de Ara\u01f5on, Maru D\u00edaz, y un conjunto hermoso de liderazgos colectivos en cada lugar. <\/span><\/p>\n<p style=\"text-align: justify;\"><span style=\"font-weight: 400;\">Durante esta legislatura, hemos aprendido a que <\/span><b>S\u00ed Se Puede<\/b><span style=\"font-weight: 400;\"> transformar nuestras reivindicaciones en propuestas y hechos que mejoran la vida de la gente. S\u00ed Se Puede, pero cuesta mucho. Nadie dijo que fuera f\u00e1cil aumentar las viviendas sociales, las ayudas a la instalaci\u00f3n de j\u00f3venes agricultores, frenar la precariedad laboral o detener las desigualdades y violencias machistas. <\/span><\/p>\n<p style=\"text-align: justify;\"><b>Llegar a las instituciones, incluso a gobernarlas, no significa alcanzar el poder<\/b><span style=\"font-weight: 400;\">, pero s\u00ed nos permite tener en nuestras manos algunos instrumentos administrativos con los que podemos poner en marcha acciones y proyectos que mejoran las vidas de muchas personas. As\u00ed, hemos visto c\u00f3mo somos capaces de asegurar la sanidad universal, de evitar los cierres de escuelas rurales, aprobar leyes tan relevantes como las de Memoria Hist\u00f3rica, Derechos Sexuales o Pobreza Energ\u00e9tica, entre otras muchas, fruto de un gran esfuerzo colectivo de muchas personas expertas, colectivos y movimientos sociales. <\/span><\/p>\n<p style=\"text-align: justify;\"><span style=\"font-weight: 400;\">Solo con una <\/span><b>sociedad implicada<\/b><span style=\"font-weight: 400;\">, que participa y llena de vida sus barrios y pueblos, somos capaces de transformar nuestra realidad. En las asociaciones vecinales, sociales, sindicales, feministas, culturales, de defensa del territorio, de desarrollo rural, econ\u00f3micas, etc. dise\u00f1amos las propuestas y experimentamos con las alternativas a este sistema tan injusto. <\/span><\/p>\n<p style=\"text-align: justify;\"><span style=\"font-weight: 400;\">Cuando alcanzamos gobiernos en Ayuntamientos o grupos parlamentarios que, sin llegar a gobernar, marcan el rumbo del gobierno de turno con nuestro empuje e impulso, demostramos que en nuestras manos las herramientas institucionales cobran de otro valor, benefician a la mayor\u00eda de la gente, demuestran que <\/span><b>merece la pena esta apuesta institucionalista<\/b><span style=\"font-weight: 400;\">. <\/span><\/p>\n<p style=\"text-align: justify;\"><span style=\"font-weight: 400;\">Tambi\u00e9n nos permite ver los <\/span><b>l\u00edmites de la instituci\u00f3n<\/b><span style=\"font-weight: 400;\">. Todo lo que nos somos capaces de alcanzar. Bien por la falta de apoyos de otros partidos a quienes necesitamos para alcanzar mayor\u00edas, bien por los recortes presupuestarios, bien por la merma de derechos y competencias municipales o auton\u00f3micas, o porque a veces no sabemos o no llegamos a hacerlo tan bien como nos gustar\u00eda. Los poderes econ\u00f3micos, los visibles y los invisibles, tienen las cartas marcadas en un sistema en el que hace falta ser inteligente para que pase la luz por las grietas que encontramos. <\/span><\/p>\n<p style=\"text-align: justify;\"><span style=\"font-weight: 400;\">As\u00ed, con <\/span><b>rasmia y valent\u00eda<\/b><span style=\"font-weight: 400;\">, nos hemos enfrentado a los privilegiados y a quienes m\u00e1s tienen, en nuestro af\u00e1n por repartir la riqueza y generar un espacio propicio para que todas las personas tengan oportunidades de realizarse, de trabajar con dignidad, de vivir en una casa saludable, de convivir en un entorno con seguridad y paz, que tengamos acceso a servicios p\u00fablicos de calidad, que echemos una mano y demos una segunda oportunidad a quienes peor lo pasan, y que corrijamos todos los defectos de una sociedad con desigualdades intolerables. <\/span><\/p>\n<p style=\"text-align: justify;\"><span style=\"font-weight: 400;\">En los \u00faltimos a\u00f1os, las <\/span><b>luchas feministas<\/b><span style=\"font-weight: 400;\">, la imparable lucha de las mujeres, la respuesta a las violencias machistas, han cobrado un protagonismo necesario que van a cristalizar en cambios sociales profundos, que traigan justicia e igualdad a una sociedad que discrimina y maltrata a m\u00e1s de la mitad de su gente. Este viernes, 8 de marzo, las calles de medio mundo van a vibrar de esperanza, de rebeld\u00eda y de futuro. De un futuro que ser\u00e1 feminista e igualitario, de fraternidad y esperanza para las m\u00e1s, para las de abajo, para todas las personas. <\/span><\/p>\n<p style=\"text-align: justify;\"><span style=\"font-weight: 400;\">En Arag\u00f3n, resurge otro movimiento hermanado con otros territorios vilipendiados de esta Espa\u00f1a que abandon\u00f3 a cientos de pueblos, que en Arag\u00f3n, Soria, Zamora, Guadalajara, Extremadura o Ja\u00e9n ven c\u00f3mo esta democracia neoliberal decide qu\u00e9 sitios prosperan y cu\u00e1les languidecen. Esta injusticia ha despertado la <\/span><b>revuelta de la Espa\u00f1a Vaciada<\/b><span style=\"font-weight: 400;\">, que el domingo 31 de marzo llenar\u00e1 las calles de Madrid con las reivindicaciones hist\u00f3ricas, que en Arag\u00f3n demandan hospitales e institutos, carreteras y conexi\u00f3n a internet, una Pol\u00edtica Agraria Com\u00fan justa, un desarrollo rural sostenible, una red decente de trenes o un mejor acceso a viviendas dignas, tierra y empleos de calidad. <\/span><\/p>\n<p style=\"text-align: justify;\"><span style=\"font-weight: 400;\">Otras <\/span><b>luchas<\/b><span style=\"font-weight: 400;\"> sindicales, de trabajadores que defienden sus derechos en la televisi\u00f3n p\u00fablica aragonesa, en los parques de Zaragoza, en los parques de bomberos de la provincia de Huesca o en Motorland, las movilizaciones constantes por unas pensiones dignas, el incipiente movimiento estudiantil para una reacci\u00f3n sensata frente al cambio clim\u00e1tico o las expresiones diversas de protestas y luchas solidarias, nos indican que nuestra sociedad no est\u00e1 dormida, que estamos vivos y que hay esperanza en muchos lugares. <\/span><\/p>\n<p style=\"text-align: justify;\"><span style=\"font-weight: 400;\">Enfrente, aquella Espa\u00f1a de las banderas en los balcones, del \u201ca por ellos\u201d, del puro en los toros y de odio a la diversidad y al progreso, va encajando en 3 partidos que se ofrecen como un conjunto a elegir: el PP es el partido m\u00e1s corrupto de Europa, \u201clos que roban, pero son los m\u00edos\u201d, el azul del bipartidismo que nos ha tra\u00eddo recortes, privatizaciones y mucho sufrimiento; Ciudadanos, el recambio tranquilo, ese invento precocinado como ant\u00edtesis de Podemos, esa marca blanca del PP que hoy, sin caretas, ya es parte de un bloque reaccionario que juega con las banderas arco\u00edris, el feminismo neoliberal o una imagen moderna que esconde lo m\u00e1s rancio de toda la vida; por \u00faltimo VOX aparece con fuerza en Andaluc\u00eda, para atravesar a caballo esta Espa\u00f1a en blanco y negro, que anhela tiempos de represi\u00f3n y mano dura contra todo lo distinto, esa derecha extrema que acabar\u00eda con el aborto, con los apoyos a las mujeres maltratadas y los derechos de los trabajadores. <\/span><\/p>\n<p style=\"text-align: justify;\"><span style=\"font-weight: 400;\">En Andaluc\u00eda, este <\/span><b>bloque reaccionario<\/b><span style=\"font-weight: 400;\"> ha alcanzado el Gobierno y ya vemos qu\u00e9 nos traen. Nuestra sanidad p\u00fablica, la educaci\u00f3n de calidad, los derechos y oportunidades, las libertades, est\u00e1n amenazados por las pol\u00edticas que ya hemos visto que precarizan nuestras vidas, nos traen m\u00e1s sufrimiento, m\u00e1s desigualdad y benefician a quienes m\u00e1s tienen. <\/span><\/p>\n<p style=\"text-align: justify;\"><span style=\"font-weight: 400;\">Menci\u00f3n aparte para un <\/span><b>PSOE con un l\u00edder resistente<\/b><span style=\"font-weight: 400;\">, Pedro S\u00e1nchez, que ha sido un Presidente fugaz fruto de una moci\u00f3n de censura a Rajoy que se logr\u00f3 con el empuje de Unidos Podemos, m\u00e1s que por las ganas de un PSOE que vive en el defraude constante. Un PSOE que con Pedro S\u00e1nchez recupera aire y tono de izquierdas, que <\/span><b>ha utilizado el Gobierno para fortalecer su imagen<\/b><span style=\"font-weight: 400;\"> y relanzarla ante un previsible escenario de adelanto electoral, con grupos medi\u00e1ticos que reman a su favor con mucho br\u00edo. Pero hechos, lo que se dicen hechos, muy pocos. El PSOE no ha afrontado con la mayor\u00eda de la moci\u00f3n de censura todo lo que se podr\u00eda haber logrado para mejorar las vidas de la mayor\u00eda de los espa\u00f1oles. La subida del Salario M\u00ednimo Interprofesional ha sido, quiz\u00e1s, el cambio material m\u00e1s notorio. Y lo hemos logrado gracias al tes\u00f3n de Unidos Podemos. Al igual que alcanzamos un buen acuerdo para unos Presupuestos sociales, que finalmente tumbaron PP, Ciudadanos y los partidos independentistas catalanes, y desembocaron como era previsible en un adelanto electoral. <\/span><\/p>\n<p style=\"text-align: justify;\"><span style=\"font-weight: 400;\">El <\/span><b>conflicto catal\u00e1n<\/b><span style=\"font-weight: 400;\"> marca con creces todo lo que est\u00e1 pasando en Espa\u00f1a. La incapacidad de resolver de forma democr\u00e1tica, mediante el di\u00e1logo y el acuerdo, ha provocado un choque de trenes de consecuencias terribles: represi\u00f3n en las calles, declaraci\u00f3n unilateral de independencia, pol\u00edticos presos, art\u00edculo 155, etc. Una excepcionalidad pol\u00edtica que est\u00e1 conduciendo a un callej\u00f3n sin salida, en la que los gobiernos de Rajoy y de S\u00e1nchez, Puigdemont y Torra, han sido incapaces de alcanzar espacio que atisbe un ciclo distinto, para la b\u00fasqueda de una salida pol\u00edtica dialogada para un conflicto que no hace bien ni a los catalanes ni a los espa\u00f1oles progresistas. <\/span><\/p>\n<p style=\"text-align: justify;\"><span style=\"font-weight: 400;\">Aqu\u00ed en Arag\u00f3n lo hemos visto bien. El acto celebrado en el pabell\u00f3n Siglo XXI, m\u00e1s all\u00e1 de su contenido en pos del di\u00e1logo y de una soluci\u00f3n pactada para esta Espa\u00f1a plurinacional, fue, en mi opini\u00f3n, un error garrafal en la forma. Este evento, que despert\u00f3 la ira de manifestantes descontrolados, fue otra vuelta de tuerca en los ataques contra Podemos, en un asunto, el territorial, que debemos reconocer que no hemos sido capaces de articular con claridad y con propuestas concretas, m\u00e1s all\u00e1 de una necesaria llamada al di\u00e1logo y a las soluciones democr\u00e1ticas. <\/span><\/p>\n<p style=\"text-align: justify;\"><span style=\"font-weight: 400;\">Por el contrario, el Presidente de Arag\u00f3n, <\/span><b>Javier Lamb\u00e1n<\/b><span style=\"font-weight: 400;\">, palmero de su diosa del socialismo, Susana D\u00edaz, no ha dudado en encontrar en Catalu\u00f1a la diana de sus dardos m\u00e1s grandilocuentes. El independentismo y el Gobierno de la Generalitat han sido el lugar m\u00e1s recurrente sobre el que el Presidente Lamb\u00e1n ha escondido su incapacidad y falta de rasmia, y hacia donde se ha despachado con gusto, en tuits, declaraciones y discursos. <\/span><\/p>\n<p style=\"text-align: justify;\"><span style=\"font-weight: 400;\">Catalu\u00f1a ha sido un hilo que ha cosido los afectos y <\/span><b>acercamientos entre el PSOE y Ciudadanos<\/b><span style=\"font-weight: 400;\">. Una alianza que, como reconoci\u00f3 el propio Pedro S\u00e1nchez en el \u201cSalvados\u201d de Jordi \u00c9vole, era el plan de las \u00e9lites en Espa\u00f1a. Era y es. No nos cabe duda de que si hay opciones para gobiernos locales o auton\u00f3micos, habr\u00e1 pactos entre PSOE y Ciudadanos. En Arag\u00f3n, en Zaragoza y muchas otras partes. <\/span><\/p>\n<p style=\"text-align: justify;\"><span style=\"font-weight: 400;\">En el plano estatal, veremos hasta d\u00f3nde llega S\u00e1nchez y si Rivera es capaz de sostener que no va a pactar con el PSOE. No se lo cree ni \u00e9l, como ya vimos en Andaluc\u00eda. <\/span><\/p>\n<p style=\"text-align: justify;\"><span style=\"font-weight: 400;\">Para terminar esta carta, voy a compartir algunas reflexiones pol\u00edticas. El nuevo ciclo pol\u00edtico puede empezar la noche del 26 de mayo de 2019. Pero \u00a1ojo! Porque el bipartidismo est\u00e1 herido de muerte y el pluripartidismo obliga a acuerdos a distintos niveles. No ser\u00e1 tan f\u00e1cil como anta\u00f1o alcanzar mayor\u00edas. La aritm\u00e9tica puede dar varios resultados. \u00bfY si se repite o mejora la suma de los partidos que propiciaron la moci\u00f3n de censura? \u00bfY si ganan PP, VOX y Ciudadanos? \u00bfY si PSOE y Ciudadanos quieren gobernar, pero necesitan nuestros votos?<\/span><\/p>\n<p style=\"text-align: justify;\"><span style=\"font-weight: 400;\">\u00bfY en Arag\u00f3n? \u00bfRepetiremos y mejoraremos la mayor\u00eda de Podemos-Equo, PSOE, CHA e IU? \u00bfLograremos superar en votos al PSOE de Lamb\u00e1n? \u00bfY si el PSOE prefiere un gobierno con Ciudadanos y el PAR, por ejemplo? <\/span><\/p>\n<p style=\"text-align: justify;\"><span style=\"font-weight: 400;\">Nos conviene pensar en todo esto, debatirlo en nuestras organizaciones, saber qu\u00e9 har\u00edamos en cada caso. Yo creo que el electorado merece saber qu\u00e9 escenarios se atisban. <\/span><\/p>\n<p style=\"text-align: justify;\"><span style=\"font-weight: 400;\">Por nuestra parte, <\/span><b>salimos a ganar<\/b><span style=\"font-weight: 400;\">. Con humildad y con fuerza, con ilusi\u00f3n y valent\u00eda. En Arag\u00f3n 2 diputados son 5.000 votos y creemos que si somos capaces de dar lo mejor de cada una de nosotras en estos meses, las y los aragoneses revalidar\u00e1n y aumentar\u00e1n la confianza en nosotras. Porque hemos demostrado que S\u00ed Se Puede, que no robamos, que gestionamos mejor, que no reblamos cuando se trata de combatir injusticias y defender los intereses de la mayor\u00eda, que necesitamos m\u00e1s tiempo para seguir avanzando, que aprendemos de nuestros propios errores y, frente a la amenaza del odio y la involuci\u00f3n, merecemos una sociedad mejor, m\u00e1s libre, justa e igualitaria. En eso estamos, all\u00e1 vamos. <\/span><\/p>\n<p style=\"text-align: justify;\"><span style=\"font-weight: 400;\">Cuando decimos que S\u00ed Se Puede es porque estamos convencidas. <\/span><b>S\u00ed Se Puede<\/b><span style=\"font-weight: 400;\">. <\/span><\/p>","protected":false},"excerpt":{"rendered":"<p>Estimadas amigas y amigos de Podemos y de los espacios del cambio en Arag\u00f3n, Siento que es mi obligaci\u00f3n escribiros [&hellip;]<\/p>\n","protected":false},"author":1,"featured_media":646,"comment_status":"open","ping_status":"closed","sticky":false,"template":"","format":"standard","meta":{"site-sidebar-layout":"default","site-content-layout":"","ast-site-content-layout":"default","site-content-style":"default","site-sidebar-style":"default","ast-global-header-display":"","ast-banner-title-visibility":"","ast-main-header-display":"","ast-hfb-above-header-display":"","ast-hfb-below-header-display":"","ast-hfb-mobile-header-display":"","site-post-title":"","ast-breadcrumbs-content":"","ast-featured-img":"","footer-sml-layout":"","ast-disable-related-posts":"","theme-transparent-header-meta":"","adv-header-id-meta":"","stick-header-meta":"","header-above-stick-meta":"","header-main-stick-meta":"","header-below-stick-meta":"","astra-migrate-meta-layouts":"default","ast-page-background-enabled":"default","ast-page-background-meta":{"desktop":{"background-color":"","background-image":"","background-repeat":"repeat","background-position":"center center","background-size":"auto","background-attachment":"scroll","background-type":"","background-media":"","overlay-type":"","overlay-color":"","overlay-opacity":"","overlay-gradient":""},"tablet":{"background-color":"","background-image":"","background-repeat":"repeat","background-position":"center center","background-size":"auto","background-attachment":"scroll","background-type":"","background-media":"","overlay-type":"","overlay-color":"","overlay-opacity":"","overlay-gradient":""},"mobile":{"background-color":"","background-image":"","background-repeat":"repeat","background-position":"center center","background-size":"auto","background-attachment":"scroll","background-type":"","background-media":"","overlay-type":"","overlay-color":"","overlay-opacity":"","overlay-gradient":""}},"ast-content-background-meta":{"desktop":{"background-color":"var(--ast-global-color-5)","background-image":"","background-repeat":"repeat","background-position":"center center","background-size":"auto","background-attachment":"scroll","background-type":"","background-media":"","overlay-type":"","overlay-color":"","overlay-opacity":"","overlay-gradient":""},"tablet":{"background-color":"var(--ast-global-color-5)","background-image":"","background-repeat":"repeat","background-position":"center center","background-size":"auto","background-attachment":"scroll","background-type":"","background-media":"","overlay-type":"","overlay-color":"","overlay-opacity":"","overlay-gradient":""},"mobile":{"background-color":"var(--ast-global-color-5)","background-image":"","background-repeat":"repeat","background-position":"center center","background-size":"auto","background-attachment":"scroll","background-type":"","background-media":"","overlay-type":"","overlay-color":"","overlay-opacity":"","overlay-gradient":""}},"_joinchat":[],"footnotes":""},"categories":[23],"tags":[123,120,124,69,53,112],"class_list":["post-645","post","type-post","status-publish","format-standard","has-post-thumbnail","hentry","category-sembrando","tag-confluencias","tag-elecciones-2019","tag-espacios-del-cambio","tag-podemos-aragon","tag-politica-aragonesa","tag-si-se-puede"],"_links":{"self":[{"href":"https:\/\/nachoescartin.es\/an\/wp-json\/wp\/v2\/posts\/645","targetHints":{"allow":["GET"]}}],"collection":[{"href":"https:\/\/nachoescartin.es\/an\/wp-json\/wp\/v2\/posts"}],"about":[{"href":"https:\/\/nachoescartin.es\/an\/wp-json\/wp\/v2\/types\/post"}],"author":[{"embeddable":true,"href":"https:\/\/nachoescartin.es\/an\/wp-json\/wp\/v2\/users\/1"}],"replies":[{"embeddable":true,"href":"https:\/\/nachoescartin.es\/an\/wp-json\/wp\/v2\/comments?post=645"}],"version-history":[{"count":0,"href":"https:\/\/nachoescartin.es\/an\/wp-json\/wp\/v2\/posts\/645\/revisions"}],"wp:featuredmedia":[{"embeddable":true,"href":"https:\/\/nachoescartin.es\/an\/wp-json\/wp\/v2\/media\/646"}],"wp:attachment":[{"href":"https:\/\/nachoescartin.es\/an\/wp-json\/wp\/v2\/media?parent=645"}],"wp:term":[{"taxonomy":"category","embeddable":true,"href":"https:\/\/nachoescartin.es\/an\/wp-json\/wp\/v2\/categories?post=645"},{"taxonomy":"post_tag","embeddable":true,"href":"https:\/\/nachoescartin.es\/an\/wp-json\/wp\/v2\/tags?post=645"}],"curies":[{"name":"wp","href":"https:\/\/api.w.org\/{rel}","templated":true}]}}