{"id":638,"date":"2019-03-07T11:09:30","date_gmt":"2019-03-07T11:09:30","guid":{"rendered":"http:\/\/nachoescartin.es\/?p=638"},"modified":"2019-03-07T11:09:30","modified_gmt":"2019-03-07T11:09:30","slug":"reclamaciones-de-la-espana-vaciada","status":"publish","type":"post","link":"https:\/\/nachoescartin.es\/an\/reclamaciones-de-la-espana-vaciada\/","title":{"rendered":"Reclamaciones de la Espa\u00f1a vaciada"},"content":{"rendered":"<p style=\"text-align: justify;\">Nacho Escart\u00edn.\u00a0<strong>Diputado en Las Cortes y Secretario General de Podemos Arag\u00f3n.<\/strong>\u00a0Paula Valero,\u00a0<strong>Diputada y candidata por Podemos Asturias a la Xunta del Principado de Asturias<\/strong>, Fernando Fern\u00e1ndez Such.\u00a0<strong>Candidato de Podemos al Congreso por Palencia<\/strong>, Carmen Ib\u00e1\u00f1ez,\u00a0<strong>candidata al Parlamento Europeo por Podemos Extremadura<\/strong>, Mae de la Concha,\u00a0<strong>Secretaria General de Podemos Islas Baleares y candidata al Senado por Menorca<\/strong>, Francisco Garrido,\u00a0<strong>Candidato al Parlamento Auton\u00f3mico de la Rioja<\/strong>, Mar\u00eda Gim\u00e9nez,\u00a0<strong>Diputada y candidata a la Asamblea de la Regi\u00f3n de Murcia<\/strong>, Beatriz Gasc\u00f3,\u00a0<strong>diputada y candidata a las Corts Valencianes<\/strong>, Susana G\u00f3mez,\u00a0<strong>Candidata de Podemos por Castell\u00f3n a las Corts Valencianes<\/strong>\u00a0y Ariel Jerez,\u00a0<strong>Profesor UCM y miembro del Consejo Ciudadano Estatal de Podemos.<\/strong><\/p>\n<p style=\"text-align: justify;\">El futuro del medio rural y la despoblaci\u00f3n es sin duda uno de los ejes principales de debate en las pr\u00f3ximas campa\u00f1as electorales. El bar\u00f3metro del CIS de febrero lo corrobora. El 88,5% de las personas encuestadas considera grave o muy grave el problema de la despoblaci\u00f3n. En el caso de los votantes de Unidos Podemos, se eleva al 89,6%.<\/p>\n<p style=\"text-align: justify;\">La Espa\u00f1a vaciada es la expresi\u00f3n de la desigualdad territorial m\u00e1s flagrante que se concreta en aspectos como las deficientes infraestructuras, escasas inversiones, financiaci\u00f3n inadecuada, barreras al ejercicio de los derechos sociales y un d\u00e9ficit de oportunidades a futuro. Es consecuencia de pol\u00edticas equivocadas al servicio de intereses econ\u00f3micos que determinan qu\u00e9 regiones prosperar\u00e1n, y cu\u00e1les quedar\u00e1n estancadas<strong>.\u00a0<\/strong>Por muchas banderas que cuelguen de los balcones, sin igualdad y justicia territorial no se construye una patria para todos.<\/p>\n<p style=\"text-align: justify;\">Todas las personas firmantes de este art\u00edculo tenemos una amplia trayectoria de compromiso por el mundo rural y vivimos en diversos pueblos de Espa\u00f1a. Nos unimos a este proyecto convencidas de una propuesta de pa\u00eds de pa\u00edses en la que la defensa de un mundo rural vivo y la soberan\u00eda alimentaria son ejes esenciales que llevamos a\u00f1os impulsando, a trav\u00e9s del trabajo en proyectos vitales, econ\u00f3micos, sociales, agrarios o desde el \u00e1mbito acad\u00e9mico. Nuestra mejor aportaci\u00f3n a las vidas de nuestros pueblos es defender estas banderas siendo capaces de traducir en propuestas pol\u00edticas concretas las soluciones a las demandas y necesidades de las personas que vivimos en el campo y en los municipios de peque\u00f1o y mediano tama\u00f1o. A las puertas de un trepidante ciclo electoral marcado por una larga campa\u00f1a pol\u00edtica de m\u00e1s de 3 meses, tenemos la oportunidad de construir propuestas atractivas y necesarias que marquen un camino diferente.<\/p>\n<p style=\"text-align: justify;\">Hace unos d\u00edas, se publicaba un art\u00edculo de Vidal Mat\u00e9 en la revista Euroganader\u00eda con el sugerente t\u00edtulo \u201c<a href=\"http:\/\/www.euroganaderia.eu\/ganaderia\/euroganaderia\/nuevas-elecciones--los-mismos-programas_5536_0_0_0_1_95820_4481023012830_in.html\" target=\"_blank\" rel=\"noopener\">Nuevas elecciones, los mismos programas<\/a>\u201d. Sin poner en duda el profundo conocimiento que este periodista tiene del sector, nos cuesta aceptar sin m\u00e1s lo que dice.\u00a0<em>\u201cllegue quien llegue al departamento, no es tiempo ni hay razones para inventarse nuevos objetivos, sino dar respuesta a los muchos pendientes que se repiten en cada legislatura, por breve que sea. Es tiempo, adem\u00e1s, a la vista del pasado, de hablar de prioridades en lugar de dispersarse con tantos objetivos por un te\u00f3rico querer abarcarlo todo, como lo pone de manifiesto el hecho de que las l\u00edneas program\u00e1ticas de Luis Planas sean una fotocopia de las 60 medidas de Miguel Arias Ca\u00f1ete continuadas por Isabel Garc\u00eda Tejerina.\u201d\u00a0<\/em>Esta frase nos deja helados y lejos de animar en la b\u00fasqueda de alternativas, act\u00faa como b\u00e1lsamo en un mundo rural y un sector agrario que s\u00ed que tiene claro que necesita para mejorar.\u00a0 Sin embargo, la verdad es que tiene parte de raz\u00f3n, y justo un mes de despu\u00e9s de ser nombrado Luis Planas, nuestro compa\u00f1ero Fernando Fern\u00e1ndez escrib\u00eda un art\u00edculo en P\u00fablico con el t\u00edtulo\u00a0<a href=\"https:\/\/blogs.publico.es\/mundo-rural\/2018\/07\/18\/mas-alla-del-ministro-planas-ampliar-y-superar-el-marco-del-ministerio-de-agricultura-pesca-y-alimentacion-en-un-contexto-de-oportunidad\/\" target=\"_blank\" rel=\"noopener\">\u201cM\u00e1s all\u00e1 del Ministro Planas\u201d<\/a><u>,<\/u>\u00a0donde se apuntaban una serie de iniciativas que nunca ser\u00edan abordadas por el nuevo Ministro de Agricultura.<\/p>\n<p style=\"text-align: justify;\">Hemos constatado una y otra vez los l\u00edmites en las pol\u00edticas del PP y del PSOE, cuyas opciones coinciden en limitar los cambios cuando afectan a los sectores m\u00e1s privilegiados y beneficiados por el sistema pol\u00edtico y econ\u00f3mico tradicional. Al poco tiempo de su nombramiento, en parte del sector agrario, y tambi\u00e9n entre las plataformas y redes sociales que trabajan desde diversos \u00e1mbitos en el medio rural, se extendi\u00f3 la misma sensaci\u00f3n. Daba igual si eran los mismos Directores Generales o los cambiaban, porque segu\u00edan las mismas personas en los puestos clave del Ministerio diciendo y haciendo las mismas cosas de siempre.\u00a0 El buen talante que ha mostrado el Sr Planas es muy importante en las relaciones pol\u00edticas, pero no es suficiente. Queremos dar pasos firmes que demuestren que existe un cambio en el rumbo de las cosas.<\/p>\n<p style=\"text-align: justify;\">En estos a\u00f1os de legislatura, tanto en el Congreso como en los Parlamentos Auton\u00f3micos, hemos sido muy conscientes de d\u00f3nde estaban nuestras diferencias con los gobiernos del PSOE y del PP y ha llegado la hora de reivindicarnos en un momento en el que una parte del espectro pol\u00edtico trata de adue\u00f1arse del relato rural y del monopolio en la defensa de esta realidad y del sector agrario.<\/p>\n<p style=\"text-align: justify;\">En primer lugar, desde el primer mes de legislatura, y en diversos parlamentos, as\u00ed como en el Congreso, hemos defendido y exigido la revisi\u00f3n, evaluaci\u00f3n y adaptaci\u00f3n de la Ley 45\/07 de Desarrollo Sostenible del Medio Rural para luego comenzar a aplicarla de una vez por todas. Lo hemos hecho, no porque pensemos que es la mejor ley posible, sino porque es un buen punto de partida, con un enfoque adecuado y sobre todo, legitimada ampliamente para impulsar una pol\u00edtica de estado para el desarrollo rural que es clave para dar respuesta al reto de la despoblaci\u00f3n. Adem\u00e1s, y pese a lo que hayan dicho el PP primero, y el PSOE despu\u00e9s, es posible aplicarla. Se necesitan 500 millones de euros todos los a\u00f1os de aporte extra del estado dirigidos a las comarcas con mayores dificultades estructurales, y la voluntad de suscribir los acuerdos necesarios entre las administraciones competentes para ejecutar los planes de zona que la ley establece como instrumentos.<\/p>\n<p style=\"text-align: justify;\">En segundo lugar, nosotros marcamos diferencias muy evidentes respecto a la futura PAC y a su forma de aplicaci\u00f3n por parte de nuestro pa\u00eds.\u00a0 PODEMOS es el \u00fanico partido que acabar\u00eda de una vez por todas con el sistema de reparto basado en los derechos hist\u00f3ricos que tanta desigualdad genera, al igual que aplicar\u00edamos el pago redistributivo a las peque\u00f1as y medianas explotaciones, y establecer\u00edamos un l\u00edmite claro, as\u00ed como una definici\u00f3n de agricultor activo que fuera real y no llena de subterfugios como la actual. Somos la formaci\u00f3n que impulsa de manera clara una serie de caminos innovadores y absolutamente necesarios relacionados con el apoyo estrat\u00e9gico a la ganader\u00eda extensiva y a la transici\u00f3n ecol\u00f3gica del modelo de producci\u00f3n. Somos el \u00fanico partido que impulsa de manera definitiva la tan necesaria flexibilizaci\u00f3n del paquete higi\u00e9nico sanitario para dar alas a las peque\u00f1as industrias agroalimentarias de calidad. Apoyamos de manera rotunda a la pesca artesanal, desarrollando los circuitos cortos de comercializaci\u00f3n e impulsamos con decisi\u00f3n la compra p\u00fablica alimentaria con criterios sociales y ambientales. Y tambi\u00e9n, c\u00f3mo no, la digitalizaci\u00f3n y la innovaci\u00f3n que tanto se pregona, pero accesible para todas las personas. Somos el \u00fanico partido que apostar\u00eda de manera evidente por proteger y conservar las variedades de semillas locales, y estamos convencidos que somos la \u00fanica formaci\u00f3n pol\u00edtica que ha tratado de impulsar una nueva pol\u00edtica de tierras acorde con los tiempos que consiguiera remover los obst\u00e1culos actuales que impiden el acceso a ella.<\/p>\n<p style=\"text-align: justify;\">Pero donde estamos absolutamente seguros que hay diferencias muy notables ser\u00eda en los aspectos relacionados con la regulaci\u00f3n de los mercados, la transparencia y la justicia en la cadena alimentaria.\u00a0 Nuestra posici\u00f3n ante los tratados de libre comercio es clara y en este sector pasa por la evaluaci\u00f3n previa del impacto y por no negociar con est\u00e1ndares ambientales, sociales y de salud por debajo de los nuestros.\u00a0 Los sectores productivos y las organizaciones agrarias lo han podido comprobar en numerosas ocasiones a lo largo de la legislatura.\u00a0 Hemos peleado y propuesto las medidas necesarias para afrontar la crisis de la fruta de hueso, o del sector de la cereza. Hemos vivido la frustraci\u00f3n de ver salir una regulaci\u00f3n sobre el etiquetado del origen de los productos l\u00e1cteos que desde el inicio era claramente insuficiente, o un proyecto de decreto del etiquetado de la miel que no resolv\u00eda el problema de los apicultores, o el absoluto desastre generado en el sector citr\u00edcola por la ratificaci\u00f3n del acuerdo con los pa\u00edses de \u00c1frica Meridional. La sinraz\u00f3n del gobierno del PSOE ha dejado una regulaci\u00f3n de la venta a p\u00e9rdidas mucho m\u00e1s abierta y subjetiva de lo que exist\u00eda anteriormente, y si hubiera tenido la voluntad de negociarlo antes de aprobar el RD Ley 20\/2018, hoy tendr\u00edamos una regulaci\u00f3n aceptable y resuelta, y no el \u201ctinglado\u201d que en este momento sufrimos. Nuestra convicci\u00f3n de la necesidad de un R\u00e9gimen Especial Agrario para Baleares y la revisi\u00f3n necesaria del POSEI Canario, que nadie en las islas pone en duda. Tenemos claro que en todos estos asuntos las diferencias ser\u00edan evidentes. No queremos llevar al sector al pasado y nuestro compromiso es igual de importante en el avance hacia una digitalizaci\u00f3n agraria, pero al alcance de todos y todas, al igual que la defensa de nuestro sector ante las consecuencias del Brexit o en los mercados internacionales.<\/p>\n<p style=\"text-align: justify;\">Por \u00faltimo, somos la formaci\u00f3n pol\u00edtica que tiene absolutamente claro, que el futuro del medio rural, y el futuro de las ciudades est\u00e1n unidos y quien quiera separarlos est\u00e1 manipulando la realidad. La alimentaci\u00f3n sana y de calidad, y el deseo de los habitantes de las ciudades de conservar y cuidar el medio ambiente son los puntos de conexi\u00f3n que impulsamos con numerosas iniciativas.<\/p>\n<p style=\"text-align: justify;\">Las organizaciones agrarias, las cooperativas agroalimentarias, los sindicatos que defienden a los trabajadores agr\u00edcolas, las redes y plataformas de desarrollo rural, las organizaciones ecologistas, las asociaciones de pescadores que defienden la pesca sostenible, y la mayor\u00eda de nuestros vecinos y vecinas de nuestros pueblos saben todo esto.<\/p>\n<p style=\"text-align: justify;\"><strong>La gente de PODEMOS tenemos la honesta determinaci\u00f3n de llevar a las instituciones las soluciones que plantean personas y organizaciones por un mundo rural vivo y por la soberan\u00eda alimentaria<\/strong>. Para lograrlo hace falta construir la confianza de la ciudadan\u00eda de nuestros pueblos y del sector agrario y ganadero m\u00e1s all\u00e1 de estigmas, noticias falsas y bulos intencionados. Aspiramos a obtener una alta representaci\u00f3n en el medio rural que se corresponda con la claridad y determinaci\u00f3n de nuestras propuestas, y los sondeos nos muestran cada d\u00eda nuestra capacidad de crecimiento.<\/p>\n<p style=\"text-align: justify;\">En esta pasada legislatura hemos presentado y defendido, miles de iniciativas en todos los parlamentos auton\u00f3micos sobre estos asuntos y que han sido aprobadas con mayor\u00edas y muchas de ellas por unanimidad. La diferencia con el resto de los partidos es que nosotros las pondremos en pr\u00e1ctica o forzaremos a quien gobierne a hacerlo. Hemos estado en las sucesivas movilizaciones del sector tanto en los niveles auton\u00f3micos, como en el estado<strong>. Las organizaciones agrarias y rurales, saben que hemos trasladado y traducido sus propuestas en forma de iniciativas<\/strong>. Para lograr esta mayor\u00eda en defensa de los pueblos y de los sectores rurales y agrarios debemos esforzarnos en tres pasos importantes: Primero, fortalecer una estructura arraigada y presente en los municipios rurales y en las comarcas, y para ello, nuestra apuesta desde hace meses es lograr presentar el m\u00e1ximo n\u00famero de candidaturas de calidad, con personas honestas, comprometidas, pero tambi\u00e9n formadas y con experiencia. Segundo, despejar pol\u00e9micas est\u00e9riles desde el respeto y el di\u00e1logo con la realidad social y cultural. Convencidos de que es posible mediar y buscar formas de avanzar para lo que no valen posiciones absolutistas. Y tercero, expresar nuestras propuestas y acciones con claridad, con palabras llanas y directas, de t\u00fa a t\u00fa. M\u00e1s all\u00e1 de las redes sociales, el contacto directo y cotidiano con las vecinas y vecinos de nuestros pueblos es esencial.<\/p>\n<p style=\"text-align: justify;\">Nuestros pueblos son lugares preciosos y especiales en los que queremos construir un modelo de desarrollo inclusivo, participativo, local, sostenible, igualitario y al menos, las personas firmantes de este art\u00edculo, junto a las muchas que se presentan en las candidaturas de municipios peque\u00f1os y medianos, estaremos mano a mano con la mayor\u00eda de nuestras vecindades.<\/p>\n<p style=\"text-align: justify;\">Recuerden, SI SE PUEDE.<\/p>\n<p>El futuro del medio rural en el medio del debate pol\u00edtico www.agroinformacion.com<\/p>","protected":false},"excerpt":{"rendered":"<p>Nacho Escart\u00edn.\u00a0Diputado en Las Cortes y Secretario General de Podemos Arag\u00f3n.\u00a0Paula Valero,\u00a0Diputada y candidata por Podemos Asturias a la Xunta [&hellip;]<\/p>\n","protected":false},"author":1,"featured_media":639,"comment_status":"open","ping_status":"closed","sticky":false,"template":"","format":"standard","meta":{"site-sidebar-layout":"default","site-content-layout":"","ast-site-content-layout":"default","site-content-style":"default","site-sidebar-style":"default","ast-global-header-display":"","ast-banner-title-visibility":"","ast-main-header-display":"","ast-hfb-above-header-display":"","ast-hfb-below-header-display":"","ast-hfb-mobile-header-display":"","site-post-title":"","ast-breadcrumbs-content":"","ast-featured-img":"","footer-sml-layout":"","ast-disable-related-posts":"","theme-transparent-header-meta":"","adv-header-id-meta":"","stick-header-meta":"","header-above-stick-meta":"","header-main-stick-meta":"","header-below-stick-meta":"","astra-migrate-meta-layouts":"default","ast-page-background-enabled":"default","ast-page-background-meta":{"desktop":{"background-color":"","background-image":"","background-repeat":"repeat","background-position":"center center","background-size":"auto","background-attachment":"scroll","background-type":"","background-media":"","overlay-type":"","overlay-color":"","overlay-opacity":"","overlay-gradient":""},"tablet":{"background-color":"","background-image":"","background-repeat":"repeat","background-position":"center center","background-size":"auto","background-attachment":"scroll","background-type":"","background-media":"","overlay-type":"","overlay-color":"","overlay-opacity":"","overlay-gradient":""},"mobile":{"background-color":"","background-image":"","background-repeat":"repeat","background-position":"center center","background-size":"auto","background-attachment":"scroll","background-type":"","background-media":"","overlay-type":"","overlay-color":"","overlay-opacity":"","overlay-gradient":""}},"ast-content-background-meta":{"desktop":{"background-color":"var(--ast-global-color-5)","background-image":"","background-repeat":"repeat","background-position":"center center","background-size":"auto","background-attachment":"scroll","background-type":"","background-media":"","overlay-type":"","overlay-color":"","overlay-opacity":"","overlay-gradient":""},"tablet":{"background-color":"var(--ast-global-color-5)","background-image":"","background-repeat":"repeat","background-position":"center center","background-size":"auto","background-attachment":"scroll","background-type":"","background-media":"","overlay-type":"","overlay-color":"","overlay-opacity":"","overlay-gradient":""},"mobile":{"background-color":"var(--ast-global-color-5)","background-image":"","background-repeat":"repeat","background-position":"center center","background-size":"auto","background-attachment":"scroll","background-type":"","background-media":"","overlay-type":"","overlay-color":"","overlay-opacity":"","overlay-gradient":""}},"_joinchat":[],"footnotes":""},"categories":[23],"tags":[62,28,119,94,120,111,121,122,69,53],"class_list":["post-638","post","type-post","status-publish","format-standard","has-post-thumbnail","hentry","category-sembrando","tag-alternativas","tag-aragon","tag-desigualdad-territorial","tag-despoblacion","tag-elecciones-2019","tag-espana-vaciada","tag-medio-rural","tag-nuestros-pueblos","tag-podemos-aragon","tag-politica-aragonesa"],"_links":{"self":[{"href":"https:\/\/nachoescartin.es\/an\/wp-json\/wp\/v2\/posts\/638","targetHints":{"allow":["GET"]}}],"collection":[{"href":"https:\/\/nachoescartin.es\/an\/wp-json\/wp\/v2\/posts"}],"about":[{"href":"https:\/\/nachoescartin.es\/an\/wp-json\/wp\/v2\/types\/post"}],"author":[{"embeddable":true,"href":"https:\/\/nachoescartin.es\/an\/wp-json\/wp\/v2\/users\/1"}],"replies":[{"embeddable":true,"href":"https:\/\/nachoescartin.es\/an\/wp-json\/wp\/v2\/comments?post=638"}],"version-history":[{"count":0,"href":"https:\/\/nachoescartin.es\/an\/wp-json\/wp\/v2\/posts\/638\/revisions"}],"wp:featuredmedia":[{"embeddable":true,"href":"https:\/\/nachoescartin.es\/an\/wp-json\/wp\/v2\/media\/639"}],"wp:attachment":[{"href":"https:\/\/nachoescartin.es\/an\/wp-json\/wp\/v2\/media?parent=638"}],"wp:term":[{"taxonomy":"category","embeddable":true,"href":"https:\/\/nachoescartin.es\/an\/wp-json\/wp\/v2\/categories?post=638"},{"taxonomy":"post_tag","embeddable":true,"href":"https:\/\/nachoescartin.es\/an\/wp-json\/wp\/v2\/tags?post=638"}],"curies":[{"name":"wp","href":"https:\/\/api.w.org\/{rel}","templated":true}]}}