{"id":632,"date":"2019-03-04T10:26:58","date_gmt":"2019-03-04T10:26:58","guid":{"rendered":"http:\/\/nachoescartin.es\/?p=632"},"modified":"2019-03-04T10:26:58","modified_gmt":"2019-03-04T10:26:58","slug":"maru-diaz-nuestra-candidata-a-la-presidencia-de-aragon","status":"publish","type":"post","link":"https:\/\/nachoescartin.es\/an\/maru-diaz-nuestra-candidata-a-la-presidencia-de-aragon\/","title":{"rendered":"Maru D\u00edaz, nuestra candidata a la Presidencia de Arag\u00f3n"},"content":{"rendered":"<ul>\n<li style=\"text-align: justify;\">Ya conocemos a los candidatos de los principales partidos aragoneses.<\/li>\n<\/ul>\n<p style=\"text-align: justify;\"><strong>Javier Lamb\u00e1n<\/strong>, actual Presidente de Arag\u00f3n, repite como l\u00edder indiscutible del PSOE en Arag\u00f3n, sin necesidad de Primarias ni procesos internos. Lamb\u00e1n lleva tiempo de campa\u00f1a y sobran las palabras para describirlo, ya que lleva casi 40 a\u00f1os dedicado a la pol\u00edtica profesional. En los \u00faltimos tiempos ha destacado su apoyo a Susana D\u00edaz, sus coqueteos con los discursos y bajadas de impuestos a quienes m\u00e1s tienen junto a Ciudadanos y al PP, y sus declaraciones grandilocuentes. Aqu\u00ed una peque\u00f1a muestra:<br \/>\nEl alcalde de Zaragoza \u201cno tiene nada en la cabeza\u201d (29\/05\/16).<br \/>\n\u00abSusana D\u00edaz es una trianera tocada por los dioses del socialismo y de la pol\u00edtica\u00bb (09\/12\/2016)<br \/>\nSobre el grupo de Heraldo, en pleno conflicto laboral: \u201dorgulloso de la creciente proyecci\u00f3n del grupo aragon\u00e9s Henneo\u201d (17\/12\/18).<br \/>\nSobre el conflicto catal\u00e1n \u201cla soluci\u00f3n no pasa por pactar ni por buscar pol\u00edticas de apaciguamiento\u201d (22\/12\/18).<\/p>\n<p style=\"text-align: justify;\">Lamb\u00e1n defini\u00f3 recientemente como \u201cinnecesaria\u201d la manifestaci\u00f3n m\u00e1s multitudinaria en Teruel desde 2001, 12.000 personas en defensa de la sanidad p\u00fablica (09\/02\/19).<\/p>\n<p style=\"text-align: justify;\">El candidato del PP en Arag\u00f3n, elegido por Pablo Casado, es <strong>Luis Mari Beamonte<\/strong>, otro pol\u00edtico que ha llevado una vida en paralelo a la de Javier Lamb\u00e1n. Han sido compa\u00f1eros durante tres d\u00e9cadas en Ayuntamientos, comarcas y Diputaci\u00f3n Provincial de Zaragoza. En esta legislatura han teatralizado sus diferencias, como hemos visto en inf\u00e9rtiles rifirrafes en las Cortes de Arag\u00f3n, tratando de instalar ese ping pongo del \u201cY t\u00fa m\u00e1s\u201d que durante varias d\u00e9cadas ha funcionado al bipartidismo.<\/p>\n<p style=\"text-align: justify;\">El \u00faltimo candidato anunciado es el de Ciudadanos en Arag\u00f3n, elegido en un proceso en el que le votaron 330 personas. <strong>Daniel P\u00e9rez<\/strong> viene de la direcci\u00f3n de Onda Cero y Antena3 en Arag\u00f3n. Pol\u00edticamente viene del PP, donde era un militante activo, como tantos otros que se est\u00e1n pasando a Ciudadanos desde el PP y el PAR. El partido de la renovaci\u00f3n es el refugio de personas de derechas de toda la vida y P\u00e9rez no es una excepci\u00f3n. Como opinador, son nutridas sus declaraciones muy parecidas a las de Lamb\u00e1n, con un tono falt\u00f3n y tendencioso, especialmente con el tema catal\u00e1n y sus ataques al Ayuntamiento de Zaragoza que, como Lamb\u00e1n, son sus dianas.<\/p>\n<p style=\"text-align: justify;\">En esta legislatura, Ciudadanos y PP pactaron con el Gobierno de Lamb\u00e1n la rebaja de los impuestos a las herencias m\u00e1s altas en Arag\u00f3n. Una reforma que el PSOE argument\u00f3 con razones incoherentes. \u00bfQu\u00e9 opina Lamb\u00e1n de las declaraciones del candidato de Ciudadanos en Arag\u00f3n? \u201cLo que procede con ese impuesto es abolirlo en su totalidad -sin l\u00edmites, ni condiciones- en la medida en que se trata de un atraco injustificable\u201d (09\/05\/18). \u00bfCon qu\u00e9 ingresos, de qu\u00e9 presupuestos, pagar\u00edan los hospitales de Alca\u00f1iz y Teruel, los centros de salud y colegios de Zaragoza o los institutos de Bin\u00e9far o La Puebla de Alfind\u00e9n, por citar solo unos ejemplos?<\/p>\n<p style=\"text-align: justify;\">Frente a estos candidatos, Lamb\u00e1n, Beamonte y P\u00e9rez,<strong> Maru D\u00edaz<\/strong>, nuestra candidata, la \u00fanica mujer elegida en un proceso de Primarias en el que sum\u00f3 1311 votos. Maru D\u00edaz puede presidir el futuro Gobierno de Arag\u00f3n, es la alternativa para asegurar justicia, derechos, libertades y oportunidades para la mayor\u00eda de los aragoneses y no solo para quienes m\u00e1s tienen. Os invito a conocer mejor a Maru D\u00edaz a trav\u00e9s de ella misma y su p\u00e1gina web: <a href=\"http:\/\/www.marudiaz.es\" target=\"_blank\" rel=\"noopener\"><strong>marudiaz.es<\/strong><\/a><\/p>","protected":false},"excerpt":{"rendered":"<p>Ya conocemos a los candidatos de los principales partidos aragoneses. Javier Lamb\u00e1n, actual Presidente de Arag\u00f3n, repite como l\u00edder indiscutible [&hellip;]<\/p>\n","protected":false},"author":1,"featured_media":633,"comment_status":"open","ping_status":"closed","sticky":false,"template":"","format":"standard","meta":{"site-sidebar-layout":"default","site-content-layout":"","ast-site-content-layout":"default","site-content-style":"default","site-sidebar-style":"default","ast-global-header-display":"","ast-banner-title-visibility":"","ast-main-header-display":"","ast-hfb-above-header-display":"","ast-hfb-below-header-display":"","ast-hfb-mobile-header-display":"","site-post-title":"","ast-breadcrumbs-content":"","ast-featured-img":"","footer-sml-layout":"","ast-disable-related-posts":"","theme-transparent-header-meta":"","adv-header-id-meta":"","stick-header-meta":"","header-above-stick-meta":"","header-main-stick-meta":"","header-below-stick-meta":"","astra-migrate-meta-layouts":"default","ast-page-background-enabled":"default","ast-page-background-meta":{"desktop":{"background-color":"","background-image":"","background-repeat":"repeat","background-position":"center center","background-size":"auto","background-attachment":"scroll","background-type":"","background-media":"","overlay-type":"","overlay-color":"","overlay-opacity":"","overlay-gradient":""},"tablet":{"background-color":"","background-image":"","background-repeat":"repeat","background-position":"center center","background-size":"auto","background-attachment":"scroll","background-type":"","background-media":"","overlay-type":"","overlay-color":"","overlay-opacity":"","overlay-gradient":""},"mobile":{"background-color":"","background-image":"","background-repeat":"repeat","background-position":"center center","background-size":"auto","background-attachment":"scroll","background-type":"","background-media":"","overlay-type":"","overlay-color":"","overlay-opacity":"","overlay-gradient":""}},"ast-content-background-meta":{"desktop":{"background-color":"var(--ast-global-color-5)","background-image":"","background-repeat":"repeat","background-position":"center center","background-size":"auto","background-attachment":"scroll","background-type":"","background-media":"","overlay-type":"","overlay-color":"","overlay-opacity":"","overlay-gradient":""},"tablet":{"background-color":"var(--ast-global-color-5)","background-image":"","background-repeat":"repeat","background-position":"center center","background-size":"auto","background-attachment":"scroll","background-type":"","background-media":"","overlay-type":"","overlay-color":"","overlay-opacity":"","overlay-gradient":""},"mobile":{"background-color":"var(--ast-global-color-5)","background-image":"","background-repeat":"repeat","background-position":"center center","background-size":"auto","background-attachment":"scroll","background-type":"","background-media":"","overlay-type":"","overlay-color":"","overlay-opacity":"","overlay-gradient":""}},"_joinchat":[],"footnotes":""},"categories":[24],"tags":[28,116,117,118,69],"class_list":["post-632","post","type-post","status-publish","format-standard","has-post-thumbnail","hentry","category-desbrozando","tag-aragon","tag-candidata","tag-candidatos","tag-maru-diaz","tag-podemos-aragon"],"_links":{"self":[{"href":"https:\/\/nachoescartin.es\/an\/wp-json\/wp\/v2\/posts\/632","targetHints":{"allow":["GET"]}}],"collection":[{"href":"https:\/\/nachoescartin.es\/an\/wp-json\/wp\/v2\/posts"}],"about":[{"href":"https:\/\/nachoescartin.es\/an\/wp-json\/wp\/v2\/types\/post"}],"author":[{"embeddable":true,"href":"https:\/\/nachoescartin.es\/an\/wp-json\/wp\/v2\/users\/1"}],"replies":[{"embeddable":true,"href":"https:\/\/nachoescartin.es\/an\/wp-json\/wp\/v2\/comments?post=632"}],"version-history":[{"count":0,"href":"https:\/\/nachoescartin.es\/an\/wp-json\/wp\/v2\/posts\/632\/revisions"}],"wp:featuredmedia":[{"embeddable":true,"href":"https:\/\/nachoescartin.es\/an\/wp-json\/wp\/v2\/media\/633"}],"wp:attachment":[{"href":"https:\/\/nachoescartin.es\/an\/wp-json\/wp\/v2\/media?parent=632"}],"wp:term":[{"taxonomy":"category","embeddable":true,"href":"https:\/\/nachoescartin.es\/an\/wp-json\/wp\/v2\/categories?post=632"},{"taxonomy":"post_tag","embeddable":true,"href":"https:\/\/nachoescartin.es\/an\/wp-json\/wp\/v2\/tags?post=632"}],"curies":[{"name":"wp","href":"https:\/\/api.w.org\/{rel}","templated":true}]}}