{"id":618,"date":"2019-02-19T09:15:08","date_gmt":"2019-02-19T09:15:08","guid":{"rendered":"http:\/\/nachoescartin.es\/?p=618"},"modified":"2019-02-19T09:15:08","modified_gmt":"2019-02-19T09:15:08","slug":"recuerdas-los-motivos-por-los-que-votaste-a-podemos","status":"publish","type":"post","link":"https:\/\/nachoescartin.es\/an\/recuerdas-los-motivos-por-los-que-votaste-a-podemos\/","title":{"rendered":"\u00bfRecuerdas los motivos por los que votaste a Podemos?"},"content":{"rendered":"<div class=\"im_message_wrap clearfix\">\n<div style=\"text-align: justify;\">Hace 4 a\u00f1os comenz\u00f3 esta aventura pol\u00edtica. Muchas personas, por primera vez, votamos con ilusi\u00f3n. Y entramos 14 diputados de Podemos en las Cortes de Arag\u00f3n.<\/div>\n<div style=\"text-align: justify;\">Estos casi 4 a\u00f1os han merecido la pena. Hemos dado lo mejor de nosotros mismos. Hemos salvado todas y cada una de las escuelas rurales aragonesas y se han contratado m\u00e1s maestras. Hemos evitado privatizaciones y precarizaci\u00f3n de la sanidad, potenciando las inversiones en la p\u00fablica y aumentando la plantilla de m\u00e9dicas y enfermeros. Hemos aumentado las ayudas a quienes m\u00e1s lo necesitan: personas precarias, excluidas, planes de empleo juvenil y de mujeres, lucha contra la violencia machista, ayudas al alquiler, a la instalaci\u00f3n de nuevos agricultores o a la labor de nuestras pymes.<\/div>\n<div style=\"text-align: justify;\">En el Ayuntamiento de Zaragoza hemos demostrado que somos capaces de gestionar bien. Que no robamos. Que gobernamos para la mayor\u00eda de las personas. Que la ciudad es mejor con una pol\u00edtica de las cosas sencillas: urbanismo que mejora las calles, espacios verdes mejor cuidados, movilidad accesible para todas las personas, energ\u00edas limpias, cultura popular y por todos los barrios, justicia social, pol\u00edticas de igualdad, reducci\u00f3n de impuestos para quienes menos tienen y m\u00e1s para los m\u00e1s ricos.<\/div>\n<\/div>\n<div style=\"text-align: justify;\">Hemos cometido errores, prou que s\u00ed. Y aprendemos de ellos para rectificar y aprender a ser mejores.<\/div>\n<div style=\"text-align: justify;\">Sabemos que en pol\u00edtica hemos de ponernos de acuerdo con otras formaciones. Con el PSOE nos ha tocado sufrir sus constantes bloqueos y pactos con PP y Ciudadanos para torpedear la gesti\u00f3n del Ayuntamiento de Zaragoza. En Arag\u00f3n nos ha tocado empujar constantemente al Gobierno de Lamb\u00e1n, para que no se olvidara de hacer pol\u00edticas progresistas. Y para evitar que pactara con PP, PAR y Ciudadanos, como ha hecho en algunas ocasiones, para bajar impuestos a quienes m\u00e1s poseen. A\u00fan as\u00ed, hemos logrado un mont\u00f3n de cosas que han mejorado las vidas de muchos aragoneses. Hemos contribuido a potenciar los servicios p\u00fablicos, hemos ganado en transparencia para evitar la corrupci\u00f3n y hemos abierto las instituciones a la participaci\u00f3n de mucha m\u00e1s gente.<\/div>\n<div style=\"text-align: justify;\">Hemos logrado sacar a Rajoy de la Moncloa, y decir adios al partido m\u00e1s corrupto de Europa. Dec\u00edan que no se pod\u00eda, pero logramos subir el Salario M\u00ednimo Interprofesional a 900 euros. Una vez m\u00e1s el PSOE se ha conformado con mucho menos de lo que podr\u00edamos haber logrado y ha traicionado las expectativas del gobierno de S\u00e1nchez: no han acabado con los aforamientos, ni con la Ley Mordaza, ni con la reforma laboral ni han llegado las inversiones pendientes a Arag\u00f3n ni la subida de las pensiones por ley.<\/div>\n<div style=\"text-align: justify;\">Hemos demostrado que Podemos es otra cosa. Y estamos orgullosos de los logros conseguidos. Mi voto, nuestros votos, han servido para muchas cosas.<\/div>\n<div style=\"text-align: justify;\">4 a\u00f1os despu\u00e9s, la pol\u00edtica no nos ha cambiado. Seguimos siendo los mismos de siempre, gente sencilla y corriente, con ideas y propuestas novedosas y valientes, que pensamos en lo com\u00fan antes que en lo individual, que seguimos ilusionadas y esperanzadas en los cambios que debemos potenciar.<\/div>\n<div style=\"text-align: justify;\">No es el momento de caer en el pesimismo ni de atrincherarnos. Seamos inteligentes, audaces, y demostremos, como ya lo estamos haciendo, que S\u00ed Se Puede y no queremos volver a una Espa\u00f1a en blanco y negro.<\/div>","protected":false},"excerpt":{"rendered":"<p>Hace 4 a\u00f1os comenz\u00f3 esta aventura pol\u00edtica. Muchas personas, por primera vez, votamos con ilusi\u00f3n. Y entramos 14 diputados de [&hellip;]<\/p>\n","protected":false},"author":1,"featured_media":619,"comment_status":"open","ping_status":"closed","sticky":false,"template":"","format":"standard","meta":{"site-sidebar-layout":"default","site-content-layout":"","ast-site-content-layout":"default","site-content-style":"default","site-sidebar-style":"default","ast-global-header-display":"","ast-banner-title-visibility":"","ast-main-header-display":"","ast-hfb-above-header-display":"","ast-hfb-below-header-display":"","ast-hfb-mobile-header-display":"","site-post-title":"","ast-breadcrumbs-content":"","ast-featured-img":"","footer-sml-layout":"","ast-disable-related-posts":"","theme-transparent-header-meta":"","adv-header-id-meta":"","stick-header-meta":"","header-above-stick-meta":"","header-main-stick-meta":"","header-below-stick-meta":"","astra-migrate-meta-layouts":"default","ast-page-background-enabled":"default","ast-page-background-meta":{"desktop":{"background-color":"","background-image":"","background-repeat":"repeat","background-position":"center center","background-size":"auto","background-attachment":"scroll","background-type":"","background-media":"","overlay-type":"","overlay-color":"","overlay-opacity":"","overlay-gradient":""},"tablet":{"background-color":"","background-image":"","background-repeat":"repeat","background-position":"center center","background-size":"auto","background-attachment":"scroll","background-type":"","background-media":"","overlay-type":"","overlay-color":"","overlay-opacity":"","overlay-gradient":""},"mobile":{"background-color":"","background-image":"","background-repeat":"repeat","background-position":"center center","background-size":"auto","background-attachment":"scroll","background-type":"","background-media":"","overlay-type":"","overlay-color":"","overlay-opacity":"","overlay-gradient":""}},"ast-content-background-meta":{"desktop":{"background-color":"var(--ast-global-color-5)","background-image":"","background-repeat":"repeat","background-position":"center center","background-size":"auto","background-attachment":"scroll","background-type":"","background-media":"","overlay-type":"","overlay-color":"","overlay-opacity":"","overlay-gradient":""},"tablet":{"background-color":"var(--ast-global-color-5)","background-image":"","background-repeat":"repeat","background-position":"center center","background-size":"auto","background-attachment":"scroll","background-type":"","background-media":"","overlay-type":"","overlay-color":"","overlay-opacity":"","overlay-gradient":""},"mobile":{"background-color":"var(--ast-global-color-5)","background-image":"","background-repeat":"repeat","background-position":"center center","background-size":"auto","background-attachment":"scroll","background-type":"","background-media":"","overlay-type":"","overlay-color":"","overlay-opacity":"","overlay-gradient":""}},"_joinchat":[],"footnotes":""},"categories":[23],"tags":[28,49,86,112],"class_list":["post-618","post","type-post","status-publish","format-standard","has-post-thumbnail","hentry","category-sembrando","tag-aragon","tag-podemos","tag-politica","tag-si-se-puede"],"_links":{"self":[{"href":"https:\/\/nachoescartin.es\/an\/wp-json\/wp\/v2\/posts\/618","targetHints":{"allow":["GET"]}}],"collection":[{"href":"https:\/\/nachoescartin.es\/an\/wp-json\/wp\/v2\/posts"}],"about":[{"href":"https:\/\/nachoescartin.es\/an\/wp-json\/wp\/v2\/types\/post"}],"author":[{"embeddable":true,"href":"https:\/\/nachoescartin.es\/an\/wp-json\/wp\/v2\/users\/1"}],"replies":[{"embeddable":true,"href":"https:\/\/nachoescartin.es\/an\/wp-json\/wp\/v2\/comments?post=618"}],"version-history":[{"count":0,"href":"https:\/\/nachoescartin.es\/an\/wp-json\/wp\/v2\/posts\/618\/revisions"}],"wp:featuredmedia":[{"embeddable":true,"href":"https:\/\/nachoescartin.es\/an\/wp-json\/wp\/v2\/media\/619"}],"wp:attachment":[{"href":"https:\/\/nachoescartin.es\/an\/wp-json\/wp\/v2\/media?parent=618"}],"wp:term":[{"taxonomy":"category","embeddable":true,"href":"https:\/\/nachoescartin.es\/an\/wp-json\/wp\/v2\/categories?post=618"},{"taxonomy":"post_tag","embeddable":true,"href":"https:\/\/nachoescartin.es\/an\/wp-json\/wp\/v2\/tags?post=618"}],"curies":[{"name":"wp","href":"https:\/\/api.w.org\/{rel}","templated":true}]}}