{"id":610,"date":"2019-02-13T12:47:01","date_gmt":"2019-02-13T12:47:01","guid":{"rendered":"http:\/\/nachoescartin.es\/?p=610"},"modified":"2019-02-13T12:47:01","modified_gmt":"2019-02-13T12:47:01","slug":"la-hora-de-la-verdad-avanzamos-o-retrocedemos","status":"publish","type":"post","link":"https:\/\/nachoescartin.es\/an\/la-hora-de-la-verdad-avanzamos-o-retrocedemos\/","title":{"rendered":"La hora de la verdad: avanzamos o retrocedemos"},"content":{"rendered":"<p style=\"text-align: justify;\"><span style=\"font-weight: 400;\">El Siglo XX nos ense\u00f1\u00f3 que los ciclos pol\u00edticos son variados y llenos de altibajos: rep\u00fablica, golpe de estado, fascismo, derrumbe de imperios, un sistema demoliberal dise\u00f1ado por antiguos franquistas, \u201clibertad, libertad, sin ira libertad\u201d, pactos, tensiones, relatos almibarados. <\/span><\/p>\n<p style=\"text-align: justify;\"><span style=\"font-weight: 400;\">Hasta ahora, gobierne quien gobierne, las estructuras del poder econ\u00f3mico siguen firmes, invisibles y poderosas. <strong>Espa\u00f1a cambia m\u00e1s por abajo que por arriba<\/strong>, donde siguen las mismas familias y propietarios manejando las industrias, la energ\u00eda, los alimentos y los medios de comunicaci\u00f3n. <\/span><\/p>\n<p style=\"text-align: justify;\"><span style=\"font-weight: 400;\">El Siglo XXI ya no es el de una sociedad agraria. Ni siquiera el de una sociedad industrial o de la construcci\u00f3n. Vivimos en una Espa\u00f1a de servicios, de turismo y camareros. Con muchos AVEs y poca ciencia, muchos pol\u00edgonos industriales semi-vac\u00edos y pocos investigadores bien contratados, muchas tramas de corrupci\u00f3n y pocas redes de trenes de cercan\u00edas. Situados en un hermoso lugar con sol, viento y agua, <strong>deber\u00edamos ser referencia mundial en energ\u00edas renovables. Pero no lo somos. <\/strong><\/span><\/p>\n<p style=\"text-align: justify;\"><span style=\"font-weight: 400;\">En Arag\u00f3n sabemos bien que nuestra realidad es consecuencia de decisiones pol\u00edticas. De pol\u00edticos y \u00a0grandes empresarios, casi siempre hombres, con una visi\u00f3n localista y cortoplacista, sin visi\u00f3n de futuro.<\/span><\/p>\n<p style=\"text-align: justify;\"><span style=\"font-weight: 400;\">En las comarcas mineras de Teruel sufrimos una mala e ineficiente gesti\u00f3n que ha desaprovechado los m\u00e1s de mil millones de euros que han llegado a la zona desde finales de los a\u00f1os 90 para la reindustrializaci\u00f3n m\u00e1s all\u00e1 del carb\u00f3n. Dinero que no ha evitado que perdamos m\u00e1s de mil habitantes en 20 a\u00f1os ni que en la pr\u00f3xima legislatura la provincia de Teruel vaya a perder un diputado en las Cortes de Arag\u00f3n en beneficio de Zaragoza. <\/span><\/p>\n<p style=\"text-align: justify;\"><span style=\"font-weight: 400;\"><strong>Lo m\u00e1s tr\u00e1gico de los errores cometidos es que quienes los promovieron, hoy siguen en primera l\u00ednea pol\u00edtica, sin haber asumido responsabilidad alguna<\/strong>. Lo vemos en el PAR, en el PSOE, en el PP y ahora tambi\u00e9n en Ciudadanos y VOX. Son los mismos pol\u00edticos y grandes empresarios responsables del fracaso de Cemex, de pol\u00edgonos industriales vac\u00edos, de cierres de empresas y privatizaciones de la energ\u00eda, quienes hoy siguen, con las mismas pol\u00edticas y parecidos discursos en parlamentos auton\u00f3micos y espa\u00f1oles. <\/span><\/p>\n<p style=\"text-align: justify;\"><span style=\"font-weight: 400;\">El reto que tenemos ante nosotros, hoy mismo, es que seamos capaces de articular mayor\u00edas pol\u00edticas y sociales que reconduzcan nuestra sociedad hacia una nueva \u00e9poca de progreso, estabilidad, justicia y bienestar. <\/span><\/p>\n<p style=\"text-align: justify;\"><span style=\"font-weight: 400;\">Tenemos ideas, experiencias y proyectos en marcha para impulsar sectores como la innovaci\u00f3n y la ciencia, las energ\u00edas renovables, la bioconstrucci\u00f3n, la agroecolog\u00eda, la rehabilitaci\u00f3n de vivienda, los cuidados a personas mayores y con dificultades, el veh\u00edculo el\u00e9ctrico, la industria cultural o el turismo sostenible y desestacionalizado. <\/span><\/p>\n<p style=\"text-align: justify;\"><span style=\"font-weight: 400;\">Hemos de ser realistas y reconocer que estamos en una situaci\u00f3n compleja, de tensiones e incertidumbres econ\u00f3micas y pol\u00edticas, que <strong>debemos conducir hacia una estabilidad que vendr\u00e1 de la mano de la solvencia, del orden y la seguridad de nuestras propuestas y proyectos<\/strong>, como demostramos en Ayuntamientos y gobiernos donde gestionamos e impulsamos soluciones que mejoran la vida de la mayor\u00eda de nuestra gente. <\/span><\/p>\n<p style=\"text-align: justify;\"><span style=\"font-weight: 400;\">Esto solo se consigue con acuerdos. La desafecci\u00f3n pol\u00edtica que desean quienes quieren blindar sus privilegios s\u00f3lo se frena con <strong>m\u00e1s democracia, con di\u00e1logo y acuerdos<\/strong>, con gobernantes que sepan entenderse, m\u00e1s all\u00e1 de sus diferencias, para poner en marcha proyectos que beneficien a la mayor\u00eda. Gobernantes en partidos e instituciones, pero no solo, tambi\u00e9n en sindicatos, en asociaciones empresariales, en movimientos vecinales y plataformas sociales. En todos los espacios debemos esforzarnos para entendernos e impulsar pol\u00edticas concretas. <\/span><\/p>\n<p style=\"text-align: justify;\"><span style=\"font-weight: 400;\">En nuestra historia reciente, la moci\u00f3n de censura a Rajoy fue un bonito ejemplo. Mucha gente diversa celebramos que logramos sacar al partido m\u00e1s corrupto de Europa del Gobierno de Espa\u00f1a. El pre-acuerdo presupuestario entre Unidos Podemos y el Gobierno de S\u00e1nchez tambi\u00e9n ha sido otro buen ejemplo. Y la subida del Salario M\u00ednimo Interprofesional a 900 euros, la mejor consecuencia que mejora las vidas de millones de familias. <\/span><\/p>\n<p style=\"text-align: justify;\"><span style=\"font-weight: 400;\"><strong>Las alianzas se forjan desde la honestidad y la generosidad<\/strong>. La honestidad de mostrar lo que somos, de explicar qu\u00e9 queremos y por d\u00f3nde creemos que es mejor caminar. La generosidad de sabernos parte de un todo en el que debemos ir de la mano con m\u00e1s personas y organizaciones, que no tienen exactamente nuestra misma visi\u00f3n del mundo, pero con las que podemos encontrar muchos puntos en com\u00fan. <\/span><\/p>\n<p style=\"text-align: justify;\"><span style=\"font-weight: 400;\">Quienes queremos m\u00e1s democracia y participaci\u00f3n directa, m\u00e1s memoria y derechos, m\u00e1s libertades y oportunidades, somos conscientes de que nuestros adversarios pol\u00edticos son quienes buscan m\u00e1s autoritarismo, m\u00e1s represi\u00f3n, m\u00e1s centralismo y m\u00e1s privilegios para esos pocos. En nuestra experiencia de 3 a\u00f1os y medio en las Cortes de Arag\u00f3n, hemos visto como casi todos los proyectos, leyes y presupuestos importantes que han salvaguardado la educaci\u00f3n p\u00fablica, han mejorado la sanidad, han defendido a quienes peor lo pasan con la crisis-estafa y han promovido empleos de calidad en nuestros pueblos y ciudades, no han contado con los apoyos de PP, PAR y Ciudadanos.<\/span><\/p>\n<p style=\"text-align: justify;\"><span style=\"font-weight: 400;\">Por muchas banderas que ondeen en balcones o en la Plaza de Col\u00f3n, la corrupci\u00f3n y <strong>las nefastas pol\u00edticas de recortes y privatizaciones que hemos sufrido en los \u00faltimos a\u00f1os han sido consecuencia de una terrible falta de patriotismo<\/strong>.<\/span><\/p>\n<p style=\"text-align: justify;\"><span style=\"font-weight: 400;\">Todos los acuerdos en este sentido, han ido de la mano de IU, CHA, PSOE y Podemos. Formaciones bien distintas que hemos alcanzado acuerdos para mejorar la econom\u00eda y el bienestar material de la mayor\u00eda de los aragoneses. Hemos hecho pol\u00edtica para mejorar lo m\u00e1s b\u00e1sico: pan, trabajo y techo. <\/span><\/p>\n<p style=\"text-align: justify;\"><span style=\"font-weight: 400;\">Por eso hoy algunos deber\u00edan explicar por qu\u00e9 est\u00e1n sembrando el terreno para un posible pacto de PSOE y Ciudadanos. \u00bfEn base a qu\u00e9? En las Cortes de Arag\u00f3n solo se han puesto de acuerdo para recortar los ingresos de las herencias m\u00e1s altas. \u00bfQu\u00e9 est\u00e1n dispuestos a dejar atr\u00e1s con tal de mantener las estructuras partidistas y seguir en las poltronas?<\/span><\/p>\n<p style=\"text-align: justify;\"><span style=\"font-weight: 400;\"><strong>La excepcionalidad auton\u00f3mica del conflicto catal\u00e1n, con todos los focos puestos en el juicio del Proc\u00e9s, no puede cegar la realidad que sufrimos los diversos territorios de este estado<\/strong>. Arag\u00f3n forma parte de esa Espa\u00f1a vaciada, esos territorios del interior en los que sufrimos en nuestras carnes y d\u00eda a d\u00eda la desigualdad en infraestructuras, en inversiones, en financiaci\u00f3n, en derechos y en oportunidades. Los intereses neoliberales que hoy siguen defendiendo PP, Ciudadanos y VOX han determinado que en Arag\u00f3n suframos despoblaci\u00f3n, envejecimiento, dispersi\u00f3n y desertizaci\u00f3n. <\/span><\/p>\n<p style=\"text-align: justify;\"><span style=\"font-weight: 400;\">Tenemos enormes retos por delante: justicia, igualdad entre hombres y mujeres, reparto de la riqueza, energ\u00eda, cambio clim\u00e1tico, alimentaci\u00f3n&#8230; que queremos afrontar de la mano de much\u00edsimas personas que nos sintamos parte de un proyecto com\u00fan. Y eso hoy por hoy, sin igualdad, no lo podemos afrontar de la misma forma si vivimos en M\u00f3stoles o en Teruel, en Palam\u00f3s o en Daroca, en Bilbao o en Bolta\u00f1a. <\/span><\/p>\n<p style=\"text-align: justify;\"><span style=\"font-weight: 400;\">Para disipar la boira preta, la densa niebla que nos impide ver m\u00e1s all\u00e1, tenemos que ser <strong>conscientes del momento hist\u00f3rico en el que somos protagonistas<\/strong>. En Arag\u00f3n, en Espa\u00f1a, en Europa, en el mundo. Y debemos estar a la altura de nuestras responsabilidades y expectativas. <\/span><\/p>\n<p style=\"text-align: justify;\"><span style=\"font-weight: 400;\">Ante una crisis de R\u00e9gimen, ante la ruptura total del bipartidismo, podemos salir con m\u00e1s avances o con retroceso. \u00a0Los Presupuestos Generales del Estado que hoy han rechazado PP, Ciudadanos y los partidos independentistas catalanes eran los m\u00e1s sociales de la historia, pero no han querido. Ante un escenario de elecciones municipales, auton\u00f3micas y europeas y un posible adelanto electoral en este a\u00f1o, solo podemos, solo debemos, <strong>darlo todo para ganar<\/strong>. <\/span><\/p>\n<p style=\"text-align: justify;\"><span style=\"font-weight: 400;\">En estos 4 a\u00f1os en Podemos hemos aprendido much\u00edsimo. Hemos sido ambiciosos y mordaces, soberbios y valientes, arriesgados y m\u00edseros, hemos creado C\u00edrculos y acompa\u00f1ado a numerosos colectivos que han encontrado un espacio pol\u00edtico en el que trabajar, hemos defendido a los de abajo frente a la casta, la mafia o la trama, hemos sido direcci\u00f3n pol\u00edtica de un movimiento de millones de personas, hemos gobernado y empujado desde la oposici\u00f3n, hemos dicho lo que nadie se atrev\u00eda o no sab\u00eda expresar, nos hemos equivocado y vuelto a ilusionar, hemos contribuido a mejorar las vidas de mucha gente, hemos decepcionado con luchas internas inf\u00e9rtiles, hemos cabalgado nuestras contradicciones, hemos pecado de infantilismo y hemos sido conscientes de que tenemos una responsabilidad enorme. <\/span><\/p>\n<p style=\"text-align: justify;\"><span style=\"font-weight: 400;\">Por delante quedan <strong>muchos debates por resolver<\/strong>: la solidaridad intergeneracional, la centralidad de la deuda, el reto clim\u00e1tico, alimentario y de gesti\u00f3n del agua, la robotizaci\u00f3n de la econom\u00eda, la precarizaci\u00f3n del trabajo, la crisis del sistema de pensiones, la atenci\u00f3n a la dependencia y tantos otros. <\/span><\/p>\n<p style=\"text-align: justify;\"><span style=\"font-weight: 400;\">Sabemos que ganar elecciones no es tomar el poder. Que conquistar gobiernos no es lamer la bota del que manda. Sabemos que lo mejor que podemos aportar a nuestra gente es dar con soluciones, con propuestas detalladas, certeras y posibles, ser valientes para superar lo establecido, trabajar codo con codo con todo tipo de colectivos y personas expertas, atrevernos, hablar, alcanzar acuerdos, ser m\u00e1s y mejores. <\/span><\/p>\n<p style=\"text-align: justify;\"><span style=\"font-weight: 400;\">Activemos nuestra inteligencia colectiva, huyamos del pesimismo de nosotros mismos, aprendamos de nuestros errores, cooperemos, reactiv\u00e9monos, ganemos en responsabilidad y altura de miras, en confianza y honestidad, ganemos en feminismo y en echar ra\u00edces en nuestro querido Arag\u00f3n, ganemos en compa\u00f1erismo, en fraternidad, en esfuerzos compartidos. <strong>Seamos pueblo valiente y noble, conscientes de que lo nuevo tarda en hacerse y lo viejo tarda muchos a\u00f1os en morir. \u00a1S\u00ed Se Puede!<\/strong><\/span><\/p>","protected":false},"excerpt":{"rendered":"<p>El Siglo XX nos ense\u00f1\u00f3 que los ciclos pol\u00edticos son variados y llenos de altibajos: rep\u00fablica, golpe de estado, fascismo, [&hellip;]<\/p>\n","protected":false},"author":1,"featured_media":613,"comment_status":"open","ping_status":"closed","sticky":false,"template":"","format":"standard","meta":{"site-sidebar-layout":"default","site-content-layout":"","ast-site-content-layout":"default","site-content-style":"default","site-sidebar-style":"default","ast-global-header-display":"","ast-banner-title-visibility":"","ast-main-header-display":"","ast-hfb-above-header-display":"","ast-hfb-below-header-display":"","ast-hfb-mobile-header-display":"","site-post-title":"","ast-breadcrumbs-content":"","ast-featured-img":"","footer-sml-layout":"","ast-disable-related-posts":"","theme-transparent-header-meta":"","adv-header-id-meta":"","stick-header-meta":"","header-above-stick-meta":"","header-main-stick-meta":"","header-below-stick-meta":"","astra-migrate-meta-layouts":"default","ast-page-background-enabled":"default","ast-page-background-meta":{"desktop":{"background-color":"","background-image":"","background-repeat":"repeat","background-position":"center center","background-size":"auto","background-attachment":"scroll","background-type":"","background-media":"","overlay-type":"","overlay-color":"","overlay-opacity":"","overlay-gradient":""},"tablet":{"background-color":"","background-image":"","background-repeat":"repeat","background-position":"center center","background-size":"auto","background-attachment":"scroll","background-type":"","background-media":"","overlay-type":"","overlay-color":"","overlay-opacity":"","overlay-gradient":""},"mobile":{"background-color":"","background-image":"","background-repeat":"repeat","background-position":"center center","background-size":"auto","background-attachment":"scroll","background-type":"","background-media":"","overlay-type":"","overlay-color":"","overlay-opacity":"","overlay-gradient":""}},"ast-content-background-meta":{"desktop":{"background-color":"var(--ast-global-color-5)","background-image":"","background-repeat":"repeat","background-position":"center center","background-size":"auto","background-attachment":"scroll","background-type":"","background-media":"","overlay-type":"","overlay-color":"","overlay-opacity":"","overlay-gradient":""},"tablet":{"background-color":"var(--ast-global-color-5)","background-image":"","background-repeat":"repeat","background-position":"center center","background-size":"auto","background-attachment":"scroll","background-type":"","background-media":"","overlay-type":"","overlay-color":"","overlay-opacity":"","overlay-gradient":""},"mobile":{"background-color":"var(--ast-global-color-5)","background-image":"","background-repeat":"repeat","background-position":"center center","background-size":"auto","background-attachment":"scroll","background-type":"","background-media":"","overlay-type":"","overlay-color":"","overlay-opacity":"","overlay-gradient":""}},"_joinchat":[],"footnotes":""},"categories":[23],"tags":[93,111,49,86,53],"class_list":["post-610","post","type-post","status-publish","format-standard","has-post-thumbnail","hentry","category-sembrando","tag-desigualdad","tag-espana-vaciada","tag-podemos","tag-politica","tag-politica-aragonesa"],"_links":{"self":[{"href":"https:\/\/nachoescartin.es\/an\/wp-json\/wp\/v2\/posts\/610","targetHints":{"allow":["GET"]}}],"collection":[{"href":"https:\/\/nachoescartin.es\/an\/wp-json\/wp\/v2\/posts"}],"about":[{"href":"https:\/\/nachoescartin.es\/an\/wp-json\/wp\/v2\/types\/post"}],"author":[{"embeddable":true,"href":"https:\/\/nachoescartin.es\/an\/wp-json\/wp\/v2\/users\/1"}],"replies":[{"embeddable":true,"href":"https:\/\/nachoescartin.es\/an\/wp-json\/wp\/v2\/comments?post=610"}],"version-history":[{"count":0,"href":"https:\/\/nachoescartin.es\/an\/wp-json\/wp\/v2\/posts\/610\/revisions"}],"wp:featuredmedia":[{"embeddable":true,"href":"https:\/\/nachoescartin.es\/an\/wp-json\/wp\/v2\/media\/613"}],"wp:attachment":[{"href":"https:\/\/nachoescartin.es\/an\/wp-json\/wp\/v2\/media?parent=610"}],"wp:term":[{"taxonomy":"category","embeddable":true,"href":"https:\/\/nachoescartin.es\/an\/wp-json\/wp\/v2\/categories?post=610"},{"taxonomy":"post_tag","embeddable":true,"href":"https:\/\/nachoescartin.es\/an\/wp-json\/wp\/v2\/tags?post=610"}],"curies":[{"name":"wp","href":"https:\/\/api.w.org\/{rel}","templated":true}]}}