{"id":588,"date":"2019-01-17T20:55:11","date_gmt":"2019-01-17T20:55:11","guid":{"rendered":"http:\/\/nachoescartin.es\/?p=588"},"modified":"2019-01-17T20:55:11","modified_gmt":"2019-01-17T20:55:11","slug":"uno-para-todos-y-todos-para-uno","status":"publish","type":"post","link":"https:\/\/nachoescartin.es\/an\/uno-para-todos-y-todos-para-uno\/","title":{"rendered":"Uno para todos y todos para uno"},"content":{"rendered":"<p style=\"text-align: justify;\">Nunca hab\u00eda estado tan implicado en un movimiento pol\u00edtico multitudinario y quiero seguir estando. \u00bfCu\u00e1ntas veces habr\u00e9 dicho que yo \u201cno me siento muy de Podemos\u201d? Me explico. Podemos es la herramienta, el encuentro, la plaza. Lo importante es eso, la comunidad, sentirnos parte del mismo proyecto, ser pueblo. Y sentirnos poderosos. Porque lo somos. Eso me gusta. Gritar S\u00ed Se Puede. Porque S\u00ed Se Puede. Y cambiamos cosas. Muchas cosas. Alcanzamos conquistas sociales y mejoras materiales que sin nosotras en primera l\u00ednea ser\u00edan impensables. Si no estuvi\u00e9ramos nosotras, estar\u00edan otros. Y todo lo penoso que traen.<\/p>\n<p style=\"text-align: justify;\">Llevo 20 a\u00f1os en colectivos sociales en los que experimentamos con todo: en cooperativas y redes de econom\u00eda solidaria, con formas de comunicaci\u00f3n alternativas, en huertas y mercados agroecol\u00f3gicos con experiencias diversas y variopintas que trazan el camino hacia un mundo en el que queremos vivir como iguales, con justicia y oportunidades para ser felices.<\/p>\n<p style=\"text-align: justify;\">En Podemos encontr\u00e9 m\u00e1s gente y m\u00e1s ganas, m\u00e1s acierto en los mensajes y m\u00e1s capacidad. Las ganas, el acierto y la capacidad de un conjunto hermoso de much\u00edsimas personas que, en las teles, en las asambleas, en los C\u00edrculos, en el trabajo invisible, en las grandes ciudades y en los pueblos m\u00e1s peque\u00f1os, trabajan con valores comunes frente a las amenazas que ayer y hoy traen negras tormentas a nuestros barrios y municipios. Los errores y debilidades. nos pertenecen tambi\u00e9n. Las lecturas y causas son diversas. \u00a1Esto es pol\u00edtica! (y yo me cuido de hacerla en los espacios que corresponden).<\/p>\n<p style=\"text-align: justify;\">Hace 20 a\u00f1os empec\u00e9 a participar en movimientos sociales (y no votaba), hace 10 a\u00f1os me enredaba en todas las luchas que pod\u00eda (y no votaba), hace 5 a\u00f1os me impliqu\u00e9 en el origen de Zaragoza en Com\u00fan (y no vot\u00e9 porque vivo en Nuez de Ebro), hace 4 a\u00f1os entr\u00e9 en Podemos (y empec\u00e9 a votar, al principio en una urna y luego cada pocos meses en cuantos procesos internos hemos celebrado). Hoy quiero seguir participando (y votando) porque aqu\u00ed nos estamos jugando un planeta, una sociedad, un pa\u00eds.<\/p>\n<p style=\"text-align: justify;\">Me gustar\u00eda seguir participando (y votando) en una organizaci\u00f3n pol\u00edtica distinta a \u201clo de siempre\u201d, con sus sectarismos, escasez de miras, l\u00edderes mesi\u00e1nicos, enormes ombligos y jibarizaci\u00f3n de la organizaci\u00f3n. Aqu\u00ed estamos de paso, por eso lo que aportamos en cada momento puede ser fecundo o demoledor en el espacio pol\u00edtico en el que seguir\u00e1n otras personas cuando nosotras volvamos a nuestros trabajos y responsabilidades familiares o en otros \u00e1mbitos sociales.<\/p>\n<p style=\"text-align: justify;\">Mi parte, como siempre (con mis aciertos y errores) va a ser acercar posturas, con honestidad y libertad. Junto a muchas personas m\u00e1s. Siempre en colectivo. Y no callarme, tomar partido, mojarme. Con nuestras contradicciones y sacrificios. Defendiendo lo que creemos que hace de este mundo un lugar mejor. M\u00e1s all\u00e1 de los vaivenes de estos tiempos vertiginosos de pol\u00edtica y redes sociales, seguimos y seguiremos luchando por lo que es justo, por nuestros derechos.<\/p>\n<p style=\"text-align: justify;\">Ni pablista, ni anticapi, ni errejoner. Ni Podemos ni ZeC. \u201cTodos para uno y uno para todos\u201d que gritaban los Mosqueperros. La mayor\u00eda de la gente que conozco no se identifica con una sola identidad o con un solo grupo. Somos Comunidad, pueblo, colectivo. Las etiquetas y nombres, que sirvan para unirnos, no para dividirnos. Las personas tampoco hay que idealizarlas, porque todas aportamos y todas somos necesarias o prescindibles, seg\u00fan los momentos y las decisiones que tomamos.<\/p>\n<p style=\"text-align: justify;\">Ahora, m\u00e1s que nunca, necesitamos reflexi\u00f3n, autocr\u00edtica, evoluci\u00f3n y aciertos. Porque las vidas de millones de personas est\u00e1n en juego. Las de esta generaci\u00f3n y las de la que nos suceder\u00e1. Y dentro de una Tierra que nos est\u00e1 pidiendo a gritos que reaccionemos. No caigamos en el derrotismo, porque atisbo mucho entusiasmo por delante, altura de miras, generosidad, cambios y conquistas.<\/p>","protected":false},"excerpt":{"rendered":"<p>Nunca hab\u00eda estado tan implicado en un movimiento pol\u00edtico multitudinario y quiero seguir estando. \u00bfCu\u00e1ntas veces habr\u00e9 dicho que yo [&hellip;]<\/p>\n","protected":false},"author":1,"featured_media":589,"comment_status":"open","ping_status":"closed","sticky":false,"template":"","format":"standard","meta":{"site-sidebar-layout":"default","site-content-layout":"","ast-site-content-layout":"default","site-content-style":"default","site-sidebar-style":"default","ast-global-header-display":"","ast-banner-title-visibility":"","ast-main-header-display":"","ast-hfb-above-header-display":"","ast-hfb-below-header-display":"","ast-hfb-mobile-header-display":"","site-post-title":"","ast-breadcrumbs-content":"","ast-featured-img":"","footer-sml-layout":"","ast-disable-related-posts":"","theme-transparent-header-meta":"","adv-header-id-meta":"","stick-header-meta":"","header-above-stick-meta":"","header-main-stick-meta":"","header-below-stick-meta":"","astra-migrate-meta-layouts":"default","ast-page-background-enabled":"default","ast-page-background-meta":{"desktop":{"background-color":"","background-image":"","background-repeat":"repeat","background-position":"center center","background-size":"auto","background-attachment":"scroll","background-type":"","background-media":"","overlay-type":"","overlay-color":"","overlay-opacity":"","overlay-gradient":""},"tablet":{"background-color":"","background-image":"","background-repeat":"repeat","background-position":"center center","background-size":"auto","background-attachment":"scroll","background-type":"","background-media":"","overlay-type":"","overlay-color":"","overlay-opacity":"","overlay-gradient":""},"mobile":{"background-color":"","background-image":"","background-repeat":"repeat","background-position":"center center","background-size":"auto","background-attachment":"scroll","background-type":"","background-media":"","overlay-type":"","overlay-color":"","overlay-opacity":"","overlay-gradient":""}},"ast-content-background-meta":{"desktop":{"background-color":"var(--ast-global-color-5)","background-image":"","background-repeat":"repeat","background-position":"center center","background-size":"auto","background-attachment":"scroll","background-type":"","background-media":"","overlay-type":"","overlay-color":"","overlay-opacity":"","overlay-gradient":""},"tablet":{"background-color":"var(--ast-global-color-5)","background-image":"","background-repeat":"repeat","background-position":"center center","background-size":"auto","background-attachment":"scroll","background-type":"","background-media":"","overlay-type":"","overlay-color":"","overlay-opacity":"","overlay-gradient":""},"mobile":{"background-color":"var(--ast-global-color-5)","background-image":"","background-repeat":"repeat","background-position":"center center","background-size":"auto","background-attachment":"scroll","background-type":"","background-media":"","overlay-type":"","overlay-color":"","overlay-opacity":"","overlay-gradient":""}},"_joinchat":[],"footnotes":""},"categories":[23],"tags":[49,86,66],"class_list":["post-588","post","type-post","status-publish","format-standard","has-post-thumbnail","hentry","category-sembrando","tag-podemos","tag-politica","tag-unidas"],"_links":{"self":[{"href":"https:\/\/nachoescartin.es\/an\/wp-json\/wp\/v2\/posts\/588","targetHints":{"allow":["GET"]}}],"collection":[{"href":"https:\/\/nachoescartin.es\/an\/wp-json\/wp\/v2\/posts"}],"about":[{"href":"https:\/\/nachoescartin.es\/an\/wp-json\/wp\/v2\/types\/post"}],"author":[{"embeddable":true,"href":"https:\/\/nachoescartin.es\/an\/wp-json\/wp\/v2\/users\/1"}],"replies":[{"embeddable":true,"href":"https:\/\/nachoescartin.es\/an\/wp-json\/wp\/v2\/comments?post=588"}],"version-history":[{"count":0,"href":"https:\/\/nachoescartin.es\/an\/wp-json\/wp\/v2\/posts\/588\/revisions"}],"wp:featuredmedia":[{"embeddable":true,"href":"https:\/\/nachoescartin.es\/an\/wp-json\/wp\/v2\/media\/589"}],"wp:attachment":[{"href":"https:\/\/nachoescartin.es\/an\/wp-json\/wp\/v2\/media?parent=588"}],"wp:term":[{"taxonomy":"category","embeddable":true,"href":"https:\/\/nachoescartin.es\/an\/wp-json\/wp\/v2\/categories?post=588"},{"taxonomy":"post_tag","embeddable":true,"href":"https:\/\/nachoescartin.es\/an\/wp-json\/wp\/v2\/tags?post=588"}],"curies":[{"name":"wp","href":"https:\/\/api.w.org\/{rel}","templated":true}]}}