{"id":570,"date":"2019-01-04T16:48:17","date_gmt":"2019-01-04T16:48:17","guid":{"rendered":"http:\/\/nachoescartin.es\/?p=570"},"modified":"2019-01-04T16:48:17","modified_gmt":"2019-01-04T16:48:17","slug":"si-se-nos-cae-la-casa-se-vuelve-a-levantar-desde-muro-de-bellos","status":"publish","type":"post","link":"https:\/\/nachoescartin.es\/an\/si-se-nos-cae-la-casa-se-vuelve-a-levantar-desde-muro-de-bellos\/","title":{"rendered":"Si se nos cae la casa \u00a1se vuelve a levantar! Desde Muro de Bell\u00f3s"},"content":{"rendered":"<p style=\"text-align: justify;\">\u00abPero no estoy aqu\u00ed para llorar,<br \/>\nvosotros sois mi pueblo, y estos montes mi hogar.<br \/>\nPor eso s\u00e9 que no basta llorar;<br \/>\nsi se nos cae la casa \u00a1se vuelve a levantar! \u00ab<\/p>\n<p style=\"text-align: justify;\">(\u00abLa Casa Ca\u00edda\u00bb de La Ronda de Bolta\u00f1a).<\/p>\n<p style=\"text-align: justify;\">Hoy hemos visitado Muro de Bell\u00f3s, pueblo deshabitado desde hace 20 a\u00f1os, con solo una casa con afluencia espor\u00e1dica. Espectacular paisaje, especialmente desde el cementerio, con unas pocas tumbas, la \u00faltima de 2008. Muro de Bell\u00f3s permanece en ruinas en la confluencia de los r\u00edos Cinca y Bell\u00f3s, en un cerro con unas vistas espectaculares del Pirineo.<\/p>\n<p style=\"text-align: justify;\">Durante cientos de a\u00f1os las familias del pueblo viv\u00edan en 8 casas de la agricultura (cereales y vi\u00f1as), del ganado (cabras y ovejas), de la caza y de cortar le\u00f1a. Lleg\u00f3 la luz el\u00e9ctrica, celebraban fiestas para la Ascensi\u00f3n, sub\u00eda el m\u00e9dico, el cura, el cartero y alg\u00fan comerciante. Los domingos hab\u00eda baile. Nos ha sorprendido la carretera asfaltada desde Escalona hasta el pueblo, arreglada hace dos a\u00f1os, con motivo del rodaje de \u00abBajo la piel del lobo\u00bb, pel\u00edcula dirigida por Samu Fuentes y protagonizada por Mario Casas. En la foto estoy junto a las tumbas, a un lado de la iglesia parroquial de Santa Mar\u00eda. Frente a m\u00ed la Pe\u00f1a Monta\u00f1esa y al fondo Las Tres Serols y las Tres Mar\u00edas.<\/p>\n<p style=\"text-align: justify;\">En mi cabeza, el libro \u00abMemoria de un monta\u00f1\u00e9s\u00bb de Jos\u00e9 Satu\u00e9 y en mi coraz\u00f3n, el deseo de que estas chamineras vuelvan a humear.<\/p>\n<p><img decoding=\"async\" class=\"aligncenter size-thumbnail wp-image-573\" src=\"https:\/\/nachoescartin.es\/wp-content\/uploads\/2019\/01\/IMG_20190104_174155-150x150.jpg\" alt=\"\" width=\"150\" height=\"150\" \/><img decoding=\"async\" class=\"aligncenter size-thumbnail wp-image-577\" src=\"https:\/\/nachoescartin.es\/wp-content\/uploads\/2019\/01\/IMG_20190104_174210-150x150.jpg\" alt=\"\" width=\"150\" height=\"150\" \/><img decoding=\"async\" class=\"aligncenter size-thumbnail wp-image-578\" src=\"https:\/\/nachoescartin.es\/wp-content\/uploads\/2019\/01\/IMG_20190104_174212-150x150.jpg\" alt=\"\" width=\"150\" height=\"150\" \/><img loading=\"lazy\" decoding=\"async\" class=\"aligncenter size-thumbnail wp-image-579\" src=\"https:\/\/nachoescartin.es\/wp-content\/uploads\/2019\/01\/IMG_20190104_174208-150x150.jpg\" alt=\"\" width=\"150\" height=\"150\" \/><img loading=\"lazy\" decoding=\"async\" class=\"aligncenter size-thumbnail wp-image-580\" src=\"https:\/\/nachoescartin.es\/wp-content\/uploads\/2019\/01\/IMG_20190104_174215-150x150.jpg\" alt=\"\" width=\"150\" height=\"150\" \/><img loading=\"lazy\" decoding=\"async\" class=\"aligncenter size-thumbnail wp-image-574\" src=\"https:\/\/nachoescartin.es\/wp-content\/uploads\/2019\/01\/IMG_20190104_174200-150x150.jpg\" alt=\"\" width=\"150\" height=\"150\" \/><img loading=\"lazy\" decoding=\"async\" class=\"aligncenter size-thumbnail wp-image-575\" src=\"https:\/\/nachoescartin.es\/wp-content\/uploads\/2019\/01\/IMG_20190104_174158-150x150.jpg\" alt=\"\" width=\"150\" height=\"150\" \/><img loading=\"lazy\" decoding=\"async\" class=\"aligncenter size-thumbnail wp-image-576\" src=\"https:\/\/nachoescartin.es\/wp-content\/uploads\/2019\/01\/IMG_20190104_174213-150x150.jpg\" alt=\"\" width=\"150\" height=\"150\" \/><img loading=\"lazy\" decoding=\"async\" class=\"aligncenter size-thumbnail wp-image-581\" src=\"https:\/\/nachoescartin.es\/wp-content\/uploads\/2019\/01\/IMG_20190104_174207-150x150.jpg\" alt=\"\" width=\"150\" height=\"150\" \/><img loading=\"lazy\" decoding=\"async\" class=\"aligncenter size-thumbnail wp-image-582\" src=\"https:\/\/nachoescartin.es\/wp-content\/uploads\/2019\/01\/IMG_20190104_174202-150x150.jpg\" alt=\"\" width=\"150\" height=\"150\" \/><img loading=\"lazy\" decoding=\"async\" class=\"aligncenter size-thumbnail wp-image-583\" src=\"https:\/\/nachoescartin.es\/wp-content\/uploads\/2019\/01\/IMG_20190104_174204-150x150.jpg\" alt=\"\" width=\"150\" height=\"150\" \/><img loading=\"lazy\" decoding=\"async\" class=\"aligncenter size-thumbnail wp-image-584\" src=\"https:\/\/nachoescartin.es\/wp-content\/uploads\/2019\/01\/IMG_20190104_174205-150x150.jpg\" alt=\"\" width=\"150\" height=\"150\" \/><\/p>","protected":false},"excerpt":{"rendered":"<p>\u00abPero no estoy aqu\u00ed para llorar, vosotros sois mi pueblo, y estos montes mi hogar. Por eso s\u00e9 que no [&hellip;]<\/p>\n","protected":false},"author":1,"featured_media":571,"comment_status":"open","ping_status":"closed","sticky":false,"template":"","format":"standard","meta":{"site-sidebar-layout":"default","site-content-layout":"","ast-site-content-layout":"default","site-content-style":"default","site-sidebar-style":"default","ast-global-header-display":"","ast-banner-title-visibility":"","ast-main-header-display":"","ast-hfb-above-header-display":"","ast-hfb-below-header-display":"","ast-hfb-mobile-header-display":"","site-post-title":"","ast-breadcrumbs-content":"","ast-featured-img":"","footer-sml-layout":"","ast-disable-related-posts":"","theme-transparent-header-meta":"","adv-header-id-meta":"","stick-header-meta":"","header-above-stick-meta":"","header-main-stick-meta":"","header-below-stick-meta":"","astra-migrate-meta-layouts":"default","ast-page-background-enabled":"default","ast-page-background-meta":{"desktop":{"background-color":"","background-image":"","background-repeat":"repeat","background-position":"center center","background-size":"auto","background-attachment":"scroll","background-type":"","background-media":"","overlay-type":"","overlay-color":"","overlay-opacity":"","overlay-gradient":""},"tablet":{"background-color":"","background-image":"","background-repeat":"repeat","background-position":"center center","background-size":"auto","background-attachment":"scroll","background-type":"","background-media":"","overlay-type":"","overlay-color":"","overlay-opacity":"","overlay-gradient":""},"mobile":{"background-color":"","background-image":"","background-repeat":"repeat","background-position":"center center","background-size":"auto","background-attachment":"scroll","background-type":"","background-media":"","overlay-type":"","overlay-color":"","overlay-opacity":"","overlay-gradient":""}},"ast-content-background-meta":{"desktop":{"background-color":"var(--ast-global-color-5)","background-image":"","background-repeat":"repeat","background-position":"center center","background-size":"auto","background-attachment":"scroll","background-type":"","background-media":"","overlay-type":"","overlay-color":"","overlay-opacity":"","overlay-gradient":""},"tablet":{"background-color":"var(--ast-global-color-5)","background-image":"","background-repeat":"repeat","background-position":"center center","background-size":"auto","background-attachment":"scroll","background-type":"","background-media":"","overlay-type":"","overlay-color":"","overlay-opacity":"","overlay-gradient":""},"mobile":{"background-color":"var(--ast-global-color-5)","background-image":"","background-repeat":"repeat","background-position":"center center","background-size":"auto","background-attachment":"scroll","background-type":"","background-media":"","overlay-type":"","overlay-color":"","overlay-opacity":"","overlay-gradient":""}},"_joinchat":[],"footnotes":""},"categories":[26,25,23],"tags":[28,94,101,102,103,104],"class_list":["post-570","post","type-post","status-publish","format-standard","has-post-thumbnail","hentry","category-cultivando","category-enredando","category-sembrando","tag-aragon","tag-despoblacion","tag-pirineo","tag-pueblos-deshabitados","tag-pueblos-vivos","tag-repoblacion"],"_links":{"self":[{"href":"https:\/\/nachoescartin.es\/an\/wp-json\/wp\/v2\/posts\/570","targetHints":{"allow":["GET"]}}],"collection":[{"href":"https:\/\/nachoescartin.es\/an\/wp-json\/wp\/v2\/posts"}],"about":[{"href":"https:\/\/nachoescartin.es\/an\/wp-json\/wp\/v2\/types\/post"}],"author":[{"embeddable":true,"href":"https:\/\/nachoescartin.es\/an\/wp-json\/wp\/v2\/users\/1"}],"replies":[{"embeddable":true,"href":"https:\/\/nachoescartin.es\/an\/wp-json\/wp\/v2\/comments?post=570"}],"version-history":[{"count":0,"href":"https:\/\/nachoescartin.es\/an\/wp-json\/wp\/v2\/posts\/570\/revisions"}],"wp:featuredmedia":[{"embeddable":true,"href":"https:\/\/nachoescartin.es\/an\/wp-json\/wp\/v2\/media\/571"}],"wp:attachment":[{"href":"https:\/\/nachoescartin.es\/an\/wp-json\/wp\/v2\/media?parent=570"}],"wp:term":[{"taxonomy":"category","embeddable":true,"href":"https:\/\/nachoescartin.es\/an\/wp-json\/wp\/v2\/categories?post=570"},{"taxonomy":"post_tag","embeddable":true,"href":"https:\/\/nachoescartin.es\/an\/wp-json\/wp\/v2\/tags?post=570"}],"curies":[{"name":"wp","href":"https:\/\/api.w.org\/{rel}","templated":true}]}}