{"id":548,"date":"2018-12-31T10:05:26","date_gmt":"2018-12-31T10:05:26","guid":{"rendered":"http:\/\/nachoescartin.es\/?p=548"},"modified":"2018-12-31T10:05:26","modified_gmt":"2018-12-31T10:05:26","slug":"mejorar-la-vida-de-mucha-gente","status":"publish","type":"post","link":"https:\/\/nachoescartin.es\/an\/mejorar-la-vida-de-mucha-gente\/","title":{"rendered":"Mejorar la vida de mucha gente"},"content":{"rendered":"<div id=\"TXT1_mobile\">\n<p style=\"text-align: justify;\">En estos tiempos de palabras grandilocuentes y vac\u00edas, ruido en las redes y\u00a0<strong>\u2018fake news\u2019<\/strong>, nos toca estar a la altura pol\u00edtica de la responsabilidad que ostentamos y afrontar con serenidad los retos por delante. Tiempos convulsos, en donde la incertidumbre y la desafecci\u00f3n podr\u00edan impone<strong>r una involuci\u00f3n democr\u00e1tica que debemos evitar.\u00a0<\/strong>Nuestra prioridad es la justicia social, las libertades, los derechos y las oportunidades de todas las personas.<\/p>\n<\/div>\n<p style=\"text-align: justify;\">En nuestra primera legislatura en las Cortes, Podemos ha sido imprescindible para hacer posible proyectos, leyes y presupuestos que han mejorado la vida de mucha gente. Ha sido valiente en las propuestas y, gracias al di\u00e1logo, la rasmia y los acuerdos, ha logrado revertir los recortes del PP-PAR.\u00a0<strong>La educaci\u00f3n, la sanidad, la igualdad, la econom\u00eda, la vivienda, el empleo&#8230; hoy son mejores gracias a nuestro impulso<\/strong>. Hemos logrado poner en primera l\u00ednea del debate pol\u00edtico la lucha contra la corrupci\u00f3n. Pero no nos conformamos.<\/p>\n<p style=\"text-align: justify;\">En 2019, Arag\u00f3n se enfrenta a retos important\u00edsimos:\u00a0<strong>desigualdad, precariedad, despoblaci\u00f3n y el cambio clim\u00e1tico.<\/strong>\u00a0Para afrontar estos retos esenciales, proponemos un proyecto potente y ganador, capaz de traernos m\u00e1s democracia y m\u00e1s participaci\u00f3n para defender derechos sociales y servicios p\u00fablicos de calidad.<\/p>\n<div id=\"TXT2_to_6_mobile\">\n<p style=\"text-align: justify;\">Ese es el Podemos Arag\u00f3n en el que llevamos tiempo trabajando. Por ello nos presentaremos a las pr\u00f3ximas elecciones unidas much\u00edsimas personas diversas, en una misma papeleta electoral, para que los aragoneses tengamos un referente claro. Despu\u00e9s de cuatro a\u00f1os en las instituciones somos una fuerza capaz y con experiencia para liderar el Gobierno y que nuestra Comunidad sea<strong>\u00a0un territorio mejor en 2023.<\/strong><\/p>\n<p style=\"text-align: justify;\">Necesitamos un programa econ\u00f3mico que detenga las enormes desigualdades. Esenciales son el reparto de la riqueza, salarios m\u00e1s altos, la lucha contra la precariedad, acabar con las interminables jornadas laborales que hacen imposible la conciliaci\u00f3n y con las horas extras que ni se pagan ni se cotizan, as\u00ed como la creaci\u00f3n de empleo de calidad y\u00a0<strong>perseguir de forma implacable la corrupci\u00f3n y el fraude.<\/strong><\/p>\n<p style=\"text-align: justify;\">Llevamos toda una legislatura trabajando por servicios y oportunidades en todo Arag\u00f3n, para frenar el \u00e9xodo rural y mirar con esperanza a nuestros pueblos. Para ello, los<strong>\u00a0derechos y las oportunidades\u00a0<\/strong>deben estar garantizados independientemente de d\u00f3nde vivamos (atenci\u00f3n primaria y sanidad, educaci\u00f3n, vivienda, servicios sociales, cultura y movilidad). Toca pelear en Madrid por un sistema de financiaci\u00f3n auton\u00f3mico justo, reivindicamos la Ley 45\/2007 de Desarrollo Sostenible para el Medio Rural, una Pol\u00edtica Agraria Com\u00fan (PAC) para las explotaciones familiares y sostenibles, presupuestos para inversiones pendientes: red de trenes de cercan\u00edas,<strong>\u00a0reapertura del Canfranc y el corredor Cant\u00e1brico-Mediterr\u00e1neo.<\/strong><\/p>\n<p style=\"text-align: justify;\">Para ganar en calidad de vida es urgente que apostemos por las energ\u00edas menos contaminantes y las industrias que mejor se adapten al cambio clim\u00e1tico: impulsar\u00a0<strong>una transici\u00f3n energ\u00e9tica,<\/strong>\u00a0un plan de rehabilitaci\u00f3n de vivienda hacia la eficiencia, una nueva cultura del agua y la agroecolog\u00eda.<\/p>\n<p style=\"text-align: justify;\">El feminismo nos habla de igualdad y de cuidados. Esto requiere de medidas concretas como un plan de construcci\u00f3n de residencias p\u00fablicas y m\u00e1s contrataci\u00f3n de profesionales, regularizaci\u00f3n y apoyo a las cuidadoras del hogar, igualdad a todos los niveles y fin de las violencias machistas.<\/p>\n<p style=\"text-align: justify;\">En esencia, somos lo que hacemos. Y en Podemos Arag\u00f3n queremos ser quienes transformamos la realidad, con esenciales logros conseguidos. En eso estamos.<\/p>\n<\/div>","protected":false},"excerpt":{"rendered":"<p>En estos tiempos de palabras grandilocuentes y vac\u00edas, ruido en las redes y\u00a0\u2018fake news\u2019, nos toca estar a la altura [&hellip;]<\/p>\n","protected":false},"author":1,"featured_media":549,"comment_status":"open","ping_status":"closed","sticky":false,"template":"","format":"standard","meta":{"site-sidebar-layout":"default","site-content-layout":"","ast-site-content-layout":"default","site-content-style":"default","site-sidebar-style":"default","ast-global-header-display":"","ast-banner-title-visibility":"","ast-main-header-display":"","ast-hfb-above-header-display":"","ast-hfb-below-header-display":"","ast-hfb-mobile-header-display":"","site-post-title":"","ast-breadcrumbs-content":"","ast-featured-img":"","footer-sml-layout":"","ast-disable-related-posts":"","theme-transparent-header-meta":"","adv-header-id-meta":"","stick-header-meta":"","header-above-stick-meta":"","header-main-stick-meta":"","header-below-stick-meta":"","astra-migrate-meta-layouts":"default","ast-page-background-enabled":"default","ast-page-background-meta":{"desktop":{"background-color":"","background-image":"","background-repeat":"repeat","background-position":"center center","background-size":"auto","background-attachment":"scroll","background-type":"","background-media":"","overlay-type":"","overlay-color":"","overlay-opacity":"","overlay-gradient":""},"tablet":{"background-color":"","background-image":"","background-repeat":"repeat","background-position":"center center","background-size":"auto","background-attachment":"scroll","background-type":"","background-media":"","overlay-type":"","overlay-color":"","overlay-opacity":"","overlay-gradient":""},"mobile":{"background-color":"","background-image":"","background-repeat":"repeat","background-position":"center center","background-size":"auto","background-attachment":"scroll","background-type":"","background-media":"","overlay-type":"","overlay-color":"","overlay-opacity":"","overlay-gradient":""}},"ast-content-background-meta":{"desktop":{"background-color":"var(--ast-global-color-5)","background-image":"","background-repeat":"repeat","background-position":"center center","background-size":"auto","background-attachment":"scroll","background-type":"","background-media":"","overlay-type":"","overlay-color":"","overlay-opacity":"","overlay-gradient":""},"tablet":{"background-color":"var(--ast-global-color-5)","background-image":"","background-repeat":"repeat","background-position":"center center","background-size":"auto","background-attachment":"scroll","background-type":"","background-media":"","overlay-type":"","overlay-color":"","overlay-opacity":"","overlay-gradient":""},"mobile":{"background-color":"var(--ast-global-color-5)","background-image":"","background-repeat":"repeat","background-position":"center center","background-size":"auto","background-attachment":"scroll","background-type":"","background-media":"","overlay-type":"","overlay-color":"","overlay-opacity":"","overlay-gradient":""}},"_joinchat":[],"footnotes":""},"categories":[25,23],"tags":[28,71,92,93,94,49,69,53,95,96,97],"class_list":["post-548","post","type-post","status-publish","format-standard","has-post-thumbnail","hentry","category-enredando","category-sembrando","tag-aragon","tag-cambio-climatico","tag-corredor-cantabrico-mediterraneo","tag-desigualdad","tag-despoblacion","tag-podemos","tag-podemos-aragon","tag-politica-aragonesa","tag-precariedad","tag-reapertura-del-canfranc","tag-transicion-energetica"],"_links":{"self":[{"href":"https:\/\/nachoescartin.es\/an\/wp-json\/wp\/v2\/posts\/548","targetHints":{"allow":["GET"]}}],"collection":[{"href":"https:\/\/nachoescartin.es\/an\/wp-json\/wp\/v2\/posts"}],"about":[{"href":"https:\/\/nachoescartin.es\/an\/wp-json\/wp\/v2\/types\/post"}],"author":[{"embeddable":true,"href":"https:\/\/nachoescartin.es\/an\/wp-json\/wp\/v2\/users\/1"}],"replies":[{"embeddable":true,"href":"https:\/\/nachoescartin.es\/an\/wp-json\/wp\/v2\/comments?post=548"}],"version-history":[{"count":0,"href":"https:\/\/nachoescartin.es\/an\/wp-json\/wp\/v2\/posts\/548\/revisions"}],"wp:featuredmedia":[{"embeddable":true,"href":"https:\/\/nachoescartin.es\/an\/wp-json\/wp\/v2\/media\/549"}],"wp:attachment":[{"href":"https:\/\/nachoescartin.es\/an\/wp-json\/wp\/v2\/media?parent=548"}],"wp:term":[{"taxonomy":"category","embeddable":true,"href":"https:\/\/nachoescartin.es\/an\/wp-json\/wp\/v2\/categories?post=548"},{"taxonomy":"post_tag","embeddable":true,"href":"https:\/\/nachoescartin.es\/an\/wp-json\/wp\/v2\/tags?post=548"}],"curies":[{"name":"wp","href":"https:\/\/api.w.org\/{rel}","templated":true}]}}