{"id":523,"date":"2018-12-19T08:30:22","date_gmt":"2018-12-19T08:30:22","guid":{"rendered":"http:\/\/nachoescartin.es\/?p=523"},"modified":"2018-12-19T08:30:22","modified_gmt":"2018-12-19T08:30:22","slug":"brevisima-reflexion-sobre-el-psoe-de-aragon","status":"publish","type":"post","link":"https:\/\/nachoescartin.es\/an\/brevisima-reflexion-sobre-el-psoe-de-aragon\/","title":{"rendered":"Brev\u00edsima reflexi\u00f3n sobre el PSOE de Arag\u00f3n"},"content":{"rendered":"<p style=\"text-align: justify;\">Pocas veces hablo de otros partidos. Hoy voy a hacer una excepci\u00f3n. Estos d\u00edas he compartido buenos ratos con unas cuantas personas del PSOE: en mi pueblo, en la Asamblea de UAGA el s\u00e1bado o en el coloquio al que me invit\u00f3 ayer la Fundaci\u00f3n Bernardo Aladr\u00e9n de la UGT.<\/p>\n<p style=\"text-align: justify;\">Yo entr\u00e9 en la pol\u00edtica institucional hace 3 a\u00f1os y pico, como otras muchas, con el \u00e1nimo de tener un pi\u00e9 en las calles y otro en las administraciones p\u00fablicas. Y co<span class=\"text_exposed_show\">n ambos, coordinados, impulsar cambios profundos. El esp\u00edritu del S\u00ed Se Puede es el que me mov\u00eda entonces y el que hoy, con mucha m\u00e1s experiencia y conocimientos, me mantiene alegre e ilusionado en la construcci\u00f3n de alternativas. Tengo claro que estamos de paso y mientras ostentamos alguna responsabilidad pol\u00edtica, intentamos dar lo mejor de nosotras.<\/span><\/p>\n<div class=\"text_exposed_show\">\n<p style=\"text-align: justify;\">En este viaje, 2019 se atisba interesante e intenso. En lo parlamentario, es evidente que uno de nuestros objetivos es que la suma de PP, Ciudadanos, PAR y VOX no sea mayor\u00eda en Arag\u00f3n. Esa aritm\u00e9tica deja fuera a IU, CHA y PSOE. Con IU ya sab\u00e9is que estamos trabajando para alcanzar alianzas m\u00e1s profundas, en las luchas populares e incluso electorales. Con CHA ya veremos. Y con el PSOE&#8230;.<\/p>\n<p style=\"text-align: justify;\">Militantes del PSOE me suelen decir: \u00ablas izquierdas ten\u00e9is que llegar a acuerdos para que no gane la derecha\u00bb. Y a continuaci\u00f3n muchas suelen a\u00f1adir, \u00abaunque con Lamb\u00e1n, entendemos que es dif\u00edcil\u00bb. Porque cuando Lamb\u00e1n pacta con Ciudadanos y el PP el recorte de ingresos para financiar los servicios p\u00fablicos o cuando en plena celebraci\u00f3n de la Constituci\u00f3n Espa\u00f1ola sugiere la ilegalizaci\u00f3n de partidos, el PSOE de Arag\u00f3n se aleja muy mucho de pol\u00edticas de izquierdas, progresistas o socialistas. Y no son los \u00fanicos ejemplos: el azote continuo a Zaragoza en Com\u00fan (muchas veces sin raz\u00f3n), los desaires verbales de Lamb\u00e1n contra Podemos, Pablo Iglesias o incluso contra Pedro S\u00e1nchez (la heremoteca en esta legislatura est\u00e1 llena), sus coqueteos con Ciudadanos al dictado de su \u00abdiosa del socialismo\u00bb Susana D\u00edaz o pactos con el PP y Ciudadanos a distintos niveles&#8230;. nos alejan profundamente.<\/p>\n<p style=\"text-align: justify;\">Mi pregunta es (y aqu\u00ed acabo): \u00bfLamb\u00e1n y el PSOE de Arag\u00f3n quieren m\u00e1s acuerdos con Podemos, IU y CHA o est\u00e1n pensando, m\u00e1s bien, en Ciudadanos? Deber\u00edan responder m\u00e1s pronto que tarde a esta pregunta, para que la gente sepa si sus proyectos de futuro pasan por alcanzar acuerdos con nosotras o con Rivera.<\/p>\n<p style=\"text-align: justify;\">Entre tanto, tenemos que trabajar a fondo y Unidas para liderar el Gobierno de Arag\u00f3n en 2019. Solo as\u00ed, con nosotras al frente, se despejar\u00e1n las inc\u00f3gnitas y nuestro pueblo tendr\u00e1 claridad meridiana del rumbo justo que debe tomar nuestra tierra.<\/p>\n<\/div>","protected":false},"excerpt":{"rendered":"<p>Pocas veces hablo de otros partidos. Hoy voy a hacer una excepci\u00f3n. Estos d\u00edas he compartido buenos ratos con unas [&hellip;]<\/p>\n","protected":false},"author":1,"featured_media":524,"comment_status":"open","ping_status":"closed","sticky":false,"template":"","format":"standard","meta":{"site-sidebar-layout":"default","site-content-layout":"","ast-site-content-layout":"default","site-content-style":"default","site-sidebar-style":"default","ast-global-header-display":"","ast-banner-title-visibility":"","ast-main-header-display":"","ast-hfb-above-header-display":"","ast-hfb-below-header-display":"","ast-hfb-mobile-header-display":"","site-post-title":"","ast-breadcrumbs-content":"","ast-featured-img":"","footer-sml-layout":"","ast-disable-related-posts":"","theme-transparent-header-meta":"","adv-header-id-meta":"","stick-header-meta":"","header-above-stick-meta":"","header-main-stick-meta":"","header-below-stick-meta":"","astra-migrate-meta-layouts":"default","ast-page-background-enabled":"default","ast-page-background-meta":{"desktop":{"background-color":"","background-image":"","background-repeat":"repeat","background-position":"center center","background-size":"auto","background-attachment":"scroll","background-type":"","background-media":"","overlay-type":"","overlay-color":"","overlay-opacity":"","overlay-gradient":""},"tablet":{"background-color":"","background-image":"","background-repeat":"repeat","background-position":"center center","background-size":"auto","background-attachment":"scroll","background-type":"","background-media":"","overlay-type":"","overlay-color":"","overlay-opacity":"","overlay-gradient":""},"mobile":{"background-color":"","background-image":"","background-repeat":"repeat","background-position":"center center","background-size":"auto","background-attachment":"scroll","background-type":"","background-media":"","overlay-type":"","overlay-color":"","overlay-opacity":"","overlay-gradient":""}},"ast-content-background-meta":{"desktop":{"background-color":"var(--ast-global-color-5)","background-image":"","background-repeat":"repeat","background-position":"center center","background-size":"auto","background-attachment":"scroll","background-type":"","background-media":"","overlay-type":"","overlay-color":"","overlay-opacity":"","overlay-gradient":""},"tablet":{"background-color":"var(--ast-global-color-5)","background-image":"","background-repeat":"repeat","background-position":"center center","background-size":"auto","background-attachment":"scroll","background-type":"","background-media":"","overlay-type":"","overlay-color":"","overlay-opacity":"","overlay-gradient":""},"mobile":{"background-color":"var(--ast-global-color-5)","background-image":"","background-repeat":"repeat","background-position":"center center","background-size":"auto","background-attachment":"scroll","background-type":"","background-media":"","overlay-type":"","overlay-color":"","overlay-opacity":"","overlay-gradient":""}},"_joinchat":[],"footnotes":""},"categories":[24],"tags":[62,64,75,68,51,80,69,53,54,55],"class_list":["post-523","post","type-post","status-publish","format-standard","has-post-thumbnail","hentry","category-desbrozando","tag-alternativas","tag-derechas","tag-elecciones","tag-gobierno-de-aragon","tag-lamban","tag-nacho-escartin","tag-podemos-aragon","tag-politica-aragonesa","tag-psoe","tag-unidas-podemos"],"_links":{"self":[{"href":"https:\/\/nachoescartin.es\/an\/wp-json\/wp\/v2\/posts\/523","targetHints":{"allow":["GET"]}}],"collection":[{"href":"https:\/\/nachoescartin.es\/an\/wp-json\/wp\/v2\/posts"}],"about":[{"href":"https:\/\/nachoescartin.es\/an\/wp-json\/wp\/v2\/types\/post"}],"author":[{"embeddable":true,"href":"https:\/\/nachoescartin.es\/an\/wp-json\/wp\/v2\/users\/1"}],"replies":[{"embeddable":true,"href":"https:\/\/nachoescartin.es\/an\/wp-json\/wp\/v2\/comments?post=523"}],"version-history":[{"count":0,"href":"https:\/\/nachoescartin.es\/an\/wp-json\/wp\/v2\/posts\/523\/revisions"}],"wp:featuredmedia":[{"embeddable":true,"href":"https:\/\/nachoescartin.es\/an\/wp-json\/wp\/v2\/media\/524"}],"wp:attachment":[{"href":"https:\/\/nachoescartin.es\/an\/wp-json\/wp\/v2\/media?parent=523"}],"wp:term":[{"taxonomy":"category","embeddable":true,"href":"https:\/\/nachoescartin.es\/an\/wp-json\/wp\/v2\/categories?post=523"},{"taxonomy":"post_tag","embeddable":true,"href":"https:\/\/nachoescartin.es\/an\/wp-json\/wp\/v2\/tags?post=523"}],"curies":[{"name":"wp","href":"https:\/\/api.w.org\/{rel}","templated":true}]}}