{"id":505,"date":"2018-11-21T10:22:38","date_gmt":"2018-11-21T10:22:38","guid":{"rendered":"http:\/\/nachoescartin.es\/?p=505"},"modified":"2018-11-21T10:22:38","modified_gmt":"2018-11-21T10:22:38","slug":"16-anos-del-prestige-nunca-mais","status":"publish","type":"post","link":"https:\/\/nachoescartin.es\/an\/16-anos-del-prestige-nunca-mais\/","title":{"rendered":"16 A\u00f1os del Prestige: \u00a1Nunca Mais!"},"content":{"rendered":"<p style=\"text-align: justify;\">El Prestige fue un petrolero que se hundi\u00f3 ante las costas gallegas en noviembre de 2002 con 77.000 toneladas de fuel. Rajoy dec\u00eda que solo se sal\u00edan \u201cunos hilillos\u201d de petr\u00f3leo. \u00a1Qu\u00e9 sinverg\u00fcenza! Su gesti\u00f3n fue nefasta y la cat\u00e1strofe ecol\u00f3gica fue tremenda.<\/p>\n<p style=\"text-align: justify;\">Por entonces trabajaba de mensajero en bicicleta en La Veloz. Y un grupo de compa\u00f1eros decidimos, tras el trabajo, alquilar una furgoneta e ir a ayudar a Galiza. Conduje durante toda la noche y cuando llegamos a la Costa de Mux\u00eda nos encontramos escenas dantescas: voluntarios de todo el planeta a quienes no dejaban limpiar chapapote, materiales de Tragsa por todas partes y una respuesta popular, indignada, rabiosa y masiva, que nos anim\u00f3 a mezclarnos con todo tipo de personas.<\/p>\n<p style=\"text-align: justify;\">El Gobierno del PP estaba ocultando informaci\u00f3n y algunos jetas estaban haciendo negocio con la desgracia. Mucha gente buena y noble limpiaba playas, salvaba a animales, organizaba manifestaciones. Fueron unos d\u00edas muy intensos.<\/p>\n<p style=\"text-align: justify;\">Y, de vuelta, directos al trabajo, a seguir transformando nuestra realidad pedaleando nuestras bicicletas.<\/p>\n<p style=\"text-align: justify;\">No he encontrado fotos del grupo de personas que all\u00ed estuvimos. Todas ellas seguimos implicados en La Veloz, en la educaci\u00f3n social, en librer\u00edas y en pol\u00edtica. Incluso uno de ellos hoy es alcalde de su pueblo.<\/p>\n<p style=\"text-align: justify;\">Este collage de fotos resume lo que vimos en Galiza en esos d\u00edas que esperemos que no se repitan Nunca Mais.<\/p>\n<p style=\"text-align: justify;\">Cuidemos el planeta y organicemos nuestra sociedad para que nadie haga negocio con la cat\u00e1strofe.<\/p>","protected":false},"excerpt":{"rendered":"<p>El Prestige fue un petrolero que se hundi\u00f3 ante las costas gallegas en noviembre de 2002 con 77.000 toneladas de [&hellip;]<\/p>\n","protected":false},"author":1,"featured_media":507,"comment_status":"open","ping_status":"closed","sticky":false,"template":"","format":"standard","meta":{"site-sidebar-layout":"default","site-content-layout":"","ast-site-content-layout":"default","site-content-style":"default","site-sidebar-style":"default","ast-global-header-display":"","ast-banner-title-visibility":"","ast-main-header-display":"","ast-hfb-above-header-display":"","ast-hfb-below-header-display":"","ast-hfb-mobile-header-display":"","site-post-title":"","ast-breadcrumbs-content":"","ast-featured-img":"","footer-sml-layout":"","ast-disable-related-posts":"","theme-transparent-header-meta":"","adv-header-id-meta":"","stick-header-meta":"","header-above-stick-meta":"","header-main-stick-meta":"","header-below-stick-meta":"","astra-migrate-meta-layouts":"default","ast-page-background-enabled":"default","ast-page-background-meta":{"desktop":{"background-color":"","background-image":"","background-repeat":"repeat","background-position":"center center","background-size":"auto","background-attachment":"scroll","background-type":"","background-media":"","overlay-type":"","overlay-color":"","overlay-opacity":"","overlay-gradient":""},"tablet":{"background-color":"","background-image":"","background-repeat":"repeat","background-position":"center center","background-size":"auto","background-attachment":"scroll","background-type":"","background-media":"","overlay-type":"","overlay-color":"","overlay-opacity":"","overlay-gradient":""},"mobile":{"background-color":"","background-image":"","background-repeat":"repeat","background-position":"center center","background-size":"auto","background-attachment":"scroll","background-type":"","background-media":"","overlay-type":"","overlay-color":"","overlay-opacity":"","overlay-gradient":""}},"ast-content-background-meta":{"desktop":{"background-color":"var(--ast-global-color-5)","background-image":"","background-repeat":"repeat","background-position":"center center","background-size":"auto","background-attachment":"scroll","background-type":"","background-media":"","overlay-type":"","overlay-color":"","overlay-opacity":"","overlay-gradient":""},"tablet":{"background-color":"var(--ast-global-color-5)","background-image":"","background-repeat":"repeat","background-position":"center center","background-size":"auto","background-attachment":"scroll","background-type":"","background-media":"","overlay-type":"","overlay-color":"","overlay-opacity":"","overlay-gradient":""},"mobile":{"background-color":"var(--ast-global-color-5)","background-image":"","background-repeat":"repeat","background-position":"center center","background-size":"auto","background-attachment":"scroll","background-type":"","background-media":"","overlay-type":"","overlay-color":"","overlay-opacity":"","overlay-gradient":""}},"_joinchat":[],"footnotes":""},"categories":[24,25],"tags":[77,78,79,80,81,49,69,82,83],"class_list":["post-505","post","type-post","status-publish","format-standard","has-post-thumbnail","hentry","category-desbrozando","category-enredando","tag-16-aniversario-del-prestige","tag-chapapote","tag-cuidemos-el-planeta","tag-nacho-escartin","tag-nunca-mais","tag-podemos","tag-podemos-aragon","tag-prestige","tag-zasca-a-rajoy"],"_links":{"self":[{"href":"https:\/\/nachoescartin.es\/an\/wp-json\/wp\/v2\/posts\/505","targetHints":{"allow":["GET"]}}],"collection":[{"href":"https:\/\/nachoescartin.es\/an\/wp-json\/wp\/v2\/posts"}],"about":[{"href":"https:\/\/nachoescartin.es\/an\/wp-json\/wp\/v2\/types\/post"}],"author":[{"embeddable":true,"href":"https:\/\/nachoescartin.es\/an\/wp-json\/wp\/v2\/users\/1"}],"replies":[{"embeddable":true,"href":"https:\/\/nachoescartin.es\/an\/wp-json\/wp\/v2\/comments?post=505"}],"version-history":[{"count":0,"href":"https:\/\/nachoescartin.es\/an\/wp-json\/wp\/v2\/posts\/505\/revisions"}],"wp:featuredmedia":[{"embeddable":true,"href":"https:\/\/nachoescartin.es\/an\/wp-json\/wp\/v2\/media\/507"}],"wp:attachment":[{"href":"https:\/\/nachoescartin.es\/an\/wp-json\/wp\/v2\/media?parent=505"}],"wp:term":[{"taxonomy":"category","embeddable":true,"href":"https:\/\/nachoescartin.es\/an\/wp-json\/wp\/v2\/categories?post=505"},{"taxonomy":"post_tag","embeddable":true,"href":"https:\/\/nachoescartin.es\/an\/wp-json\/wp\/v2\/tags?post=505"}],"curies":[{"name":"wp","href":"https:\/\/api.w.org\/{rel}","templated":true}]}}