{"id":501,"date":"2018-11-21T07:55:45","date_gmt":"2018-11-21T07:55:45","guid":{"rendered":"http:\/\/nachoescartin.es\/?p=501"},"modified":"2018-11-21T07:55:45","modified_gmt":"2018-11-21T07:55:45","slug":"maru-diaz-nuestra-futura-presidenta-de-aragon","status":"publish","type":"post","link":"https:\/\/nachoescartin.es\/an\/maru-diaz-nuestra-futura-presidenta-de-aragon\/","title":{"rendered":"Maru D\u00edaz: nuestra futura Presidenta de Arag\u00f3n"},"content":{"rendered":"<p style=\"text-align: justify;\">En \u00abListas para Ganar Arag\u00f3n\u00bb sab\u00edamos que la persona que encabeza nuestra candidatura es importante. El trabajo en equipo es esencial y la persona que representa el proyecto tambi\u00e9n. Estoy muy contento de que hayamos elegido a Maru D\u00edaz de n\u00famero 1. Yo ya la veo de Presidenta del Gobierno de Arag\u00f3n en 2019. La imagino debatiendo con Lamb\u00e1n y Beamonte, l\u00edderes del PSOE y del PP, nos imagino recorriendo Arag\u00f3n con muchas paisanas\u00a0<span class=\"text_exposed_show\">y paisanos, recogiendo sus anhelos y esperanzas, sus reivindicaciones y protestas, y encontrando la manera de transformarlas en propuestas y realidades. Maru se cree lo que estamos haciendo, tiene pasi\u00f3n por lo que vive, es una trabajadora infatigable, sabe currar en equipo y se esfuerza para que en 2019 Podemos y todas las organizaciones y personas que confluyamos Unidas vamos a poner en marcha en el Gobierno de Arag\u00f3n y en las calles, las propuestas valientes e innovadoras que Arag\u00f3n necesita para la justicia social. Ah\u00ed estar\u00e9 a su lado y a tu lado, construyendo un Arag\u00f3n mejor.<\/span><\/p>\n<div class=\"text_exposed_show\">\n<p style=\"text-align: justify;\">En estas Primarias de Podemos Arag\u00f3n, he votado con tranquilidad a la candidatura completa de \u00abListas para Ganar Arag\u00f3n\u00bb.<br \/>\nY he votado con orgullo a Maru D\u00edaz como cabeza de lista.<\/p>\n<p style=\"text-align: justify;\">Vota t\u00fa tambi\u00e9n en:\u00a0<a href=\"https:\/\/participa.podemos.info\/\" target=\"_blank\" rel=\"noopener nofollow\" data-ft=\"{&quot;tn&quot;:&quot;-U&quot;}\" data-lynx-mode=\"async\" data-lynx-uri=\"https:\/\/l.facebook.com\/l.php?u=https%3A%2F%2Fparticipa.podemos.info%2F&amp;h=AT1U2lDdifbq6lmv-O8yX61NS5Ih3TRDWqBuvd0fRRS1ecd_jNdJEZ_HmEC9q8O20d4f4lXsvKO4Mf_ozsO3JxCAclb9f5d0JrEUi1GW9X38k1r8hrVGStOtDD5aeAjs9mOLvEbdUqIl72s5VC9zLahzzvIUycmH0uYg3qwJu2oO2fKTVls-4pJWUkO8jqTkIWO1aEMm9fKB_RbSzRJgGU_yvG321i_Aj5yNKFuzsex2GTtbgGEjGXV10GR4DGV9lMgMdMlEeIvQK9Nf_LO6ddtBmnEC44E0cmtsnr4WULPHTsgh8PxJfgqHykvIRfpK2U331nrYghNi00CV5l2_UEAf4tI4NREGl1m7dnMHEB0dA4fJ5GK0Nrv-V8NHCL1I701xVCEu4TZRhvvtQoGckzR1p5_4fCcPD0Jt5PKE0woSipbT241Z5tYCPeZv38BDal7AXUvc4kKOBLoJh1I-SENtN-x873P6kPyafm_Sp4MTD7UATGKavRREuPrCajIPgmJxRxl9YwoktBki8m4xDZ5vxaLK7R1agL-ZTmuDfu5D_3xhJqejh_FSHTAUyfPNwOZYTchDcmdQzubhSDeRO0hbliAi6xWJ5E2_SONZJeCiXTlTi5EqMH4cwUXX-qW1vgrEwDb8\">http:\/\/participa.podemos.info<\/a>\u00a0de aqu\u00ed al domingo.<\/p>\n<\/div>","protected":false},"excerpt":{"rendered":"<p>En \u00abListas para Ganar Arag\u00f3n\u00bb sab\u00edamos que la persona que encabeza nuestra candidatura es importante. El trabajo en equipo es [&hellip;]<\/p>\n","protected":false},"author":1,"featured_media":502,"comment_status":"open","ping_status":"closed","sticky":false,"template":"","format":"standard","meta":{"site-sidebar-layout":"default","site-content-layout":"","ast-site-content-layout":"default","site-content-style":"default","site-sidebar-style":"default","ast-global-header-display":"","ast-banner-title-visibility":"","ast-main-header-display":"","ast-hfb-above-header-display":"","ast-hfb-below-header-display":"","ast-hfb-mobile-header-display":"","site-post-title":"","ast-breadcrumbs-content":"","ast-featured-img":"","footer-sml-layout":"","ast-disable-related-posts":"","theme-transparent-header-meta":"","adv-header-id-meta":"","stick-header-meta":"","header-above-stick-meta":"","header-main-stick-meta":"","header-below-stick-meta":"","astra-migrate-meta-layouts":"default","ast-page-background-enabled":"default","ast-page-background-meta":{"desktop":{"background-color":"","background-image":"","background-repeat":"repeat","background-position":"center center","background-size":"auto","background-attachment":"scroll","background-type":"","background-media":"","overlay-type":"","overlay-color":"","overlay-opacity":"","overlay-gradient":""},"tablet":{"background-color":"","background-image":"","background-repeat":"repeat","background-position":"center center","background-size":"auto","background-attachment":"scroll","background-type":"","background-media":"","overlay-type":"","overlay-color":"","overlay-opacity":"","overlay-gradient":""},"mobile":{"background-color":"","background-image":"","background-repeat":"repeat","background-position":"center center","background-size":"auto","background-attachment":"scroll","background-type":"","background-media":"","overlay-type":"","overlay-color":"","overlay-opacity":"","overlay-gradient":""}},"ast-content-background-meta":{"desktop":{"background-color":"var(--ast-global-color-5)","background-image":"","background-repeat":"repeat","background-position":"center center","background-size":"auto","background-attachment":"scroll","background-type":"","background-media":"","overlay-type":"","overlay-color":"","overlay-opacity":"","overlay-gradient":""},"tablet":{"background-color":"var(--ast-global-color-5)","background-image":"","background-repeat":"repeat","background-position":"center center","background-size":"auto","background-attachment":"scroll","background-type":"","background-media":"","overlay-type":"","overlay-color":"","overlay-opacity":"","overlay-gradient":""},"mobile":{"background-color":"var(--ast-global-color-5)","background-image":"","background-repeat":"repeat","background-position":"center center","background-size":"auto","background-attachment":"scroll","background-type":"","background-media":"","overlay-type":"","overlay-color":"","overlay-opacity":"","overlay-gradient":""}},"_joinchat":[],"footnotes":""},"categories":[25,23],"tags":[28,75,68,76,49,69,70],"class_list":["post-501","post","type-post","status-publish","format-standard","has-post-thumbnail","hentry","category-enredando","category-sembrando","tag-aragon","tag-elecciones","tag-gobierno-de-aragon","tag-listas-para-ganar-aragon","tag-podemos","tag-podemos-aragon","tag-primarias"],"_links":{"self":[{"href":"https:\/\/nachoescartin.es\/an\/wp-json\/wp\/v2\/posts\/501","targetHints":{"allow":["GET"]}}],"collection":[{"href":"https:\/\/nachoescartin.es\/an\/wp-json\/wp\/v2\/posts"}],"about":[{"href":"https:\/\/nachoescartin.es\/an\/wp-json\/wp\/v2\/types\/post"}],"author":[{"embeddable":true,"href":"https:\/\/nachoescartin.es\/an\/wp-json\/wp\/v2\/users\/1"}],"replies":[{"embeddable":true,"href":"https:\/\/nachoescartin.es\/an\/wp-json\/wp\/v2\/comments?post=501"}],"version-history":[{"count":0,"href":"https:\/\/nachoescartin.es\/an\/wp-json\/wp\/v2\/posts\/501\/revisions"}],"wp:featuredmedia":[{"embeddable":true,"href":"https:\/\/nachoescartin.es\/an\/wp-json\/wp\/v2\/media\/502"}],"wp:attachment":[{"href":"https:\/\/nachoescartin.es\/an\/wp-json\/wp\/v2\/media?parent=501"}],"wp:term":[{"taxonomy":"category","embeddable":true,"href":"https:\/\/nachoescartin.es\/an\/wp-json\/wp\/v2\/categories?post=501"},{"taxonomy":"post_tag","embeddable":true,"href":"https:\/\/nachoescartin.es\/an\/wp-json\/wp\/v2\/tags?post=501"}],"curies":[{"name":"wp","href":"https:\/\/api.w.org\/{rel}","templated":true}]}}