{"id":490,"date":"2018-11-19T20:26:20","date_gmt":"2018-11-19T20:26:20","guid":{"rendered":"http:\/\/nachoescartin.es\/?p=490"},"modified":"2018-11-19T20:26:20","modified_gmt":"2018-11-19T20:26:20","slug":"listas-para-ganar-aragon","status":"publish","type":"post","link":"https:\/\/nachoescartin.es\/an\/listas-para-ganar-aragon\/","title":{"rendered":"Listas para Ganar Arag\u00f3n"},"content":{"rendered":"<p style=\"text-align: justify;\"><span style=\"font-weight: 400;\">Esta semana, del martes 20 al domingo 25 de noviembre, las personas inscritas en Podemos Arag\u00f3n elegimos a las candidatas que conformar\u00e1n nuestra lista a las Cortes de Arag\u00f3n. Esta semana pedimos tu voto para \u201cListas para Ganar Arag\u00f3n\u201d, con Maru D\u00edaz a la cabeza junto a 13 mujeres y 9 hombres preparados para liderar el futuro Gobierno de Arag\u00f3n en 2019. <\/span><\/p>\n<p style=\"text-align: justify;\"><span style=\"font-weight: 400;\">Yo soy una de ellas, en un equipo amplio, equilibrado y diverso que quiero poner en valor. La candidatura de \u201cListas para Ganar Arag\u00f3n\u201d la apoyamos 10 de los 14 diputados de Podemos en las Cortes de Arag\u00f3n, pero solo 6 de nosotros formamos parte de ella (Maru D\u00edaz, Marta de Santos, Andoni Corrales, Ra\u00fal Gay, Marta Prades y yo) porque de lo que se trataba era de conservar una parte importante de la experiencia parlamentaria con personas que en m\u00e1s de 3 a\u00f1os de legislatura nos hemos dejado la piel defendiendo la justicia social, los derechos, las libertades y las oportunidades para la mayor\u00eda de los aragoneses. <\/span><\/p>\n<p style=\"text-align: justify;\"><span style=\"font-weight: 400;\">En \u201cListas para Ganar Arag\u00f3n\u201d presentamos un conjunto hermoso de personas, en el que prima el trabajo colectivo, los liderazgos compartidos y el reparto de tareas. Con nosotras, un enorme grupo humano de todo Arag\u00f3n que conocen el territorio y la realidad aragonesa. De ellas, hemos seleccionado a 23, que vivimos en 14 municipios aragoneses: <\/span><span style=\"font-weight: 400;\">Murillo de G\u00e1llego, Lafortunada, La Puebla de Castro, Benasque, Echo, Fraga, Zaragoza, Talamantes, Tarazona, Pedrola, Nuez de Ebro, Calamocha, Andorra, Alca\u00f1iz y Teruel, de pueblos muy peque\u00f1os a grandes ciudades. <\/span><\/p>\n<p style=\"text-align: justify;\"><span style=\"font-weight: 400;\">Nuestra principal caracter\u00edstica es la solvencia y el conjunto de conocimientos en beneficio del bien com\u00fan. Adem\u00e1s de la experiencia parlamentaria en las Cortes, combinamos en \u201cListas para Cambiar Arag\u00f3n\u201d personas con experiencia pol\u00edtica, con otras de los movimientos sociales y con conocimientos vitales f\u00e9rtiles en una gesti\u00f3n de gobierno. Hay personas que conocen bien el \u00e1mbito municipal (alcaldesas, concejales y consejeros comarcales) otras, hasta 9, que llevan un a\u00f1o inmersas en abrir Podemos Arag\u00f3n en el Consejo Ciudadano Auton\u00f3mico. <\/span><\/p>\n<p style=\"text-align: justify;\"><span style=\"font-weight: 400;\">En \u201cListas para ganar Arag\u00f3n\u201d hay personas expertas en econom\u00eda y empleo como Yolanda Sancho (experta en nuevo modelo energ\u00e9tico), Andoni Corrales (sindicalista en SARGA), Vanesa Carbonell (abogada y orientadora laboral), Rodrigo Olmos (representante de los bomberos de ciudad de todo Arag\u00f3n), Charo Gim\u00e9nez (interina en el Gobierno de Arag\u00f3n), Juan Leyva (T<\/span><span style=\"font-weight: 400;\">\u00e9cnico Superior en Prevenci\u00f3n de Riesgos Laborales y <\/span><span style=\"font-weight: 400;\">sindicalista en el sector p\u00fablico), V\u00edctor Marco (trabajador en la industria del autom\u00f3vil), Maria \u00c1ngeles Manzano (mujer del carb\u00f3n y trabajadora de la hosteler\u00eda en Andorra) o Pilar Ruiz (aut\u00f3noma de la agroindustria con experiencia en la gerencia empresarial de maquinaria para la construcci\u00f3n).<\/span><\/p>\n<p style=\"text-align: justify;\"><span style=\"font-weight: 400;\">Hay personas trabajadoras en la Sanidad P\u00fablica: Marta Prades (auxiliar administrativa de la Sanidad P\u00fablica en Alca\u00f1iz) y Jos\u00e9 Carlos Torralba (m\u00e9dico intensivista en el Hospital de Teruel) y en la Educaci\u00f3n P\u00fablica: Marta de Santos (profesora de secundaria de Artes Pl\u00e1sticas), Rodrigo Olmos (maestro de Educaci\u00f3n F\u00edsica) o la maestra en la Ribagorza Feli Ben\u00edtez. <\/span><\/p>\n<p style=\"text-align: justify;\"><span style=\"font-weight: 400;\">Tambi\u00e9n contamos con expertas en derechos sociales reflejo de la diversidad de la sociedad aragonesa: Vanesa Carbonell (interculturalidad y derechos del pueblo gitano), Ra\u00fal Gay (discapacidad y vivienda), Mar\u00eda Goikoetxea (feminismos) o Gemma Sinu\u00e9s (mediadora en sordoceguera). <\/span><\/p>\n<p style=\"text-align: justify;\"><span style=\"font-weight: 400;\">Vivimos en pueblos y luchamos desde nuestra ra\u00edz por un mundo rural vivo, con personas como yo mismo (agricultor y ecologista social), Marta de Santos (experta en nueva cultura del agua), Andoni (bombero forestal), Charo Gim\u00e9nez (Licenciada en F\u00edsica y experta en conservaci\u00f3n del medio ambiente), Diego Bayona (licenciado en Ciencias Ambientales), Miriam Ferrer (Licenciada en Veterinaria y experta en el Gobierno de Arag\u00f3n en mujer rural), Carlos Cab\u00f3s (empresario y agricultor de la fruta) o Beatriz Bello (veterinaria rural en Echo y experta en trashumancia). <\/span><\/p>\n<p style=\"text-align: justify;\"><span style=\"font-weight: 400;\">El mundo de la cultura, el deporte, los medios de comunicaci\u00f3n p\u00fablicos o la memoria hist\u00f3rica tambi\u00e9n est\u00e1n bien representados en \u201cListas para Ganar Arag\u00f3n\u201d con Maru D\u00edaz (portavoz de Universidad), Margarita Barb\u00e1chano (escritora, periodista y promotora cultural), Mar\u00eda Goikoetxea (fot\u00f3grafa aut\u00f3noma y representante de Podemos Arag\u00f3n en el Consejo de la Radio y Televisi\u00f3n P\u00fablica Aragonesa) o Juan Leyva (reconocido poeta). <\/span><\/p>\n<p style=\"text-align: justify;\"><span style=\"font-weight: 400;\">Seguir\u00edamos con \u00e1mbitos jur\u00eddicos, de turismo o seguridad, pero no quiero extenderme m\u00e1s. En definitiva, en \u201cListas para Ganar Arag\u00f3n\u201d presentamos una candidatura muy equilibrada y consensuada en reuniones abiertas de trabajo en las que hemos intervenido m\u00e1s de cien personas.<\/span><\/p>\n<p style=\"text-align: justify;\"><span style=\"font-weight: 400;\">Para terminar, quiero destacar a Maru D\u00edaz, nuestra candidata. Maru ha sido nuestra portavoz de Podemos Arag\u00f3n durante toda la legislatura, en los buenos momentos y tambi\u00e9n en los regulares y en los malos. Siempre ha sido nuestra voz ante los medios y en el cara a cara ante cientos de colectivos de todo tipo. Maru es una trabajadora infatigable, en el trabajo visible y en el invisible. Una persona con quien da gusto trabajar en equipo, porque nos hace mejores aportando sus conocimientos en nuevas formas de adhesi\u00f3n pol\u00edtica, su visi\u00f3n como graduada en Filosof\u00eda por la Universidad de Zaragoza y su enorme capacidad de an\u00e1lisis pol\u00edtico. Una faceta que valoro much\u00edsimo y que la enriquece con su entusiasmo, ilusi\u00f3n y fuerza. Maru siempre ha afrontado retos important\u00edsimos en Podemos. Fue la primera Secretaria General de Podemos Zaragoza cuando esta herramienta empezaba a dar sus primeros pasos y hoy puede convertirse en nuestra candidata a Presidenta del pr\u00f3ximo Gobierno de Arag\u00f3n liderado por Podemos, en alianza con muchas m\u00e1s personas de IU, de Equo e independientes. <\/span><\/p>\n<p style=\"text-align: justify;\"><span style=\"font-weight: 400;\">Cuando supe que Maru estaba dispuesta y con ganas, no dud\u00e9 en dar un paso a un lado y que fuese ella nuestra n\u00famero 1. Juntas, vamos a dar lo mejor de nosotras mismas y estoy seguro de que recogeremos los frutos de tant\u00edsimas semillas ya plantadas. <\/span><\/p>\n<p style=\"text-align: justify;\"><span style=\"font-weight: 400;\">Antes de terminar, quiero mencionar a dos personas a las que tambi\u00e9n voy a votar y para las que pido vuestro voto, en este caso para la lista de Podemos a las elecciones europeas, que tambi\u00e9n tendr\u00e1n lugar en 2019. Una de ellas es aragonesa, Diana S\u00e1nchez, Historiadora del Arte y Ge\u00f3grafa, t\u00e9cnica en distintos proyectos de investigaci\u00f3n y actual asesora pol\u00edtica en la Diputaci\u00f3n de Zaragoza. Diana es firme defensora de un mundo rural vivo y queremos que defienda los intereses de nuestros pueblos en Bruselas. <\/span><\/p>\n<p style=\"text-align: justify;\"><span style=\"font-weight: 400;\">Fernando Fern\u00e1ndez vive m\u00e1s lejos, en un peque\u00f1o pueblo de Castilla y Le\u00f3n. Es otra persona s\u00faper preparada, en estudios y vivencias, emprendedor en un mundo rural vivo que conoce bien y por el que trabaja con ah\u00ednco. Fernando siempre ha ayudado a los agricultores, ganaderos y ecologistas aragoneses en distintos \u00e1mbitos: como asesor de nuestros diputados en el Congreso, en reuniones para una mejor Pol\u00edtica Agraria Com\u00fan o ayudando a los agricultores de Teruel para acabar con las discriminaciones que sufren. La voz de nuestros pueblos estar\u00e1 bien representada con Diana y Fernando en el Europarlamento.<\/span><\/p>\n<p style=\"text-align: justify;\"><span style=\"font-weight: 400;\">En estas Primarias de Podemos yo voy a votar a Diana S\u00e1nchez y a Fernando Fern\u00e1ndez en las elecciones europeas y a las 23 personas de \u201cListas para Ganar Arag\u00f3n\u201d de las Primarias de Podemos Arag\u00f3n, a Maru en cabeza y a las 22 personas del cuerpo de la lista, del 1 al 22, porque creo que es con quienes m\u00e1s lejos llegaremos y mejores resultados alcanzaremos. Te pido que t\u00fa hagas lo mismo y votes \u201cListas para Ganar Arag\u00f3n\u201d y difundas. \u00a1Muchas gracias!<\/span><\/p>\n<p><span style=\"font-weight: 400;\">Nacho Escart\u00edn Lasierra<\/span><\/p>","protected":false},"excerpt":{"rendered":"<p>Esta semana, del martes 20 al domingo 25 de noviembre, las personas inscritas en Podemos Arag\u00f3n elegimos a las candidatas [&hellip;]<\/p>\n","protected":false},"author":1,"featured_media":504,"comment_status":"open","ping_status":"closed","sticky":false,"template":"","format":"standard","meta":{"site-sidebar-layout":"default","site-content-layout":"","ast-site-content-layout":"default","site-content-style":"default","site-sidebar-style":"default","ast-global-header-display":"","ast-banner-title-visibility":"","ast-main-header-display":"","ast-hfb-above-header-display":"","ast-hfb-below-header-display":"","ast-hfb-mobile-header-display":"","site-post-title":"","ast-breadcrumbs-content":"","ast-featured-img":"","footer-sml-layout":"","ast-disable-related-posts":"","theme-transparent-header-meta":"","adv-header-id-meta":"","stick-header-meta":"","header-above-stick-meta":"","header-main-stick-meta":"","header-below-stick-meta":"","astra-migrate-meta-layouts":"default","ast-page-background-enabled":"default","ast-page-background-meta":{"desktop":{"background-color":"","background-image":"","background-repeat":"repeat","background-position":"center center","background-size":"auto","background-attachment":"scroll","background-type":"","background-media":"","overlay-type":"","overlay-color":"","overlay-opacity":"","overlay-gradient":""},"tablet":{"background-color":"","background-image":"","background-repeat":"repeat","background-position":"center center","background-size":"auto","background-attachment":"scroll","background-type":"","background-media":"","overlay-type":"","overlay-color":"","overlay-opacity":"","overlay-gradient":""},"mobile":{"background-color":"","background-image":"","background-repeat":"repeat","background-position":"center center","background-size":"auto","background-attachment":"scroll","background-type":"","background-media":"","overlay-type":"","overlay-color":"","overlay-opacity":"","overlay-gradient":""}},"ast-content-background-meta":{"desktop":{"background-color":"var(--ast-global-color-5)","background-image":"","background-repeat":"repeat","background-position":"center center","background-size":"auto","background-attachment":"scroll","background-type":"","background-media":"","overlay-type":"","overlay-color":"","overlay-opacity":"","overlay-gradient":""},"tablet":{"background-color":"var(--ast-global-color-5)","background-image":"","background-repeat":"repeat","background-position":"center center","background-size":"auto","background-attachment":"scroll","background-type":"","background-media":"","overlay-type":"","overlay-color":"","overlay-opacity":"","overlay-gradient":""},"mobile":{"background-color":"var(--ast-global-color-5)","background-image":"","background-repeat":"repeat","background-position":"center center","background-size":"auto","background-attachment":"scroll","background-type":"","background-media":"","overlay-type":"","overlay-color":"","overlay-opacity":"","overlay-gradient":""}},"_joinchat":[],"footnotes":""},"categories":[25,23],"tags":[28,75,68,76,49,69,70],"class_list":["post-490","post","type-post","status-publish","format-standard","has-post-thumbnail","hentry","category-enredando","category-sembrando","tag-aragon","tag-elecciones","tag-gobierno-de-aragon","tag-listas-para-ganar-aragon","tag-podemos","tag-podemos-aragon","tag-primarias"],"_links":{"self":[{"href":"https:\/\/nachoescartin.es\/an\/wp-json\/wp\/v2\/posts\/490","targetHints":{"allow":["GET"]}}],"collection":[{"href":"https:\/\/nachoescartin.es\/an\/wp-json\/wp\/v2\/posts"}],"about":[{"href":"https:\/\/nachoescartin.es\/an\/wp-json\/wp\/v2\/types\/post"}],"author":[{"embeddable":true,"href":"https:\/\/nachoescartin.es\/an\/wp-json\/wp\/v2\/users\/1"}],"replies":[{"embeddable":true,"href":"https:\/\/nachoescartin.es\/an\/wp-json\/wp\/v2\/comments?post=490"}],"version-history":[{"count":0,"href":"https:\/\/nachoescartin.es\/an\/wp-json\/wp\/v2\/posts\/490\/revisions"}],"wp:featuredmedia":[{"embeddable":true,"href":"https:\/\/nachoescartin.es\/an\/wp-json\/wp\/v2\/media\/504"}],"wp:attachment":[{"href":"https:\/\/nachoescartin.es\/an\/wp-json\/wp\/v2\/media?parent=490"}],"wp:term":[{"taxonomy":"category","embeddable":true,"href":"https:\/\/nachoescartin.es\/an\/wp-json\/wp\/v2\/categories?post=490"},{"taxonomy":"post_tag","embeddable":true,"href":"https:\/\/nachoescartin.es\/an\/wp-json\/wp\/v2\/tags?post=490"}],"curies":[{"name":"wp","href":"https:\/\/api.w.org\/{rel}","templated":true}]}}