{"id":474,"date":"2018-10-23T16:30:46","date_gmt":"2018-10-23T16:30:46","guid":{"rendered":"http:\/\/nachoescartin.es\/?p=474"},"modified":"2018-10-23T16:30:46","modified_gmt":"2018-10-23T16:30:46","slug":"este-finde-en-zaragoza-foro-de-cambio-climatico-y-la-transicion-energetica-en-aragon","status":"publish","type":"post","link":"https:\/\/nachoescartin.es\/an\/este-finde-en-zaragoza-foro-de-cambio-climatico-y-la-transicion-energetica-en-aragon\/","title":{"rendered":"Este finde en Zaragoza: Foro de Cambio Clim\u00e1tico y Transici\u00f3n Energ\u00e9tica en Arag\u00f3n"},"content":{"rendered":"<p style=\"text-align: justify;\">Podemos Arag\u00f3n estamos trabajando a fondo en una Ley aragonesa que haga frente al Cambio Clim\u00e1tico y promueva la necesaria Transici\u00f3n Energ\u00e9tica justa. Este fin de semana, viernes y s\u00e1bado, nos vemos en el Centro C\u00edvico Delicias, en un Foro en el que participan personas expertas en distintos campos: trabajo en Ayuntamientos, Gobiernos y parlamento europeo, gesti\u00f3n del agua, territorio, econom\u00eda y empleo o energ\u00eda. La entrada al Foro es libre y te animo con entusiasmo a que acudas y difundas.<\/p>\n<p style=\"text-align: justify;\">Esta iniciativa es una de las que me hacen sentirme profundamente orgulloso de formar parte de Podemos Arag\u00f3n, por afrontar con valent\u00eda el reto clim\u00e1tico, con propuestas que nos permitan vivir mejor en este nuevo escenario ambiental, dentro de las competencias que tenemos en Arag\u00f3n. Y por contar con personas expertas y asociaciones de todo tipo para incluir sus aportaciones en la ley que muy pronto registraremos en las Cortes de Arag\u00f3n.<\/p>\n<p style=\"text-align: justify;\">Programa completo en:<span style=\"color: #339966;\">\u00a0<strong><a style=\"color: #339966;\" href=\"https:\/\/aragon.podemos.info\/foro-del-cambio-climatico-transicion-energetica\/\" target=\"_blank\" rel=\"noopener\">Foro del Cambio Clim\u00e1tico y Transici\u00f3n Energ\u00e9tica<\/a><\/strong><\/span><\/p>\n<p style=\"text-align: justify;\">Yo tendr\u00e9 el gusto de presentar el Foro el viernes a las 18 horas. \u00a1All\u00ed nos vemos!<\/p>","protected":false},"excerpt":{"rendered":"<p>Podemos Arag\u00f3n estamos trabajando a fondo en una Ley aragonesa que haga frente al Cambio Clim\u00e1tico y promueva la necesaria [&hellip;]<\/p>\n","protected":false},"author":1,"featured_media":475,"comment_status":"open","ping_status":"closed","sticky":false,"template":"","format":"standard","meta":{"site-sidebar-layout":"default","site-content-layout":"","ast-site-content-layout":"default","site-content-style":"default","site-sidebar-style":"default","ast-global-header-display":"","ast-banner-title-visibility":"","ast-main-header-display":"","ast-hfb-above-header-display":"","ast-hfb-below-header-display":"","ast-hfb-mobile-header-display":"","site-post-title":"","ast-breadcrumbs-content":"","ast-featured-img":"","footer-sml-layout":"","ast-disable-related-posts":"","theme-transparent-header-meta":"","adv-header-id-meta":"","stick-header-meta":"","header-above-stick-meta":"","header-main-stick-meta":"","header-below-stick-meta":"","astra-migrate-meta-layouts":"default","ast-page-background-enabled":"default","ast-page-background-meta":{"desktop":{"background-color":"","background-image":"","background-repeat":"repeat","background-position":"center center","background-size":"auto","background-attachment":"scroll","background-type":"","background-media":"","overlay-type":"","overlay-color":"","overlay-opacity":"","overlay-gradient":""},"tablet":{"background-color":"","background-image":"","background-repeat":"repeat","background-position":"center center","background-size":"auto","background-attachment":"scroll","background-type":"","background-media":"","overlay-type":"","overlay-color":"","overlay-opacity":"","overlay-gradient":""},"mobile":{"background-color":"","background-image":"","background-repeat":"repeat","background-position":"center center","background-size":"auto","background-attachment":"scroll","background-type":"","background-media":"","overlay-type":"","overlay-color":"","overlay-opacity":"","overlay-gradient":""}},"ast-content-background-meta":{"desktop":{"background-color":"var(--ast-global-color-5)","background-image":"","background-repeat":"repeat","background-position":"center center","background-size":"auto","background-attachment":"scroll","background-type":"","background-media":"","overlay-type":"","overlay-color":"","overlay-opacity":"","overlay-gradient":""},"tablet":{"background-color":"var(--ast-global-color-5)","background-image":"","background-repeat":"repeat","background-position":"center center","background-size":"auto","background-attachment":"scroll","background-type":"","background-media":"","overlay-type":"","overlay-color":"","overlay-opacity":"","overlay-gradient":""},"mobile":{"background-color":"var(--ast-global-color-5)","background-image":"","background-repeat":"repeat","background-position":"center center","background-size":"auto","background-attachment":"scroll","background-type":"","background-media":"","overlay-type":"","overlay-color":"","overlay-opacity":"","overlay-gradient":""}},"_joinchat":[],"footnotes":""},"categories":[25,23],"tags":[28,71,72,73,69,74],"class_list":["post-474","post","type-post","status-publish","format-standard","has-post-thumbnail","hentry","category-enredando","category-sembrando","tag-aragon","tag-cambio-climatico","tag-energias-alternativas","tag-ley-de-cambio-climatico-aragonesa","tag-podemos-aragon","tag-propuestas"],"_links":{"self":[{"href":"https:\/\/nachoescartin.es\/an\/wp-json\/wp\/v2\/posts\/474","targetHints":{"allow":["GET"]}}],"collection":[{"href":"https:\/\/nachoescartin.es\/an\/wp-json\/wp\/v2\/posts"}],"about":[{"href":"https:\/\/nachoescartin.es\/an\/wp-json\/wp\/v2\/types\/post"}],"author":[{"embeddable":true,"href":"https:\/\/nachoescartin.es\/an\/wp-json\/wp\/v2\/users\/1"}],"replies":[{"embeddable":true,"href":"https:\/\/nachoescartin.es\/an\/wp-json\/wp\/v2\/comments?post=474"}],"version-history":[{"count":0,"href":"https:\/\/nachoescartin.es\/an\/wp-json\/wp\/v2\/posts\/474\/revisions"}],"wp:featuredmedia":[{"embeddable":true,"href":"https:\/\/nachoescartin.es\/an\/wp-json\/wp\/v2\/media\/475"}],"wp:attachment":[{"href":"https:\/\/nachoescartin.es\/an\/wp-json\/wp\/v2\/media?parent=474"}],"wp:term":[{"taxonomy":"category","embeddable":true,"href":"https:\/\/nachoescartin.es\/an\/wp-json\/wp\/v2\/categories?post=474"},{"taxonomy":"post_tag","embeddable":true,"href":"https:\/\/nachoescartin.es\/an\/wp-json\/wp\/v2\/tags?post=474"}],"curies":[{"name":"wp","href":"https:\/\/api.w.org\/{rel}","templated":true}]}}