{"id":468,"date":"2018-10-18T20:17:55","date_gmt":"2018-10-18T20:17:55","guid":{"rendered":"http:\/\/nachoescartin.es\/?p=468"},"modified":"2018-10-18T20:17:55","modified_gmt":"2018-10-18T20:17:55","slug":"ya-es-oficial-soy-candidato-de-podemos-aragon","status":"publish","type":"post","link":"https:\/\/nachoescartin.es\/an\/ya-es-oficial-soy-candidato-de-podemos-aragon\/","title":{"rendered":"\u00a1Ya es oficial, soy candidato de Podemos Arag\u00f3n!"},"content":{"rendered":"<p>Desde hace un rato son p\u00fablicas las candidaturas de las personas dispuestas a conformar la futura lista de Podemos que, en confluencia con m\u00e1s gente, IU y Equo, trabajaremos con rasmia para liderar el futuro Gobierno de Arag\u00f3n en 2019. \u00a1Y yo soy una de las personas candidatas! En este enlace os cuento mis motivaciones: <a href=\"https:\/\/primarias2019.podemos.info\/candidaturas\/nacho-escartin-lasierra\/\" rel=\"noopener\" target=\"_blank\">https:\/\/primarias2019.podemos.info\/candidaturas\/nacho-escartin-lasierra\/<\/a><\/p>\n<p>Ni que decir tiene, que mi candidatura no es individual, sino que forma parte de un gran equipo abierto a quien quiera colaborar en \u00e9l. El 12 de noviembre ser\u00e1 p\u00fablica nuestra lista, que elegiremos entre todas. Personalmente, me he inscrito como posible cabeza de lista o para ir en el cuerpo de la misma. En uno u otro espacio, lo dar\u00e9 todo, como sab\u00e9is. <\/p>\n<p>A mediados de noviembre elegiremos a nuestros mejores candidatos para las lista de Podemos para las Cortes de Arag\u00f3n. Os animo a entrar en la web y alparcear las biograf\u00edas de la gente. Alegra ver tanta buena chen que se ofrece para dar un paso importante en la pol\u00edtica activa. <\/p>\n<p>Las votaciones ser\u00e1n a mediados de noviembre. Cuantas m\u00e1s personas votemos, mucho mejor. Para votar, tienes que estar inscrito en Podemos antes del 10 de noviembre. Si a\u00fan no est\u00e1s puedes inscribirte aqu\u00ed: <a href=\"https:\/\/participa.podemos.info\/es.\" rel=\"noopener\" target=\"_blank\">https:\/\/participa.podemos.info\/es.<\/a> Recuerda que una vez inscrito, hay que subir el DNI: <a href=\"https:\/\/podemos.info\/identificate\/\" rel=\"noopener\" target=\"_blank\">https:\/\/podemos.info\/identificate\/<\/a>, condici\u00f3n imprescindible para votar en las Primarias.<\/p>\n<p>No lo dejes para ma\u00f1ana, tu voto cuenta y entre todas conformaremos la mejor lista que har\u00e1 que Podemos Arag\u00f3n lidere el futuro Gobierno de Arag\u00f3n en defensa de la justicia social.<\/p>","protected":false},"excerpt":{"rendered":"<p>Desde hace un rato son p\u00fablicas las candidaturas de las personas dispuestas a conformar la futura lista de Podemos que, [&hellip;]<\/p>\n","protected":false},"author":1,"featured_media":444,"comment_status":"open","ping_status":"closed","sticky":false,"template":"","format":"standard","meta":{"site-sidebar-layout":"default","site-content-layout":"","ast-site-content-layout":"default","site-content-style":"default","site-sidebar-style":"default","ast-global-header-display":"","ast-banner-title-visibility":"","ast-main-header-display":"","ast-hfb-above-header-display":"","ast-hfb-below-header-display":"","ast-hfb-mobile-header-display":"","site-post-title":"","ast-breadcrumbs-content":"","ast-featured-img":"","footer-sml-layout":"","ast-disable-related-posts":"","theme-transparent-header-meta":"","adv-header-id-meta":"","stick-header-meta":"","header-above-stick-meta":"","header-main-stick-meta":"","header-below-stick-meta":"","astra-migrate-meta-layouts":"default","ast-page-background-enabled":"default","ast-page-background-meta":{"desktop":{"background-color":"","background-image":"","background-repeat":"repeat","background-position":"center center","background-size":"auto","background-attachment":"scroll","background-type":"","background-media":"","overlay-type":"","overlay-color":"","overlay-opacity":"","overlay-gradient":""},"tablet":{"background-color":"","background-image":"","background-repeat":"repeat","background-position":"center center","background-size":"auto","background-attachment":"scroll","background-type":"","background-media":"","overlay-type":"","overlay-color":"","overlay-opacity":"","overlay-gradient":""},"mobile":{"background-color":"","background-image":"","background-repeat":"repeat","background-position":"center center","background-size":"auto","background-attachment":"scroll","background-type":"","background-media":"","overlay-type":"","overlay-color":"","overlay-opacity":"","overlay-gradient":""}},"ast-content-background-meta":{"desktop":{"background-color":"var(--ast-global-color-5)","background-image":"","background-repeat":"repeat","background-position":"center center","background-size":"auto","background-attachment":"scroll","background-type":"","background-media":"","overlay-type":"","overlay-color":"","overlay-opacity":"","overlay-gradient":""},"tablet":{"background-color":"var(--ast-global-color-5)","background-image":"","background-repeat":"repeat","background-position":"center center","background-size":"auto","background-attachment":"scroll","background-type":"","background-media":"","overlay-type":"","overlay-color":"","overlay-opacity":"","overlay-gradient":""},"mobile":{"background-color":"var(--ast-global-color-5)","background-image":"","background-repeat":"repeat","background-position":"center center","background-size":"auto","background-attachment":"scroll","background-type":"","background-media":"","overlay-type":"","overlay-color":"","overlay-opacity":"","overlay-gradient":""}},"_joinchat":[],"footnotes":""},"categories":[23],"tags":[28,68,49,69,70],"class_list":["post-468","post","type-post","status-publish","format-standard","has-post-thumbnail","hentry","category-sembrando","tag-aragon","tag-gobierno-de-aragon","tag-podemos","tag-podemos-aragon","tag-primarias"],"_links":{"self":[{"href":"https:\/\/nachoescartin.es\/an\/wp-json\/wp\/v2\/posts\/468","targetHints":{"allow":["GET"]}}],"collection":[{"href":"https:\/\/nachoescartin.es\/an\/wp-json\/wp\/v2\/posts"}],"about":[{"href":"https:\/\/nachoescartin.es\/an\/wp-json\/wp\/v2\/types\/post"}],"author":[{"embeddable":true,"href":"https:\/\/nachoescartin.es\/an\/wp-json\/wp\/v2\/users\/1"}],"replies":[{"embeddable":true,"href":"https:\/\/nachoescartin.es\/an\/wp-json\/wp\/v2\/comments?post=468"}],"version-history":[{"count":0,"href":"https:\/\/nachoescartin.es\/an\/wp-json\/wp\/v2\/posts\/468\/revisions"}],"wp:featuredmedia":[{"embeddable":true,"href":"https:\/\/nachoescartin.es\/an\/wp-json\/wp\/v2\/media\/444"}],"wp:attachment":[{"href":"https:\/\/nachoescartin.es\/an\/wp-json\/wp\/v2\/media?parent=468"}],"wp:term":[{"taxonomy":"category","embeddable":true,"href":"https:\/\/nachoescartin.es\/an\/wp-json\/wp\/v2\/categories?post=468"},{"taxonomy":"post_tag","embeddable":true,"href":"https:\/\/nachoescartin.es\/an\/wp-json\/wp\/v2\/tags?post=468"}],"curies":[{"name":"wp","href":"https:\/\/api.w.org\/{rel}","templated":true}]}}