{"id":457,"date":"2018-10-14T19:26:42","date_gmt":"2018-10-14T19:26:42","guid":{"rendered":"http:\/\/nachoescartin.es\/?p=457"},"modified":"2018-10-14T19:26:42","modified_gmt":"2018-10-14T19:26:42","slug":"que-bien-lo-hemos-pasado-en-las-fiestas-del-pilar","status":"publish","type":"post","link":"https:\/\/nachoescartin.es\/an\/que-bien-lo-hemos-pasado-en-las-fiestas-del-pilar\/","title":{"rendered":"\u00a1Qu\u00e9 bien lo hemos pasado en las Fiestas del Pilar!"},"content":{"rendered":"<p><img fetchpriority=\"high\" decoding=\"async\" src=\"https:\/\/nachoescartin.es\/wp-content\/uploads\/2018\/10\/15386470063637.jpg\" alt=\"\" width=\"668\" height=\"444\" class=\"aligncenter size-full wp-image-458\" srcset=\"https:\/\/nachoescartin.es\/wp-content\/uploads\/2018\/10\/15386470063637.jpg 668w, https:\/\/nachoescartin.es\/wp-content\/uploads\/2018\/10\/15386470063637-300x199.jpg 300w\" sizes=\"(max-width: 668px) 100vw, 668px\" \/>Ha sido una semana genial. De salir, de disfrutar, todo el d\u00eda en la calle, con familia y amigos, de aqu\u00ed y de fuera. Estupendos los teatros aragoneses de la Ferreter\u00eda Esteban, la comisar\u00eda de los Indigestos y los Pilares de los de Oreg\u00f3n TV, tardes enteras jugando en R\u00edo y Juego (que cada a\u00f1o nos deja con ganas de m\u00e1s), Parque de las Marionetas, tiovivos, magia, circo y t\u00edteres, conciertos en salas y en las plazas (Kase 0, Zebda, Nathy Peluso, Jane Birkin, colectivo Chicot\u00e9n con Ixo Rai!, Dr. Calypso,  Magnetophones, China Chana, Bufacalibos, O Zaguero Chilo\u2026),  barras solidarias en la Madalena, mucho trap (jeje), tapeo y cenas en puestos callejeros, tascas, bares y restaurantes.<\/p>\n<p>Unas fiestas llena de actividades gratuitas por todas partes, unas fiestas populares en el centro y en los barrios, en las que ha primado la convivencia y fraternidad en una ciudad cada vez m\u00e1s mestiza, abierta y amable, con respuestas feministas, reivindicaciones en much\u00edsimos escenarios y movilizaci\u00f3n antitaurina. Enhorabuena y gracias a artistas, t\u00e9cnicos, programadores, trabajadores, hosteleros, Ayuntamiento y p\u00fablico de aqu\u00ed y all\u00e1. <\/p>\n<p>Unas fiestas en las que hemos cargado las pilas y nos hemos llenado de energ\u00eda con vuestras risas, abrazos, bailes y besos. Un placer veros y a las que no\u2026 \u00a1hasta muy pronto!<\/p>\n<p>Decimos adi\u00f3s a estas fiestas\u2026 y hasta las pr\u00f3ximas. Entre tanto, \u00a1sigamos disfrutando de cada instante de nuestra vida!<\/p>","protected":false},"excerpt":{"rendered":"<p>Ha sido una semana genial. De salir, de disfrutar, todo el d\u00eda en la calle, con familia y amigos, de [&hellip;]<\/p>\n","protected":false},"author":1,"featured_media":458,"comment_status":"open","ping_status":"closed","sticky":false,"template":"","format":"standard","meta":{"site-sidebar-layout":"default","site-content-layout":"","ast-site-content-layout":"default","site-content-style":"default","site-sidebar-style":"default","ast-global-header-display":"","ast-banner-title-visibility":"","ast-main-header-display":"","ast-hfb-above-header-display":"","ast-hfb-below-header-display":"","ast-hfb-mobile-header-display":"","site-post-title":"","ast-breadcrumbs-content":"","ast-featured-img":"","footer-sml-layout":"","ast-disable-related-posts":"","theme-transparent-header-meta":"","adv-header-id-meta":"","stick-header-meta":"","header-above-stick-meta":"","header-main-stick-meta":"","header-below-stick-meta":"","astra-migrate-meta-layouts":"default","ast-page-background-enabled":"default","ast-page-background-meta":{"desktop":{"background-color":"","background-image":"","background-repeat":"repeat","background-position":"center center","background-size":"auto","background-attachment":"scroll","background-type":"","background-media":"","overlay-type":"","overlay-color":"","overlay-opacity":"","overlay-gradient":""},"tablet":{"background-color":"","background-image":"","background-repeat":"repeat","background-position":"center center","background-size":"auto","background-attachment":"scroll","background-type":"","background-media":"","overlay-type":"","overlay-color":"","overlay-opacity":"","overlay-gradient":""},"mobile":{"background-color":"","background-image":"","background-repeat":"repeat","background-position":"center center","background-size":"auto","background-attachment":"scroll","background-type":"","background-media":"","overlay-type":"","overlay-color":"","overlay-opacity":"","overlay-gradient":""}},"ast-content-background-meta":{"desktop":{"background-color":"var(--ast-global-color-5)","background-image":"","background-repeat":"repeat","background-position":"center center","background-size":"auto","background-attachment":"scroll","background-type":"","background-media":"","overlay-type":"","overlay-color":"","overlay-opacity":"","overlay-gradient":""},"tablet":{"background-color":"var(--ast-global-color-5)","background-image":"","background-repeat":"repeat","background-position":"center center","background-size":"auto","background-attachment":"scroll","background-type":"","background-media":"","overlay-type":"","overlay-color":"","overlay-opacity":"","overlay-gradient":""},"mobile":{"background-color":"var(--ast-global-color-5)","background-image":"","background-repeat":"repeat","background-position":"center center","background-size":"auto","background-attachment":"scroll","background-type":"","background-media":"","overlay-type":"","overlay-color":"","overlay-opacity":"","overlay-gradient":""}},"_joinchat":[],"footnotes":""},"categories":[25],"tags":[28,39,57,59,38],"class_list":["post-457","post","type-post","status-publish","format-standard","has-post-thumbnail","hentry","category-enredando","tag-aragon","tag-cultura","tag-fiestas","tag-pilares","tag-zaragoza"],"_links":{"self":[{"href":"https:\/\/nachoescartin.es\/an\/wp-json\/wp\/v2\/posts\/457","targetHints":{"allow":["GET"]}}],"collection":[{"href":"https:\/\/nachoescartin.es\/an\/wp-json\/wp\/v2\/posts"}],"about":[{"href":"https:\/\/nachoescartin.es\/an\/wp-json\/wp\/v2\/types\/post"}],"author":[{"embeddable":true,"href":"https:\/\/nachoescartin.es\/an\/wp-json\/wp\/v2\/users\/1"}],"replies":[{"embeddable":true,"href":"https:\/\/nachoescartin.es\/an\/wp-json\/wp\/v2\/comments?post=457"}],"version-history":[{"count":0,"href":"https:\/\/nachoescartin.es\/an\/wp-json\/wp\/v2\/posts\/457\/revisions"}],"wp:featuredmedia":[{"embeddable":true,"href":"https:\/\/nachoescartin.es\/an\/wp-json\/wp\/v2\/media\/458"}],"wp:attachment":[{"href":"https:\/\/nachoescartin.es\/an\/wp-json\/wp\/v2\/media?parent=457"}],"wp:term":[{"taxonomy":"category","embeddable":true,"href":"https:\/\/nachoescartin.es\/an\/wp-json\/wp\/v2\/categories?post=457"},{"taxonomy":"post_tag","embeddable":true,"href":"https:\/\/nachoescartin.es\/an\/wp-json\/wp\/v2\/tags?post=457"}],"curies":[{"name":"wp","href":"https:\/\/api.w.org\/{rel}","templated":true}]}}